{"id":71166,"date":"2015-11-28T12:48:34","date_gmt":"2015-11-28T11:48:34","guid":{"rendered":"http:\/\/gazdasagportal.hu\/?p=71166"},"modified":"2015-11-28T12:48:34","modified_gmt":"2015-11-28T11:48:34","slug":"parizsi-klimacsucs-donteni-kell-a-felmelegedes-korlatozasarol-a-terhek-elosztasarol","status":"publish","type":"post","link":"https:\/\/gazdasagportal.hu\/index.php\/parizsi-klimacsucs-donteni-kell-a-felmelegedes-korlatozasarol-a-terhek-elosztasarol\/","title":{"rendered":"P\u00e1rizsi kl\u00edmacs\u00facs &#8211; D\u00f6nteni kell a felmeleged\u00e9s korl\u00e1toz\u00e1s\u00e1r\u00f3l, a terhek eloszt\u00e1s\u00e1r\u00f3l"},"content":{"rendered":"<p><strong>A F\u00f6ld h\u0151m\u00e9rs\u00e9klet-emelked\u00e9s\u00e9nek korl\u00e1toz\u00e1sa, a terhek nemzetek k\u00f6zti eloszt\u00e1sa, a kit\u0171z\u00f6tt c\u00e9lok finansz\u00edroz\u00e1sa mind olyan k\u00e9rd\u00e9sek \u00e9s t\u00e9m\u00e1k, amelyek a november 30-\u00e1n kezd\u0151d\u0151 p\u00e1rizsi kl\u00edmakonferenci\u00e1n megvitat\u00e1sra v\u00e1rnak.<br \/>\n<\/strong><!--more--><\/p>\n<div class=\"ads-in-post1\"><div id=\"gazdasagportal.hu_fullbanner_wideboard\"><\/div>\r\n<\/div>\n    A francia f\u0151v\u00e1rosban h\u00e9tf\u0151n kezd\u0151d\u0151, k\u00e9t h\u00e9ten \u00e1t tart\u00f3 ENSZ-kl\u00edmacs\u00facs c\u00e9lja, hogy az orsz\u00e1gok most el\u0151sz\u00f6r glob\u00e1lis kl\u00edmav\u00e9delmi egyezm\u00e9nyt \u00edrjanak al\u00e1. Az egyezm\u00e9ny a 2020-ban lej\u00e1r\u00f3 kiot\u00f3i meg\u00e1llapod\u00e1st v\u00e1ltan\u00e1 fel.<br \/>\n     Az egyik legfontosabb t\u00e9ma a felmeleged\u00e9s m\u00e9rt\u00e9k\u00e9nek maximaliz\u00e1l\u00e1sa. A kis sziget\u00e1llamok, melyeket legink\u00e1bb fenyeget a tengerszint emelked\u00e9se, \u00faj k\u00f6telezetts\u00e9gv\u00e1llal\u00e1si alap megteremt\u00e9s\u00e9t akarj\u00e1k. Elk\u00e9pzel\u00e9s\u00fck szerint a F\u00f6ld h\u0151m\u00e9rs\u00e9klete 2100-ig nem emelkedhet 1,5 Celsius-fokn\u00e1l t\u00f6bbel az iparosod\u00e1s el\u0151tti id\u0151szakhoz k\u00e9pest. Ez el\u00e9g nagyrav\u00e1gy\u00f3 c\u00e9l lenne, hiszen a 2009-es koppenh\u00e1gai kl\u00edmakonferenci\u00e1n a r\u00e9sztvev\u0151k m\u00e9g csup\u00e1n &#8222;tudom\u00e1sul vett\u00e9k&#8221;, hogy a F\u00f6ld h\u0151m\u00e9rs\u00e9klete legfeljebb k\u00e9t Celsius-fokkal emelkedhet.<br \/>\n    Ha az orsz\u00e1gok az \u00fcvegh\u00e1zhat\u00e1s\u00fa g\u00e1zok kibocs\u00e1t\u00e1s\u00e1t olyan nagy m\u00e9rt\u00e9kben cs\u00f6kkentik is, mint ahogyan az a konferencia el\u0151tt bejelentett nemzeti kl\u00edmac\u00e9ljaikban szerepel, az ENSZ adatai szerint a bolyg\u00f3 f\u0151m\u00e9rs\u00e9klete akkor is 2,7 Celsius-fokkal emelkedik. Az Egyes\u00fclt Nemzetek K\u00f6rnyezetv\u00e9delmi Programja (UNEP) pedig egy 3-3,5 Celsius-fokos h\u0151m\u00e9rs\u00e9klet-emelked\u00e9st vesz alapul. A F\u00f6ld 1850 \u00f3ta m\u00e1r 0,8 Celsius-fokot melegedett.<br \/>\n    A konferencia egyik legvit\u00e1sabb k\u00e9rd\u00e9se a terhek eloszl\u00e1sa lehet. T\u00f6rt\u00e9nelmi szempontb\u00f3l n\u00e9zve ugyanis els\u0151sorban az ipari \u00e1llamok pump\u00e1lt\u00e1k a legt\u00f6bb, l\u00e9gk\u00f6rt k\u00e1ros\u00edt\u00f3 g\u00e1zt a leveg\u0151be, de egy ideje m\u00e1r a gyorsan fejl\u0151d\u0151 orsz\u00e1gok &#8211; India \u00e9s K\u00edna &#8211; is jelent\u0151s szerepet j\u00e1tszanak a h\u0151m\u00e9rs\u00e9klet emelked\u00e9s\u00e9ben. Ezek a nemzetek azonban arra hivatkoznak, hogy nekik is jogukban \u00e1ll felz\u00e1rk\u00f3zni a gazdag orsz\u00e1gokhoz.<br \/>\n    T\u00e1rgyalni kell azt a k\u00e9rd\u00e9st is, hogy vajon a vil\u00e1g gazdas\u00e1g\u00e1nak az \u00e9vsz\u00e1zad v\u00e9g\u00e9ig sz\u00e9ndioxid-kibocs\u00e1t\u00e1s n\u00e9lk\u00fcl kell-e teljes\u00edtenie, mint ahogyan azt a G7-orsz\u00e1gok javasolj\u00e1k, vagy a kibocs\u00e1t\u00e1s maxim\u00e1lis m\u00e9rt\u00e9k\u00e9nek el\u00e9r\u00e9se ut\u00e1n kellene cs\u00f6kkenteni azt.<br \/>\n    A konferenci\u00e1n r\u00e9sztvev\u0151 195 orsz\u00e1g mindegyike megfogalmazza saj\u00e1t, nemzeti kl\u00edmac\u00e9ljait. A p\u00e1rizsi cs\u00facs c\u00e9lja, hogy a j\u00f6v\u0151ben ezek a nemzetek rendszeresen \u00e9s alaposan besz\u00e1moljanak a kibocs\u00e1t\u00e1suk m\u00e9rt\u00e9k\u00e9r\u0151l \u00e9s idomuljanak a glob\u00e1lis c\u00e9lokhoz.<br \/>\n    A terhek eloszl\u00e1sa mellett a finansz\u00edroz\u00e1s k\u00e9rd\u00e9se lehet az egyik legvit\u00e1sabb k\u00e9rd\u00e9s. Sok szeg\u00e9nyebb orsz\u00e1g nagyrat\u00f6r\u0151 kl\u00edmac\u00e9lokat t\u0171z\u00f6tt ki, ugyanakkor jelezt\u00e9k, hogy megval\u00f3s\u00edt\u00e1sukhoz az ipari orsz\u00e1gok anyagi t\u00e1mogat\u00e1s\u00e1ra van sz\u00fcks\u00e9g\u00fck.<br \/>\n    Az ipari orsz\u00e1gok \u00e9vekkel ezel\u0151tt meg\u00edg\u00e9rt\u00e9k, hogy 2020-t\u00f3l a fejl\u0151d\u0151 orsz\u00e1gok \u00e9vente 100 milli\u00e1rd doll\u00e1rt kapnak, amivel az a sz\u00e1nd\u00e9kuk, hogy seg\u00edts\u00e9k a meg\u00fajul\u00f3 energi\u00e1k kialak\u00edt\u00e1s\u00e1t \u00e9s a h\u0151m\u00e9rs\u00e9klet-emelked\u00e9ssel j\u00e1r\u00f3 k\u00f6vetkezm\u00e9nyek kezel\u00e9s\u00e9t. Az \u00f6sszeg m\u00e9g nincs meg, \u00e9s az orsz\u00e1gok arr\u00f3l is vit\u00e1znak, pontosan mi tartozik a finansz\u00edrozott \u00fcgyek k\u00f6z\u00e9. Az ipari orsz\u00e1gok r\u00e1ad\u00e1sul ragaszkodnak ahhoz, hogy a p\u00e9nz \u00e1llami \u00e9s priv\u00e1t befektet\u00e9sek elegye legyen, mik\u00f6zben egy sor fejl\u0151d\u0151 orsz\u00e1g szerint a teljes \u00f6sszegnek \u00e1llami p\u00e9nzb\u0151l kell sz\u00e1rmaznia.<br \/>\n    A k\u00f6telezetts\u00e9g k\u00e9rd\u00e9s\u00e9r\u0151l sz\u00f3l\u00f3 vita m\u00e1r november elej\u00e9n elkezd\u0151d\u00f6tt, amikor John Kerry amerikai k\u00fcl\u00fcgyminiszter a Financial Timesnak adott interj\u00faj\u00e1ban elmondta, az Egyes\u00fclt \u00c1llamok nem \u00edr al\u00e1 olyan jogi k\u00f6telezetts\u00e9ggel j\u00e1r\u00f3 kl\u00edmaegyezm\u00e9nyt, mint amilyen az 1997-es Kiot\u00f3i egyezm\u00e9ny volt. Franciaorsz\u00e1g szerint ugyanakkor az egyezm\u00e9nynek k\u00f6telez\u0151 \u00e9rv\u00e9ny\u0171nek kell lennie.(MTI)<\/p>\n","protected":false},"excerpt":{"rendered":"<p>A F\u00f6ld h\u0151m\u00e9rs\u00e9klet-emelked\u00e9s\u00e9nek korl\u00e1toz\u00e1sa, a terhek nemzetek k\u00f6zti eloszt\u00e1sa, a kit\u0171z\u00f6tt c\u00e9lok finansz\u00edroz\u00e1sa mind olyan k\u00e9rd\u00e9sek \u00e9s t\u00e9m\u00e1k, amelyek a november 30-\u00e1n kezd\u0151d\u0151 p\u00e1rizsi kl\u00edmakonferenci\u00e1n megvitat\u00e1sra v\u00e1rnak.<\/p>\n","protected":false},"author":1,"featured_media":0,"comment_status":"open","ping_status":"closed","sticky":false,"template":"","format":"standard","meta":[],"categories":[246],"tags":[],"_links":{"self":[{"href":"https:\/\/gazdasagportal.hu\/index.php\/wp-json\/wp\/v2\/posts\/71166"}],"collection":[{"href":"https:\/\/gazdasagportal.hu\/index.php\/wp-json\/wp\/v2\/posts"}],"about":[{"href":"https:\/\/gazdasagportal.hu\/index.php\/wp-json\/wp\/v2\/types\/post"}],"author":[{"embeddable":true,"href":"https:\/\/gazdasagportal.hu\/index.php\/wp-json\/wp\/v2\/users\/1"}],"replies":[{"embeddable":true,"href":"https:\/\/gazdasagportal.hu\/index.php\/wp-json\/wp\/v2\/comments?post=71166"}],"version-history":[{"count":1,"href":"https:\/\/gazdasagportal.hu\/index.php\/wp-json\/wp\/v2\/posts\/71166\/revisions"}],"predecessor-version":[{"id":71167,"href":"https:\/\/gazdasagportal.hu\/index.php\/wp-json\/wp\/v2\/posts\/71166\/revisions\/71167"}],"wp:attachment":[{"href":"https:\/\/gazdasagportal.hu\/index.php\/wp-json\/wp\/v2\/media?parent=71166"}],"wp:term":[{"taxonomy":"category","embeddable":true,"href":"https:\/\/gazdasagportal.hu\/index.php\/wp-json\/wp\/v2\/categories?post=71166"},{"taxonomy":"post_tag","embeddable":true,"href":"https:\/\/gazdasagportal.hu\/index.php\/wp-json\/wp\/v2\/tags?post=71166"}],"curies":[{"name":"wp","href":"https:\/\/api.w.org\/{rel}","templated":true}]}}