{"id":71164,"date":"2015-11-28T09:36:58","date_gmt":"2015-11-28T08:36:58","guid":{"rendered":"http:\/\/gazdasagportal.hu\/?p=71164"},"modified":"2015-11-28T09:36:58","modified_gmt":"2015-11-28T08:36:58","slug":"elfogtak-a-colorado-springs-i-fegyveres-tamadot","status":"publish","type":"post","link":"https:\/\/gazdasagportal.hu\/index.php\/elfogtak-a-colorado-springs-i-fegyveres-tamadot\/","title":{"rendered":"Elfogt\u00e1k a Colorado Springs-i fegyveres t\u00e1mad\u00f3t"},"content":{"rendered":"<p><strong>T\u00f6bb mint \u00f6t\u00f3r\u00e1s szemben\u00e1ll\u00e1s \u00e9s t\u00f6bbsz\u00f6r ki\u00fajult l\u00f6v\u00f6ld\u00f6z\u00e9s ut\u00e1n a rend\u0151rs\u00e9g elfogta azt a fegyveres f\u00e9rfit, aki p\u00e9nteken behatolt egy Colorado Springs-i eg\u00e9szs\u00e9g\u00fcgyi int\u00e9zm\u00e9nybe \u00e9s t\u00f6bb emberre r\u00e1l\u0151tt.<\/strong><!--more--><\/p>\n<div class=\"ads-in-post1\"><div id=\"gazdasagportal.hu_fullbanner_wideboard\"><\/div>\r\n<\/div>\n<p>    P\u00e9ntek esti hivatalos k\u00f6zl\u00e9s szerint az incidensben egy 44 \u00e9ves rend\u0151r \u00e9s k\u00e9t civil \u00e9let\u00e9t vesztette. 11 embert, k\u00f6zt\u00fck \u00f6t rend\u0151rt \u00e9s hat civilt k\u00f3rh\u00e1zban kezelnek.<br \/>\n    A rend\u0151rs\u00e9g szerint a t\u00e1mad\u00e1s &#8211; amelynek ind\u00edt\u00e9k\u00e1t egyel\u0151re nem k\u00f6z\u00f6lt\u00e9k &#8211; gyan\u00fas\u00edtottja az 59 \u00e9ves Robert Lewis Dear.<br \/>\n    A helyi rend\u0151rs\u00e9g sz\u00f3viv\u0151je szerint a gyan\u00fas\u00edtott &#8222;t\u00e1rgyakat&#8221; &#8211; sajt\u00f3\u00e9rtes\u00fcl\u00e9sek szerint egyebek k\u00f6z\u00f6tt g\u00e1zpalackokat &#8211; vitt be az \u00e9p\u00fcletbe, amelyekr\u0151l a t\u0171zszer\u00e9szeknek m\u00e9g meg kell \u00e1llap\u00edtaniuk, hogy robban\u00f3szerkezetek-e.<br \/>\n    Buckley kit\u00e9rt a k\u00e9rd\u00e9s el\u0151l, hogy a fegyveres szedett-e t\u00faszokat, csak annyit mondott, hogy az \u00e9p\u00fcletb\u0151l embereket menek\u00edtettek ki, a telev\u00edzi\u00f3s felv\u00e9telek tan\u00fas\u00e1ga szerint a m\u0171veletet kommand\u00f3sok \u00e9s p\u00e1nc\u00e9lozott rend\u0151rs\u00e9gi j\u00e1rm\u0171vek biztos\u00edtott\u00e1k. Deart az \u00e9p\u00fcletbe bejutott rend\u0151r\u00f6k besz\u00e9lt\u00e9k r\u00e1 a megad\u00e1sra.<br \/>\n    A sz\u00f3viv\u0151 szerint korai m\u00e9g arr\u00f3l nyilatkozni, hogy az incidens \u00f6sszef\u00fcgg\u00e9sben \u00e1llt-e a Planned Parenthood szervezet tev\u00e9kenys\u00e9g\u00e9vel, amelynek a helyi \u00e9p\u00fclet\u00e9be hatolt be az elk\u00f6vet\u0151.<br \/>\n    A Planned Parenthood egyebek k\u00f6z\u00f6tt n\u0151gy\u00f3gy\u00e1szati ell\u00e1t\u00e1st biztos\u00edt\u00f3 \u00e9s abortuszokat is v\u00e9grehajt\u00f3 nonprofit szervezet. Vezet\u0151it t\u00f6bb &#8211; vitatott hiteless\u00e9g\u0171 &#8211; rejtett videofelv\u00e9tel alapj\u00e1n magzati szervkereskedelemmel v\u00e1dolt\u00e1k meg, mert orvosi kutat\u00e1sra felhaszn\u00e1lhat\u00f3 embri\u00f3sz\u00f6vet elad\u00e1s\u00e1r\u00f3l t\u00e1rgyaltak.<br \/>\n    A fegyveres szemben\u00e1ll\u00e1s helysz\u00edn\u00e9re kisz\u00e1lltak az Egyes\u00fclt \u00c1llamok Alkohol-, Doh\u00e1ny-, L\u0151fegyver- \u00e9s Robban\u00f3anyag-\u00fcgyi Irod\u00e1ja (ATF) \u00e9s a Sz\u00f6vets\u00e9gi Nyomoz\u00f3 Iroda (FBI) \u00fcgyn\u00f6kei is. A Colorado Springs-i helyzetr\u0151l Barack Obama eln\u00f6k\u00f6t Lisa Monaco belbiztons\u00e1gi tan\u00e1csad\u00f3 t\u00e1j\u00e9koztatta.<br \/>\n    Az amerikai Nemzeti Abortusz Sz\u00f6vets\u00e9g \u00f6sszes\u00edt\u00e9se szerint 1977 \u00f3ta az Egyes\u00fclt \u00c1llamokban terhess\u00e9gmegszak\u00edt\u00e1st v\u00e9gz\u0151 klinik\u00e1k nyolc alkalmazottj\u00e1t \u00f6lt\u00e9k meg \u00e9s 17 ellen k\u00eds\u00e9reltek meg gyilkoss\u00e1got. Ilyen int\u00e9zm\u00e9nyek elleni bombat\u00e1mad\u00e1st 42, gy\u00fajtogat\u00e1st 182 alkalommal jegyeztek fel. Egyel\u0151re nem k\u00f6z\u00f6lt\u00e9k, hogy Dear ind\u00edt\u00e9ka \u00f6sszef\u00fcgg\u00e9sben \u00e1llt-e az abortusz k\u00e9rd\u00e9s\u00e9vel.<br \/>\n    &#8222;M\u00e9g nem tudjuk, hogy a Planned Parenthood volt-e a c\u00e9lpont&#8221; &#8211; nyilatkozott az CNN-nek egy, a neve elhallgat\u00e1s\u00e1t k\u00e9r\u0151 hivatalnok.(MTI)<\/p>\n","protected":false},"excerpt":{"rendered":"<p>T\u00f6bb mint \u00f6t\u00f3r\u00e1s szemben\u00e1ll\u00e1s \u00e9s t\u00f6bbsz\u00f6r ki\u00fajult l\u00f6v\u00f6ld\u00f6z\u00e9s ut\u00e1n a rend\u0151rs\u00e9g elfogta azt a fegyveres f\u00e9rfit, aki p\u00e9nteken behatolt egy Colorado Springs-i eg\u00e9szs\u00e9g\u00fcgyi int\u00e9zm\u00e9nybe \u00e9s t\u00f6bb emberre r\u00e1l\u0151tt.<\/p>\n","protected":false},"author":1,"featured_media":0,"comment_status":"open","ping_status":"closed","sticky":false,"template":"","format":"standard","meta":[],"categories":[13],"tags":[],"_links":{"self":[{"href":"https:\/\/gazdasagportal.hu\/index.php\/wp-json\/wp\/v2\/posts\/71164"}],"collection":[{"href":"https:\/\/gazdasagportal.hu\/index.php\/wp-json\/wp\/v2\/posts"}],"about":[{"href":"https:\/\/gazdasagportal.hu\/index.php\/wp-json\/wp\/v2\/types\/post"}],"author":[{"embeddable":true,"href":"https:\/\/gazdasagportal.hu\/index.php\/wp-json\/wp\/v2\/users\/1"}],"replies":[{"embeddable":true,"href":"https:\/\/gazdasagportal.hu\/index.php\/wp-json\/wp\/v2\/comments?post=71164"}],"version-history":[{"count":1,"href":"https:\/\/gazdasagportal.hu\/index.php\/wp-json\/wp\/v2\/posts\/71164\/revisions"}],"predecessor-version":[{"id":71165,"href":"https:\/\/gazdasagportal.hu\/index.php\/wp-json\/wp\/v2\/posts\/71164\/revisions\/71165"}],"wp:attachment":[{"href":"https:\/\/gazdasagportal.hu\/index.php\/wp-json\/wp\/v2\/media?parent=71164"}],"wp:term":[{"taxonomy":"category","embeddable":true,"href":"https:\/\/gazdasagportal.hu\/index.php\/wp-json\/wp\/v2\/categories?post=71164"},{"taxonomy":"post_tag","embeddable":true,"href":"https:\/\/gazdasagportal.hu\/index.php\/wp-json\/wp\/v2\/tags?post=71164"}],"curies":[{"name":"wp","href":"https:\/\/api.w.org\/{rel}","templated":true}]}}