{"id":71160,"date":"2015-11-28T04:42:15","date_gmt":"2015-11-28T03:42:15","guid":{"rendered":"http:\/\/gazdasagportal.hu\/?p=71160"},"modified":"2015-11-27T22:07:36","modified_gmt":"2015-11-27T21:07:36","slug":"oroszorszag-szarazfoldi-csapatokat-vetett-be-sziriaban","status":"publish","type":"post","link":"https:\/\/gazdasagportal.hu\/index.php\/oroszorszag-szarazfoldi-csapatokat-vetett-be-sziriaban\/","title":{"rendered":"Oroszorsz\u00e1g sz\u00e1razf\u00f6ldi csapatokat vetett be Sz\u00edri\u00e1ban"},"content":{"rendered":"<p><strong>A moszkvai vezet\u00e9s \u00e1ll\u00edt\u00e1saival szemben orosz sz\u00e1razf\u00f6ldi csapatok is harcolnak Sz\u00edri\u00e1ban, \u00e9s vesztes\u00e9geket is elszenvedtek m\u00e1r &#8211; \u00edrta a Der Spiegel.<\/strong><!--more--><\/p>\n<div class=\"ads-in-post1\"><div id=\"gazdasagportal.hu_fullbanner_wideboard\"><\/div>\r\n<\/div>\n<p>    A n\u00e9met h\u00edrmagazin szombati, digit\u00e1lis form\u00e1tumban p\u00e9ntek este kiadott sz\u00e1m\u00e1ban k\u00f6z\u00f6lt besz\u00e1mol\u00f3 szerint nagyj\u00e1b\u00f3l k\u00e9tezer orosz katona harcol Sz\u00edri\u00e1ban Bass\u00e1r el-Aszad eln\u00f6k rendszer\u00e9nek stabiliz\u00e1l\u00e1s\u00e1\u00e9rt a sz\u00edriai korm\u00e1nyer\u0151kkel \u00e9s k\u00fcl\u00f6nb\u00f6z\u0151 ir\u00e1ni \u00e9s iraki mil\u00edci\u00e1kkal egy\u00fctt.<br \/>\n    Eddig k\u00e9t orosz katona esett el, eg\u00e9sz pontosan a katonai h\u00edrszerz\u00e9s (GRU) 22. sz\u00e1m\u00fa k\u00fcl\u00f6nleges alakulat\u00e1nak &#8211; Specnaz brig\u00e1dj\u00e1nak &#8211; k\u00e9t tagja. Az egys\u00e9g \u00e1llom\u00e1shelye Rosztov t\u00e9rs\u00e9g\u00e9ben van, ott is temett\u00e9k el \u0151ket november 12-\u00e9n &#8211; \u00edrta a Der Spiegel, megjegyezve, hogy az orosz sajt\u00f3 nem adhatott h\u00edrt a temet\u00e9sekr\u0151l, mert Vlagyimir Putyin eln\u00f6k egy m\u00e1jusi rendelete \u00e9rtelm\u00e9ben titkosak a b\u00e9keid\u0151beli katonai vesztes\u00e9gekre vonatkoz\u00f3 adatok.<br \/>\n    A Der Spiegel szerint egyebek k\u00f6z\u00f6tt orosz katon\u00e1k \u00e1ltal k\u00f6z\u00f6ss\u00e9gi oldalakon megosztott szelfikb\u0151l \u00e9s sok egy\u00e9b jelb\u0151l lehet k\u00f6vetkeztetni arra, hogy az orosz katonai jelenl\u00e9t Sz\u00edria f\u00f6ldj\u00e9n nem korl\u00e1toz\u00f3dik a latakiai l\u00e9gi t\u00e1maszpontra \u00e9s a tartuszi haditenger\u00e9szeti b\u00e1zisra. P\u00e9ld\u00e1ul a Sana hivatalos sz\u00edriai h\u00edr\u00fcgyn\u00f6ks\u00e9g november 7-\u00e9n k\u00f6zz\u00e9tett a Homsz t\u00e9rs\u00e9g\u00e9ben zajl\u00f3 harcokr\u00f3l egy videofelv\u00e9telt, amelyen l\u00e1that\u00f3 t\u00f6bb Msta-B t\u00edpus\u00fa, orosz gy\u00e1rtm\u00e1ny\u00fa tarack, ilyen fegyvert pedig Oroszorsz\u00e1g soha nem sz\u00e1ll\u00edtott a sz\u00edriai hadseregnek.<br \/>\n    A moszkvai vezet\u00e9s \u00e1ll\u00edt\u00e1sa szerint Oroszorsz\u00e1g csak l\u00e9gicsap\u00e1sokkal t\u00e1mogatja a damaszkuszi er\u0151ket. A l\u00e9git\u00e1mad\u00e1sok szeptember 30-\u00e1n kezd\u0151dtek. T\u00f6bb nyugati \u00e9s arab orsz\u00e1g sz\u00f6vets\u00e9ge m\u00e1r t\u00f6bb mint egy \u00e9ve t\u00e1madja az Iszl\u00e1m \u00c1llam (I\u00c1) terrorszervezet \u00e1ll\u00e1sait az arab orsz\u00e1gban, \u00e1t\u00fct\u0151 siker n\u00e9lk\u00fcl.<br \/>\n    Moszkva \u00e9s az Egyes\u00fclt \u00c1llamok vezette nyugati sz\u00f6vets\u00e9g k\u00f6z\u00f6tt m\u00e9ly n\u00e9zetk\u00fcl\u00f6nbs\u00e9gek vannak Bass\u00e1r el-Aszad j\u00f6v\u0151j\u00e9t \u00e9s sz\u00edriai korm\u00e1nyhadseregnek a I\u00c1 elleni harcban val\u00f3 r\u00e9szv\u00e9tel\u00e9t illet\u0151en. Az egys\u00e9ges sz\u00f6vets\u00e9g l\u00e9trej\u00f6tt\u00e9t tov\u00e1bb nehez\u00edti a Moszkva \u00e9s Ankara k\u00f6z\u00f6tt kialakult v\u00e1ls\u00e1g, amelyet az v\u00e1ltott ki, hogy a t\u00f6r\u00f6k l\u00e9gier\u0151 kedden a sz\u00edriai hat\u00e1r k\u00f6zel\u00e9ben lel\u0151tt egy sz\u00edriai bevet\u00e9sr\u0151l visszat\u00e9r\u0151 orosz vad\u00e1szbomb\u00e1z\u00f3t. Ankara szerint az Sz-24 megs\u00e9rtette a t\u00f6r\u00f6k l\u00e9gteret, Moszkva viszont ezt tagadja.(MTI)<\/p>\n","protected":false},"excerpt":{"rendered":"<p>A moszkvai vezet\u00e9s \u00e1ll\u00edt\u00e1saival szemben orosz sz\u00e1razf\u00f6ldi csapatok is harcolnak Sz\u00edri\u00e1ban, \u00e9s vesztes\u00e9geket is elszenvedtek m\u00e1r &#8211; \u00edrta a Der Spiegel.<\/p>\n","protected":false},"author":1,"featured_media":0,"comment_status":"open","ping_status":"closed","sticky":false,"template":"","format":"standard","meta":[],"categories":[12,16],"tags":[],"_links":{"self":[{"href":"https:\/\/gazdasagportal.hu\/index.php\/wp-json\/wp\/v2\/posts\/71160"}],"collection":[{"href":"https:\/\/gazdasagportal.hu\/index.php\/wp-json\/wp\/v2\/posts"}],"about":[{"href":"https:\/\/gazdasagportal.hu\/index.php\/wp-json\/wp\/v2\/types\/post"}],"author":[{"embeddable":true,"href":"https:\/\/gazdasagportal.hu\/index.php\/wp-json\/wp\/v2\/users\/1"}],"replies":[{"embeddable":true,"href":"https:\/\/gazdasagportal.hu\/index.php\/wp-json\/wp\/v2\/comments?post=71160"}],"version-history":[{"count":1,"href":"https:\/\/gazdasagportal.hu\/index.php\/wp-json\/wp\/v2\/posts\/71160\/revisions"}],"predecessor-version":[{"id":71161,"href":"https:\/\/gazdasagportal.hu\/index.php\/wp-json\/wp\/v2\/posts\/71160\/revisions\/71161"}],"wp:attachment":[{"href":"https:\/\/gazdasagportal.hu\/index.php\/wp-json\/wp\/v2\/media?parent=71160"}],"wp:term":[{"taxonomy":"category","embeddable":true,"href":"https:\/\/gazdasagportal.hu\/index.php\/wp-json\/wp\/v2\/categories?post=71160"},{"taxonomy":"post_tag","embeddable":true,"href":"https:\/\/gazdasagportal.hu\/index.php\/wp-json\/wp\/v2\/tags?post=71160"}],"curies":[{"name":"wp","href":"https:\/\/api.w.org\/{rel}","templated":true}]}}