{"id":71156,"date":"2015-11-27T19:14:48","date_gmt":"2015-11-27T18:14:48","guid":{"rendered":"http:\/\/gazdasagportal.hu\/?p=71156"},"modified":"2015-11-27T18:34:12","modified_gmt":"2015-11-27T17:34:12","slug":"terrorizmus-hamis-utlevellel-utazo-ujabb-sziriaiakat-tartoztattak-le-olaszorszagban","status":"publish","type":"post","link":"https:\/\/gazdasagportal.hu\/index.php\/terrorizmus-hamis-utlevellel-utazo-ujabb-sziriaiakat-tartoztattak-le-olaszorszagban\/","title":{"rendered":"Terrorizmus &#8211; Hamis \u00fatlev\u00e9llel utaz\u00f3 \u00fajabb sz\u00edriaiakat tart\u00f3ztattak le Olaszorsz\u00e1gban"},"content":{"rendered":"<p><strong>H\u00e1rom hamis \u00fatlev\u00e9llel utaz\u00f3 sz\u00edriait tart\u00f3ztattak le az olaszorsz\u00e1gi Ancon\u00e1ban, \u00e9s gyors\u00edtott elj\u00e1r\u00e1ssal egy \u00e9vre \u00edt\u00e9lt\u00e9k \u0151ket &#8211; k\u00f6z\u00f6lt\u00e9k az olasz hat\u00f3s\u00e1gok p\u00e9nteken.<\/strong><!--more--><\/p>\n<div class=\"ads-in-post1\"><div id=\"gazdasagportal.hu_fullbanner_wideboard\"><\/div>\r\n<\/div>\n<p>    Az Adria-tengerparti Ancona vas\u00fat\u00e1llom\u00e1s\u00e1n igazoltatt\u00e1k a h\u00e1rom sz\u00edriait, akikn\u00e9l, mint kider\u00fclt, hamis \u00fatlev\u00e9l volt. Mindh\u00e1rman Mil\u00e1n\u00f3ba akartak vonattal utazni.<br \/>\n    A f\u00e9rfiakat gyors\u00edtott elj\u00e1r\u00e1ssal egy \u00e9vre \u00edt\u00e9lt\u00e9k, \u00e9s kiutas\u00edtott\u00e1k Olaszorsz\u00e1gb\u00f3l. A b\u00edr\u00f3s\u00e1gon elmondt\u00e1k, hogy a hamis \u00fatleveleket T\u00f6r\u00f6korsz\u00e1gban v\u00e1s\u00e1rolt\u00e1k egyenk\u00e9nt ezer eur\u00f3\u00e9rt (300 ezer forint\u00e9rt).<br \/>\n    A P\u00e1rizsban november 13-\u00e1n t\u00f6rt\u00e9nt mer\u00e9nyletek \u00f3ta m\u00e1r t\u00f6bb olyan sz\u00edriait vettek \u0151rizetbe Olaszorsz\u00e1gban, aki hamis \u00fatlev\u00e9llel utazott.<br \/>\n    November 20-\u00e1n a Ciampino r\u00f3mai nemzetk\u00f6zi rep\u00fcl\u0151t\u00e9ren k\u00e9t ilyen fiatalember bukott le, azt megel\u0151z\u0151en pedig az \u00e9szak-olaszorsz\u00e1gi Bergamo rep\u00fcl\u0151ter\u00e9n fogtak el hamis norv\u00e9g, osztr\u00e1k, illetve francia \u00fatlevelet felmutat\u00f3 sz\u00edriaiakat.<br \/>\n    Mindannyian M\u00e1lt\u00e1ra tartottak. Egyik\u00fckr\u0151l az is kider\u00fclt, hogy Ausztri\u00e1ban mened\u00e9kk\u00e9relmet ny\u00fajtott be, \u00e9s ennek elb\u00edr\u00e1l\u00e1sa folyamatban van. Az olasz hat\u00f3s\u00e1gok felt\u00e9telez\u00e9sei szerint a hamis okm\u00e1nyokkal utaz\u00f3 sz\u00edrek m\u00f6g\u00f6tt b\u0171n- vagy terrorista szervezet \u00e1ll, amely a rep\u00fcl\u0151- \u00e9s vas\u00fati jegyeket is kifizeti.(MTI)   <\/p>\n","protected":false},"excerpt":{"rendered":"<p>H\u00e1rom hamis \u00fatlev\u00e9llel utaz\u00f3 sz\u00edriait tart\u00f3ztattak le az olaszorsz\u00e1gi Ancon\u00e1ban, \u00e9s gyors\u00edtott elj\u00e1r\u00e1ssal egy \u00e9vre \u00edt\u00e9lt\u00e9k \u0151ket &#8211; k\u00f6z\u00f6lt\u00e9k az olasz hat\u00f3s\u00e1gok p\u00e9nteken.<\/p>\n","protected":false},"author":1,"featured_media":0,"comment_status":"open","ping_status":"closed","sticky":false,"template":"","format":"standard","meta":[],"categories":[12],"tags":[],"_links":{"self":[{"href":"https:\/\/gazdasagportal.hu\/index.php\/wp-json\/wp\/v2\/posts\/71156"}],"collection":[{"href":"https:\/\/gazdasagportal.hu\/index.php\/wp-json\/wp\/v2\/posts"}],"about":[{"href":"https:\/\/gazdasagportal.hu\/index.php\/wp-json\/wp\/v2\/types\/post"}],"author":[{"embeddable":true,"href":"https:\/\/gazdasagportal.hu\/index.php\/wp-json\/wp\/v2\/users\/1"}],"replies":[{"embeddable":true,"href":"https:\/\/gazdasagportal.hu\/index.php\/wp-json\/wp\/v2\/comments?post=71156"}],"version-history":[{"count":1,"href":"https:\/\/gazdasagportal.hu\/index.php\/wp-json\/wp\/v2\/posts\/71156\/revisions"}],"predecessor-version":[{"id":71157,"href":"https:\/\/gazdasagportal.hu\/index.php\/wp-json\/wp\/v2\/posts\/71156\/revisions\/71157"}],"wp:attachment":[{"href":"https:\/\/gazdasagportal.hu\/index.php\/wp-json\/wp\/v2\/media?parent=71156"}],"wp:term":[{"taxonomy":"category","embeddable":true,"href":"https:\/\/gazdasagportal.hu\/index.php\/wp-json\/wp\/v2\/categories?post=71156"},{"taxonomy":"post_tag","embeddable":true,"href":"https:\/\/gazdasagportal.hu\/index.php\/wp-json\/wp\/v2\/tags?post=71156"}],"curies":[{"name":"wp","href":"https:\/\/api.w.org\/{rel}","templated":true}]}}