{"id":71148,"date":"2015-11-27T16:12:02","date_gmt":"2015-11-27T15:12:02","guid":{"rendered":"http:\/\/gazdasagportal.hu\/?p=71148"},"modified":"2015-11-27T14:33:05","modified_gmt":"2015-11-27T13:33:05","slug":"illegalis-bevandorlas-az-ev-vegeig-elkeszul-az-ausztriai-kerites","status":"publish","type":"post","link":"https:\/\/gazdasagportal.hu\/index.php\/illegalis-bevandorlas-az-ev-vegeig-elkeszul-az-ausztriai-kerites\/","title":{"rendered":"Illeg\u00e1lis bev\u00e1ndorl\u00e1s &#8211; Az \u00e9v v\u00e9g\u00e9ig elk\u00e9sz\u00fcl az ausztriai ker\u00edt\u00e9s"},"content":{"rendered":"<p><strong>Az \u00e9v v\u00e9g\u00e9ig elk\u00e9sz\u00fcl az Ausztria d\u00e9li hat\u00e1rr\u00e9sz\u00e9re tervezett 3,7 kilom\u00e9ter hossz\u00fas\u00e1g\u00fa dr\u00f3tker\u00edt\u00e9s &#8211; jelentett\u00e9k be az osztr\u00e1k hat\u00f3s\u00e1gok, akik a napokban folytatnak t\u00e1rgyal\u00e1sokat az \u00e9rintett f\u00f6ldter\u00fcletek tulajdonosaival.<\/strong><!--more--><\/p>\n<div class=\"ads-in-post1\"><div id=\"gazdasagportal.hu_fullbanner_wideboard\"><\/div>\r\n<\/div>\n<p>    Az osztr\u00e1k hat\u00f3s\u00e1gok cs\u00fct\u00f6rt\u00f6k este megegyeztek a sz\u00f3ban forg\u00f3 f\u00f6ldter\u00fcletek 18 tulajdonos\u00e1val, k\u00f6zt\u00fck sz\u00e1mos bor\u00e1sszal, hogy folytatj\u00e1k az osztr\u00e1k bel\u00fcgyminiszt\u00e9riummal k\u00f6tend\u0151 szerz\u0151d\u00e9shez sz\u00fcks\u00e9ges t\u00e1rgyal\u00e1sokat \u00e9s december 7-ig megegyeznek a r\u00e9szletekr\u0151l.<br \/>\n    Legink\u00e1bb a bor\u00e1szoknak vannak fenntart\u00e1saik a ker\u00edt\u00e9ssel kapcsolatban. \u00dagy v\u00e9lik, a ker\u00edt\u00e9s a menek\u00fclteket nem fogja tudni elterelni, viszont a helyi turizmusra kihatnak majd az esem\u00e9nyek.<br \/>\n    Amennyiben a telkek tulajdonosaival nem siker\u00fcl megegyezni, \u00fagy bizonyos ter\u00fcleteket, ahol nem \u00e9p\u00fclt ker\u00edt\u00e9s, a rend\u0151r\u00f6knek kell fel\u00fcgyelni\u00fck.<br \/>\n    A spielfeldi gy\u0171jt\u0151pontn\u00e1l m\u00e1r a j\u00f6v\u0151 h\u00e9ten elkezdik az alapoz\u00f3 munk\u00e1latokat, \u00e9s csup\u00e1n ezek ut\u00e1n fognak bele a dr\u00f3tker\u00edt\u00e9s meg\u00e9p\u00edt\u00e9sbe, sz\u00f6gesdr\u00f3t fel\u00e1ll\u00edt\u00e1s\u00e1t egyel\u0151re nem tervezik.<br \/>\n    A dr\u00f3tker\u00edt\u00e9s n\u00e9gy m\u00e9ter &#8211; a mag\u00e1ntulajdonban l\u00e9v\u0151 f\u00f6ldeket \u00e9rint\u0151 szakaszon pedig 2,5 m\u00e9ter &#8211; magas lesz. A spielfeldi \u00e1tkel\u0151t\u0151l 300 m\u00e9terre keleti ir\u00e1nyba Bubenberg v\u00e1rosr\u00e9szig fog tartani, nyugati ir\u00e1nyba a Platschn\u00e1l tal\u00e1lhat\u00f3 r\u00e9gi hat\u00e1r\u00e1tkel\u0151 fel\u00e9 \u00e9p\u00fcl majd ki.<br \/>\n    Az osztr\u00e1k bel\u00fcgyminiszt\u00e9rium november k\u00f6zep\u00e9n jelentette be, hogy a menek\u00fcltek szab\u00e1lyozott \u00e1thalad\u00e1sa \u00e9rdek\u00e9ben ker\u00edt\u00e9st \u00e9p\u00edt Spielfeldn\u00e9l \u00e9s el\u0151k\u00e9sz\u00fcleteket tesznek annak \u00e9rdek\u00e9ben, hogy sz\u00fcks\u00e9g eset\u00e9n ak\u00e1r 48 \u00f3r\u00e1n bel\u00fcl fel\u00e1ll\u00edtsanak sz\u00f6gesdr\u00f3tker\u00edt\u00e9st is.<br \/>\n    Ausztri\u00e1ba egyre kevesebb mened\u00e9kk\u00e9r\u0151 \u00e9rkezik. M\u00edg a kor\u00e1bbi hetekben naponta ak\u00e1r 6-8 ezer menek\u00fclt is \u00e1tl\u00e9pte az osztr\u00e1k hat\u00e1rt, az elm\u00falt napokban \u00f6sszesen kevesebb mint h\u00e1romezren j\u00f6ttek Ausztri\u00e1ba.<br \/>\n    Karinti\u00e1ba p\u00e9nteken 900-an \u00e9rkeztek, St\u00e1jerorsz\u00e1gba cs\u00fct\u00f6rt\u00f6k\u00f6n \u00e9s p\u00e9nteken nem ment egyetlen migr\u00e1ns sem. Karinti\u00e1ba a h\u00e9tv\u00e9g\u00e9n t\u00f6bb mint h\u00e1romezren, szerd\u00e1n 2200-an, cs\u00fct\u00f6rt\u00f6k\u00f6n 1800-an j\u00f6ttek.<br \/>\n    A karintiai Klagenfurtban tov\u00e1bbi 400 f\u0151 elhelyez\u00e9s\u00e9re alkalmas befogad\u00f3helyet nyitna az \u00e1llam, ez ellen a szoci\u00e1ldemokrata polg\u00e1rmester \u00e9s a tartom\u00e1nyi vezet\u00e9s is ellenzi.<br \/>\n    A burgenlandi Kir\u00e1lyhida (Bruckneudorf) telep\u00fcl\u00e9sn\u00e9l a szoci\u00e1ldemokrata polg\u00e1rmester felh\u00edv\u00e1s\u00e1ra 400 ember tiltakozott az ellen, hogy 80 kont\u00e9nert \u00e1ll\u00edtsanak fel a menek\u00fcltek befogad\u00e1s\u00e1ra. A szervez\u0151k szerint a t\u00fcntet\u00e9st h\u00e9tf\u0151n folytatj\u00e1k, de akkor m\u00e1r a B10-es \u00faton fognak demonstr\u00e1lni.<br \/>\n    Gerhard Dreiszker, a telep\u00fcl\u00e9s polg\u00e1rmestere szerint nem a menek\u00fcltek, hanem a t\u00f6megsz\u00e1ll\u00e1s ellen tiltakoznak. Ahol tudtunk, seg\u00edtett\u00fcnk \u00e9s tov\u00e1bbra is ahhoz tartjuk magunkat, hogy menek\u00fcltek kis csoportj\u00e1t, akik m\u00e9g integr\u00e1lhat\u00f3k a k\u00f6z\u00f6ss\u00e9gbe, be tudjuk fogadni. A polg\u00e1rmester szerint a lakosok f\u00e9lnek, \u00e9s att\u00f3l tartanak, hogy a telep\u00fcl\u00e9s &#8222;m\u00e1sodik Traiskirchen&#8221; lesz.<br \/>\n    Norbert Darabos, Burgenland szoci\u00e1ldemokrata tan\u00e1csosa szerint felel\u0151tlens\u00e9g egy kevesebb mint h\u00e1romezer lelkes telep\u00fcl\u00e9sre t\u00f6bb sz\u00e1z menek\u00fcltet betelep\u00edteni. Hans Niessl, a tartom\u00e1ny vezet\u0151je \u00fagy nyilatkozott, hogy ami Burgenalndban t\u00f6rt\u00e9nik, az az \u00e1llam menek\u00fcltpolitik\u00e1j\u00e1nak kudarca.<br \/>\n    Az als\u00f3-ausztriai Traiskircheni menek\u00fcltt\u00e1borban jelenleg 1700-an vannak, azonban \u0151sz elej\u00e9n volt, hogy t\u00f6bb mint n\u00e9gyezren zs\u00fafol\u00f3dtak \u00f6ssze.<br \/>\n    T\u00f6bb mint k\u00e9th\u00f3napos sz\u00fcnet ut\u00e1n p\u00e9ntekt\u0151l \u00fajraindul a k\u00f6zvetlen t\u00e1vols\u00e1gi vonatk\u00f6zleked\u00e9s Ausztria \u00e9s N\u00e9metorsz\u00e1g k\u00f6z\u00f6tt, \u00edgy Budapestr\u0151l ism\u00e9t k\u00f6zvetlen\u00fcl el lehet jutni B\u00e9csen \u00e9s Salzburgon \u00e1t M\u00fcnchenbe &#8211; k\u00f6z\u00f6lte az osztr\u00e1k vas\u00fatt\u00e1rsas\u00e1g (\u00d6BB) szerd\u00e1n. Eddig a t\u00e1vols\u00e1gi vonatok csak Salzburgig k\u00f6zlekedtek, innen vagy egy mag\u00e1nt\u00e1rsas\u00e1g j\u00e1rataival, vagy helyi\u00e9rdek\u0171 vas\u00fattal lehetett tov\u00e1bbutazni N\u00e9metorsz\u00e1gba.(MTI)<\/p>\n","protected":false},"excerpt":{"rendered":"<p>Az \u00e9v v\u00e9g\u00e9ig elk\u00e9sz\u00fcl az Ausztria d\u00e9li hat\u00e1rr\u00e9sz\u00e9re tervezett 3,7 kilom\u00e9ter hossz\u00fas\u00e1g\u00fa dr\u00f3tker\u00edt\u00e9s &#8211; jelentett\u00e9k be az osztr\u00e1k hat\u00f3s\u00e1gok, akik a napokban folytatnak t\u00e1rgyal\u00e1sokat az \u00e9rintett f\u00f6ldter\u00fcletek tulajdonosaival.<\/p>\n","protected":false},"author":1,"featured_media":0,"comment_status":"open","ping_status":"closed","sticky":false,"template":"","format":"standard","meta":[],"categories":[12],"tags":[],"_links":{"self":[{"href":"https:\/\/gazdasagportal.hu\/index.php\/wp-json\/wp\/v2\/posts\/71148"}],"collection":[{"href":"https:\/\/gazdasagportal.hu\/index.php\/wp-json\/wp\/v2\/posts"}],"about":[{"href":"https:\/\/gazdasagportal.hu\/index.php\/wp-json\/wp\/v2\/types\/post"}],"author":[{"embeddable":true,"href":"https:\/\/gazdasagportal.hu\/index.php\/wp-json\/wp\/v2\/users\/1"}],"replies":[{"embeddable":true,"href":"https:\/\/gazdasagportal.hu\/index.php\/wp-json\/wp\/v2\/comments?post=71148"}],"version-history":[{"count":1,"href":"https:\/\/gazdasagportal.hu\/index.php\/wp-json\/wp\/v2\/posts\/71148\/revisions"}],"predecessor-version":[{"id":71149,"href":"https:\/\/gazdasagportal.hu\/index.php\/wp-json\/wp\/v2\/posts\/71148\/revisions\/71149"}],"wp:attachment":[{"href":"https:\/\/gazdasagportal.hu\/index.php\/wp-json\/wp\/v2\/media?parent=71148"}],"wp:term":[{"taxonomy":"category","embeddable":true,"href":"https:\/\/gazdasagportal.hu\/index.php\/wp-json\/wp\/v2\/categories?post=71148"},{"taxonomy":"post_tag","embeddable":true,"href":"https:\/\/gazdasagportal.hu\/index.php\/wp-json\/wp\/v2\/tags?post=71148"}],"curies":[{"name":"wp","href":"https:\/\/api.w.org\/{rel}","templated":true}]}}