{"id":71146,"date":"2015-11-27T15:40:29","date_gmt":"2015-11-27T14:40:29","guid":{"rendered":"http:\/\/gazdasagportal.hu\/?p=71146"},"modified":"2015-11-27T14:31:43","modified_gmt":"2015-11-27T13:31:43","slug":"orosz-vadaszgep-torokorszag-egyuttmukodik-oroszorszaggal-a-feszultseg-enyhiteseert","status":"publish","type":"post","link":"https:\/\/gazdasagportal.hu\/index.php\/orosz-vadaszgep-torokorszag-egyuttmukodik-oroszorszaggal-a-feszultseg-enyhiteseert\/","title":{"rendered":"Orosz vad\u00e1szg\u00e9p &#8211; T\u00f6r\u00f6korsz\u00e1g egy\u00fcttm\u0171k\u00f6dik Oroszorsz\u00e1ggal a fesz\u00fclts\u00e9g enyh\u00edt\u00e9s\u00e9\u00e9rt"},"content":{"rendered":"<p><strong>A t\u00f6r\u00f6k minisztereln\u00f6k szerint T\u00f6r\u00f6korsz\u00e1g egy\u00fcttm\u0171k\u00f6dik Oroszorsz\u00e1ggal az orosz vad\u00e1szg\u00e9p lel\u00f6v\u00e9se nyom\u00e1n t\u00e1madt fesz\u00fclts\u00e9gek enyh\u00edt\u00e9s\u00e9\u00e9rt.<\/strong><!--more--><\/p>\n<div class=\"ads-in-post1\"><div id=\"gazdasagportal.hu_fullbanner_wideboard\"><\/div>\r\n<\/div>\n<p>    Ahmet Davutoglu a The Times c\u00edm\u0171 tekint\u00e9lyes konzervat\u00edv brit napilap p\u00e9nteki sz\u00e1m\u00e1nak v\u00e9lem\u00e9nyrovat\u00e1ban megjelent cikk\u00e9ben hangs\u00falyozta: nem ir\u00e1nyult \u00e9s tov\u00e1bbra sem ir\u00e1nyul egyetlen adott orsz\u00e1g ellen az a t\u00e9ny, hogy T\u00f6r\u00f6korsz\u00e1g &#8222;saj\u00e1t l\u00e9gter\u00e9ben&#8221; lel\u0151tt egy &#8222;azonos\u00edtatlan&#8221; rep\u00fcl\u0151g\u00e9pet. A t\u00f6r\u00f6k f\u00e9l az \u00e9rv\u00e9nyes szab\u00e1lyok alapj\u00e1n j\u00e1rt el fels\u00e9gter\u00fclete integrit\u00e1s\u00e1nak v\u00e9delm\u00e9ben.<br \/>\n    A t\u00f6r\u00f6k fels\u00e9gter\u00fclet v\u00e9delm\u00e9t szolg\u00e1l\u00f3 int\u00e9zked\u00e9sek v\u00e1ltozatlanul \u00e9rv\u00e9nyben vannak, de T\u00f6r\u00f6korsz\u00e1g k\u00e9sz egy\u00fcttm\u0171k\u00f6dni sz\u00f6vets\u00e9geseivel \u00e9s Oroszorsz\u00e1ggal is a fesz\u00fclts\u00e9g m\u00e9rs\u00e9kl\u00e9se v\u00e9gett &#8211; \u00edrta a t\u00f6r\u00f6k korm\u00e1nyf\u0151.<br \/>\n    Ahmet Davutoglu szerint ugyanakkor nem szabad hagyni, hogy a figyelem elterel\u0151dj\u00e9k arr\u00f3l az \u00fcgyr\u0151l, amely egyes\u00edti a nemzetk\u00f6zi k\u00f6z\u00f6ss\u00e9get, mert ennek egyetlen nyertese az Iszl\u00e1m \u00c1llam \u00e9s a sz\u00edriai rezsim lenne. A dzsihadista szervezet \u00e9s a sz\u00edriai rezsim &#8222;szimbi\u00f3zisszer\u0171 kapcsolata&#8221; tartja ugyanis mindkett\u0151t \u00e9letben &#8211; fogalmazott a t\u00f6r\u00f6k minisztereln\u00f6k.<br \/>\n    Davutoglu szerint a hal\u00e1lt b\u00e1lv\u00e1nyoz\u00f3, az \u00e9letet elvet\u0151 Iszl\u00e1m \u00c1llamnak semmi k\u00f6ze a vall\u00e1shoz, \u00e9s a muszlim vil\u00e1gnak t\u00f6bbet kell tennie \u00e9s t\u00f6bbet is fog tenni ennek bemutat\u00e1s\u00e1ra.<br \/>\n    A p\u00e1rizsi, az ankarai, a bejr\u00fati mer\u00e9nyletek, valamint az Egyiptom felett felrobbantott orosz utassz\u00e1ll\u00edt\u00f3 rep\u00fcl\u0151g\u00e9p elleni terrort\u00e1mad\u00e1s kitervel\u0151inek c\u00e9lja a menek\u00fcltek ir\u00e1nti egy\u00fctt\u00e9rz\u0151 hozz\u00e1\u00e1ll\u00e1s, valamint a Nyugaton honos, vall\u00e1sok k\u00f6z\u00f6tti harm\u00f3nia meggyeng\u00edt\u00e9se.<br \/>\n    Ha a politikai k\u00f6zbesz\u00e9det menek\u00fcltellenes, muszlimellenes \u00e9s antiszemita hangok uralj\u00e1k el, az al\u00e1\u00e1ssa Eur\u00f3pa k\u00e9pess\u00e9g\u00e9t az \u00f6sszes vall\u00e1s \u00e9s kult\u00fara ir\u00e1nti tolerancia \u00e1pol\u00e1s\u00e1ra. T\u00f6r\u00f6korsz\u00e1g azokhoz tartozik, akik az Eur\u00f3p\u00e1r\u00f3l alkotott hum\u00e1nus elk\u00e9pzel\u00e9st v\u00e9delmezik; ezt az elk\u00f6telezetts\u00e9g\u00e9t t\u00fckr\u00f6zi felv\u00e9teli k\u00e9relme az Eur\u00f3pai Uni\u00f3ba, \u00e9s azok a megold\u00e1sok is, amelyeket a menek\u00fcltv\u00e1ls\u00e1gra alkalmaz &#8211; \u00edrta Ahmet Davutoglu.<br \/>\n    A t\u00f6r\u00f6k minisztereln\u00f6k szerint az Iszl\u00e1m \u00c1llam elleni k\u00f6z\u00f6s fell\u00e9p\u00e9s, amelyben szerepet kap az Egyes\u00fclt \u00c1llamok, az Eur\u00f3pai Uni\u00f3 \u00e9s Oroszorsz\u00e1g, elhozhatja \u00e9s el is hozza majd a fordulatot.(MTI)<\/p>\n","protected":false},"excerpt":{"rendered":"<p>A t\u00f6r\u00f6k minisztereln\u00f6k szerint T\u00f6r\u00f6korsz\u00e1g egy\u00fcttm\u0171k\u00f6dik Oroszorsz\u00e1ggal az orosz vad\u00e1szg\u00e9p lel\u00f6v\u00e9se nyom\u00e1n t\u00e1madt fesz\u00fclts\u00e9gek enyh\u00edt\u00e9s\u00e9\u00e9rt.<\/p>\n","protected":false},"author":1,"featured_media":0,"comment_status":"open","ping_status":"closed","sticky":false,"template":"","format":"standard","meta":[],"categories":[16],"tags":[],"_links":{"self":[{"href":"https:\/\/gazdasagportal.hu\/index.php\/wp-json\/wp\/v2\/posts\/71146"}],"collection":[{"href":"https:\/\/gazdasagportal.hu\/index.php\/wp-json\/wp\/v2\/posts"}],"about":[{"href":"https:\/\/gazdasagportal.hu\/index.php\/wp-json\/wp\/v2\/types\/post"}],"author":[{"embeddable":true,"href":"https:\/\/gazdasagportal.hu\/index.php\/wp-json\/wp\/v2\/users\/1"}],"replies":[{"embeddable":true,"href":"https:\/\/gazdasagportal.hu\/index.php\/wp-json\/wp\/v2\/comments?post=71146"}],"version-history":[{"count":1,"href":"https:\/\/gazdasagportal.hu\/index.php\/wp-json\/wp\/v2\/posts\/71146\/revisions"}],"predecessor-version":[{"id":71147,"href":"https:\/\/gazdasagportal.hu\/index.php\/wp-json\/wp\/v2\/posts\/71146\/revisions\/71147"}],"wp:attachment":[{"href":"https:\/\/gazdasagportal.hu\/index.php\/wp-json\/wp\/v2\/media?parent=71146"}],"wp:term":[{"taxonomy":"category","embeddable":true,"href":"https:\/\/gazdasagportal.hu\/index.php\/wp-json\/wp\/v2\/categories?post=71146"},{"taxonomy":"post_tag","embeddable":true,"href":"https:\/\/gazdasagportal.hu\/index.php\/wp-json\/wp\/v2\/tags?post=71146"}],"curies":[{"name":"wp","href":"https:\/\/api.w.org\/{rel}","templated":true}]}}