{"id":71105,"date":"2015-11-26T15:27:18","date_gmt":"2015-11-26T14:27:18","guid":{"rendered":"http:\/\/gazdasagportal.hu\/?p=71105"},"modified":"2015-11-26T15:27:18","modified_gmt":"2015-11-26T14:27:18","slug":"katasztrofalis-a-sziria-tersegeben-mukodo-menekulttaborok-helyzete","status":"publish","type":"post","link":"https:\/\/gazdasagportal.hu\/index.php\/katasztrofalis-a-sziria-tersegeben-mukodo-menekulttaborok-helyzete\/","title":{"rendered":"Katasztrof\u00e1lis a Sz\u00edria t\u00e9rs\u00e9g\u00e9ben m\u0171k\u00f6d\u0151 menek\u00fcltt\u00e1borok helyzete"},"content":{"rendered":"<p><strong>Katasztrof\u00e1lis \u00e1llapotok uralkodnak a Sz\u00edria t\u00e9rs\u00e9g\u00e9ben m\u0171k\u00f6d\u0151 menek\u00fcltt\u00e1borokban, \u00e9s ha a nemzetk\u00f6zi k\u00f6z\u00f6ss\u00e9g tov\u00e1bbra is t\u00e9tlenkedik, \u00fajabb nagy menek\u00fclthull\u00e1m indulhat el a r\u00e9gi\u00f3b\u00f3l Eur\u00f3pa fel\u00e9 &#8211; figyelmeztetett egy cs\u00fct\u00f6rt\u00f6ki lapinterj\u00faban a n\u00e9met korm\u00e1ny nemzetk\u00f6zi gazdas\u00e1gi \u00e9s fejleszt\u00e9si egy\u00fcttm\u0171k\u00f6d\u00e9s\u00e9rt felel\u0151s minisztere.<\/strong><!--more--><\/p>\n<div class=\"ads-in-post1\"><div id=\"gazdasagportal.hu_fullbanner_wideboard\"><\/div>\r\n<\/div>\n<p>    Gerd M\u00fcller az Augsburger Allgemeine c\u00edm\u0171 lapban megjelent interj\u00faban sz\u00e9gyenletesnek \u00e9s embertelennek nevezte a t\u00f6r\u00f6korsz\u00e1gi, libanoni \u00e9s jord\u00e1niai t\u00e1borokban \u00e9l\u0151 sz\u00edriai menek\u00fcltek helyzet\u00e9t.<br \/>\n    Elmondta, hogy a t\u00e1borokban nincsenek t\u00e9lies\u00edtett s\u00e1trak, b\u00e1rmikor koleraj\u00e1rv\u00e1ny t\u00f6rhet ki, az ENSZ Menek\u00fclt\u00fcgyi F\u0151biztoss\u00e1ga (UNHCR) pedig m\u00e1r t\u00f6bb sz\u00e1zezer embert egy\u00e1ltal\u00e1n nem tud ell\u00e1tni \u00e9lelmiszerrel, mert nem \u00e9rkezett meg 3 milli\u00e1rd eur\u00f3 a szervezetet finansz\u00edroz\u00f3 orsz\u00e1gok \u00e1ltal id\u00e9nre meg\u00edg\u00e9rt t\u00e1mogat\u00e1sb\u00f3l.<br \/>\n    A bajor konzervat\u00edv CSU politikusa megism\u00e9telte azt a ny\u00e1r eleje \u00f3ta rendszeresen hangoztatott k\u00f6vetel\u00e9s\u00e9t, hogy az Eur\u00f3pai Uni\u00f3 ind\u00edtson azonnal 10 milli\u00e1rd eur\u00f3s programot a Sz\u00edri\u00e1b\u00f3l a k\u00f6zel-keleti arab orsz\u00e1g szomsz\u00e9ds\u00e1g\u00e1ba menek\u00fclt emberek t\u00e1mogat\u00e1s\u00e1ra.<br \/>\n    Kiemelte, hogy csak N\u00e9metorsz\u00e1gban \u00e9vente 15 milli\u00e1rd eur\u00f3ba ker\u00fcl a mened\u00e9kk\u00e9r\u0151k ell\u00e1t\u00e1sa, holott &#8222;helyben 10 milli\u00e1rd eur\u00f3b\u00f3l stabiliz\u00e1lhatn\u00e1nk a helyzetet&#8221;.<br \/>\n    A p\u00e9nzt a sz\u00edriai menek\u00fclteket befogad\u00f3 t\u00e9rs\u00e9gi \u00e1llamoknak kell juttatni. Ez &#8222;beruh\u00e1z\u00e1s a j\u00f6v\u0151be&#8221;, hiszen meg lehet el\u0151zni, hogy m\u00e9g t\u00f6bb menek\u00fclt keljen \u00fatra, de gyorsan kell cselekedni, &#8222;k\u00fcl\u00f6nben mind elindulnak Eur\u00f3pa fel\u00e9, vagy sok ezren meghalnak&#8221; a t\u00e1borokban &#8211; mondta Gerd M\u00fcller.<br \/>\n    Az id\u00e9n N\u00e9metorsz\u00e1gba \u00e9rkez\u0151 mened\u00e9kk\u00e9r\u0151k t\u00f6bbs\u00e9ge nem k\u00f6zvetlen\u00fcl a h\u00e1bor\u00fas \u00f6vezetb\u0151l indult el, hanem a k\u00f6rnyez\u0151 r\u00e9gi\u00f3b\u00f3l. A jord\u00e1niai, libanoni, t\u00f6r\u00f6korsz\u00e1gi \u00e9s iraki t\u00e1borokban m\u00e9g t\u00f6bb milli\u00f3an vannak.     \u0150k m\u00e1r &#8222;k\u00e9t, h\u00e1rom vagy ak\u00e1r n\u00e9gy \u00e9ve \u00e9lnek ott, v\u00edz \u00e9s WC n\u00e9lk\u00fcl&#8221;, \u00e9s \u00e9rthet\u0151, hogy el akarnak menni, mert m\u00e1r elvesztett\u00e9k a rem\u00e9nyt, hogy hamarosan visszat\u00e9rhetnek a haz\u00e1jukba. &#8222;Az viszont \u00e9rthetetlen, hogy mi mi\u00e9rt nem reag\u00e1lunk megfelel\u0151en erre a helyzetre&#8221; &#8211; mondta a nemzetk\u00f6zi gazdas\u00e1gi \u00e9s fejleszt\u00e9si egy\u00fcttm\u0171k\u00f6d\u00e9s\u00e9rt felel\u0151s miniszter.<br \/>\n    A n\u00e9met korm\u00e1ny figyelme nem most fordult a sz\u00edriai menek\u00fcltek fel\u00e9; az ut\u00f3bbi k\u00e9t \u00e9vben 1,5 milli\u00e1rd eur\u00f3 k\u00f6zp\u00e9nzt ford\u00edtott a T\u00f6r\u00f6korsz\u00e1gban, Jord\u00e1ni\u00e1ban \u00e9s Libanonban menek\u00fcltt\u00e1borban \u00e9l\u0151 sz\u00edriaiak helyzet\u00e9nek jav\u00edt\u00e1s\u00e1ra. \u00cdgy a n\u00e9met \u00e1llam t\u00e1mogat\u00e1sa r\u00e9v\u00e9n tud iskol\u00e1ba j\u00e1rni 60 ezer Libanonban \u00e9l\u0151 sz\u00edriai gyerek, Jord\u00e1ni\u00e1ban pedig 800 ezer menek\u00fclt v\u00edzell\u00e1t\u00e1s\u00e1t \u00e9s 200 ezer menek\u00fclt \u00e1ramell\u00e1t\u00e1s\u00e1t oldott\u00e1k meg n\u00e9met t\u00e1mogat\u00e1ssal.<br \/>\n    A menek\u00fclthull\u00e1mokat kiv\u00e1lt\u00f3 okok kezel\u00e9s\u00e9t szolg\u00e1lja a Gerd M\u00fcller vezette t\u00e1rca sok tov\u00e1bbi programja is, a 2017-ig tart\u00f3 ciklus v\u00e9g\u00e9ig 12 milli\u00e1rd eur\u00f3t ford\u00edtanak erre a c\u00e9lra.(MTI)<\/p>\n","protected":false},"excerpt":{"rendered":"<p>Katasztrof\u00e1lis \u00e1llapotok uralkodnak a Sz\u00edria t\u00e9rs\u00e9g\u00e9ben m\u0171k\u00f6d\u0151 menek\u00fcltt\u00e1borokban, \u00e9s ha a nemzetk\u00f6zi k\u00f6z\u00f6ss\u00e9g tov\u00e1bbra is t\u00e9tlenkedik, \u00fajabb nagy menek\u00fclthull\u00e1m indulhat el a r\u00e9gi\u00f3b\u00f3l Eur\u00f3pa fel\u00e9 &#8211; figyelmeztetett egy cs\u00fct\u00f6rt\u00f6ki lapinterj\u00faban a n\u00e9met korm\u00e1ny nemzetk\u00f6zi gazdas\u00e1gi \u00e9s fejleszt\u00e9si egy\u00fcttm\u0171k\u00f6d\u00e9s\u00e9rt felel\u0151s minisztere.<\/p>\n","protected":false},"author":1,"featured_media":0,"comment_status":"open","ping_status":"closed","sticky":false,"template":"","format":"standard","meta":[],"categories":[16],"tags":[],"_links":{"self":[{"href":"https:\/\/gazdasagportal.hu\/index.php\/wp-json\/wp\/v2\/posts\/71105"}],"collection":[{"href":"https:\/\/gazdasagportal.hu\/index.php\/wp-json\/wp\/v2\/posts"}],"about":[{"href":"https:\/\/gazdasagportal.hu\/index.php\/wp-json\/wp\/v2\/types\/post"}],"author":[{"embeddable":true,"href":"https:\/\/gazdasagportal.hu\/index.php\/wp-json\/wp\/v2\/users\/1"}],"replies":[{"embeddable":true,"href":"https:\/\/gazdasagportal.hu\/index.php\/wp-json\/wp\/v2\/comments?post=71105"}],"version-history":[{"count":1,"href":"https:\/\/gazdasagportal.hu\/index.php\/wp-json\/wp\/v2\/posts\/71105\/revisions"}],"predecessor-version":[{"id":71106,"href":"https:\/\/gazdasagportal.hu\/index.php\/wp-json\/wp\/v2\/posts\/71105\/revisions\/71106"}],"wp:attachment":[{"href":"https:\/\/gazdasagportal.hu\/index.php\/wp-json\/wp\/v2\/media?parent=71105"}],"wp:term":[{"taxonomy":"category","embeddable":true,"href":"https:\/\/gazdasagportal.hu\/index.php\/wp-json\/wp\/v2\/categories?post=71105"},{"taxonomy":"post_tag","embeddable":true,"href":"https:\/\/gazdasagportal.hu\/index.php\/wp-json\/wp\/v2\/tags?post=71105"}],"curies":[{"name":"wp","href":"https:\/\/api.w.org\/{rel}","templated":true}]}}