{"id":71102,"date":"2015-11-26T14:50:52","date_gmt":"2015-11-26T13:50:52","guid":{"rendered":"http:\/\/gazdasagportal.hu\/?p=71102"},"modified":"2015-11-26T14:50:52","modified_gmt":"2015-11-26T13:50:52","slug":"az-iden-sem-dragul-a-fenyofa","status":"publish","type":"post","link":"https:\/\/gazdasagportal.hu\/index.php\/az-iden-sem-dragul-a-fenyofa\/","title":{"rendered":"Az id\u00e9n sem dr\u00e1gul a feny\u0151fa"},"content":{"rendered":"<p><strong>Orsz\u00e1gszerte a j\u00f6v\u0151 h\u00e9t v\u00e9g\u00e9t\u0151l kezdik \u00e1rulni a feny\u0151f\u00e1kat, az \u00e1rak az el\u0151z\u0151 \u00e9vhez k\u00e9pest nem v\u00e1ltoznak &#8211; mondta Biza Kl\u00e1ra, a Magyar Kert\u00e9szeti \u00c1rud\u00e1k Egyes\u00fclet\u00e9nek (Makert) eln\u00f6ke az MTI \u00e9rdekl\u0151d\u00e9s\u00e9re.<\/strong><!--more--><\/p>\n<div class=\"ads-in-post1\"><div id=\"gazdasagportal.hu_fullbanner_wideboard\"><\/div>\r\n<\/div>\n<p>    K\u00f6z\u00f6lte: az id\u00e9n nem t\u00f6rt\u00e9nt olyan int\u00e9zked\u00e9s, amely indokoln\u00e1 az \u00e1rak emelked\u00e9s\u00e9t, v\u00e1ltozatlan a kitermel\u00e9si- \u00e9s a fuvark\u00f6lts\u00e9g is.<br \/>\n    <a href=\"https:\/\/gazdasagportal.hu\/wp-content\/uploads\/2015\/11\/fenyofa.jpg\"><img decoding=\"async\" loading=\"lazy\" src=\"https:\/\/gazdasagportal.hu\/wp-content\/uploads\/2015\/11\/fenyofa.jpg\" alt=\"fenyofa\" width=\"264\" height=\"191\" class=\"alignleft size-full wp-image-71103\" \/><\/a>A szakember szerint a legn\u00e9pszer\u0171bb fajta v\u00e1rhat\u00f3an az id\u00e9n is a lucfeny\u0151 marad, amelynek \u00e1ra ezer forint k\u00f6r\u00fcl alakul m\u00e9terenk\u00e9nt. Az ez\u00fcstfeny\u0151t \u00e1tlagosan n\u00e9gyezer forint\u00e9rt k\u00edn\u00e1lj\u00e1k, a nordmann fa \u00e1ra pedig \u00f6t-hatezer forint k\u00f6r\u00fcl alakul. Az import sem dr\u00e1gul, a k\u00edn\u00e1lat megfelel\u0151, az egyre n\u00e9pszer\u0171bb nordmann feny\u0151t f\u0151leg D\u00e1ni\u00e1b\u00f3l import\u00e1lj\u00e1k &#8211; tette hozz\u00e1.<br \/>\n    Az eln\u00f6k felh\u00edvta a figyelmet arra, hogy egy fajt\u00e1n bel\u00fcl is k\u00fcl\u00f6nb\u00f6z\u0151 min\u0151s\u00e9gi oszt\u00e1lyok vannak, az \u00fagynevezett hipermarket kateg\u00f3ria lesz a legolcs\u00f3bb, de annak a min\u0151s\u00e9ge is gyeng\u00e9bb.<br \/>\n    Az \u00e1rusok a piac tisztul\u00e1s\u00e1t v\u00e1rj\u00e1k az elektronikus k\u00f6z\u00fati \u00e1ruforgalom ellen\u0151rz\u0151 rendszert\u0151l (ek\u00e1er), mert m\u00e1r minden sz\u00e1ll\u00edtm\u00e1nyt be kell jelenteni, \u00edgy kev\u00e9sb\u00e9 tudnak feket\u00e9n sz\u00e1ll\u00edtani &#8211; mondta.<br \/>\n    Kit\u00e9rt arra: a v\u00e1gott feny\u0151k kitermel\u00e9se elkezd\u0151d\u00f6tt, de \u00e9vr\u0151l-\u00e9vre n\u00e9pszer\u0171bbek az \u00fcnnepek elm\u00falt\u00e1val ki\u00fcltethet\u0151 gy\u00f6keres feny\u0151f\u00e1k. Ezek eset\u00e9ben fontos, hogy ellen\u0151rz\u00f6tt helyr\u0151l, kert\u00e9szeti \u00e1rud\u00e1ban vagy kert\u00e9szeti \u00e1ruh\u00e1zban v\u00e1s\u00e1roljuk, mert csak a szakszer\u0171en kitermelt n\u00f6v\u00e9ny lesz \u00e9letk\u00e9pes &#8211; h\u00fazta al\u00e1. A teheraut\u00f3 plat\u00f3j\u00e1r\u00f3l v\u00e1s\u00e1rolt, gyorskitermel\u00e9s\u0171 fa gy\u00f6k\u00e9rcsonkja a szakember szerint nagy val\u00f3sz\u00edn\u0171s\u00e9ggel elsz\u00e1rad.(MTI)<\/p>\n","protected":false},"excerpt":{"rendered":"<p>Orsz\u00e1gszerte a j\u00f6v\u0151 h\u00e9t v\u00e9g\u00e9t\u0151l kezdik \u00e1rulni a feny\u0151f\u00e1kat, az \u00e1rak az el\u0151z\u0151 \u00e9vhez k\u00e9pest nem v\u00e1ltoznak &#8211; mondta Biza Kl\u00e1ra, a Magyar Kert\u00e9szeti \u00c1rud\u00e1k Egyes\u00fclet\u00e9nek (Makert) eln\u00f6ke az MTI \u00e9rdekl\u0151d\u00e9s\u00e9re.<\/p>\n","protected":false},"author":1,"featured_media":71103,"comment_status":"open","ping_status":"closed","sticky":false,"template":"","format":"standard","meta":[],"categories":[4,136,19],"tags":[],"_links":{"self":[{"href":"https:\/\/gazdasagportal.hu\/index.php\/wp-json\/wp\/v2\/posts\/71102"}],"collection":[{"href":"https:\/\/gazdasagportal.hu\/index.php\/wp-json\/wp\/v2\/posts"}],"about":[{"href":"https:\/\/gazdasagportal.hu\/index.php\/wp-json\/wp\/v2\/types\/post"}],"author":[{"embeddable":true,"href":"https:\/\/gazdasagportal.hu\/index.php\/wp-json\/wp\/v2\/users\/1"}],"replies":[{"embeddable":true,"href":"https:\/\/gazdasagportal.hu\/index.php\/wp-json\/wp\/v2\/comments?post=71102"}],"version-history":[{"count":1,"href":"https:\/\/gazdasagportal.hu\/index.php\/wp-json\/wp\/v2\/posts\/71102\/revisions"}],"predecessor-version":[{"id":71104,"href":"https:\/\/gazdasagportal.hu\/index.php\/wp-json\/wp\/v2\/posts\/71102\/revisions\/71104"}],"wp:featuredmedia":[{"embeddable":true,"href":"https:\/\/gazdasagportal.hu\/index.php\/wp-json\/wp\/v2\/media\/71103"}],"wp:attachment":[{"href":"https:\/\/gazdasagportal.hu\/index.php\/wp-json\/wp\/v2\/media?parent=71102"}],"wp:term":[{"taxonomy":"category","embeddable":true,"href":"https:\/\/gazdasagportal.hu\/index.php\/wp-json\/wp\/v2\/categories?post=71102"},{"taxonomy":"post_tag","embeddable":true,"href":"https:\/\/gazdasagportal.hu\/index.php\/wp-json\/wp\/v2\/tags?post=71102"}],"curies":[{"name":"wp","href":"https:\/\/api.w.org\/{rel}","templated":true}]}}