{"id":71100,"date":"2015-11-26T14:18:36","date_gmt":"2015-11-26T13:18:36","guid":{"rendered":"http:\/\/gazdasagportal.hu\/?p=71100"},"modified":"2015-11-26T14:18:36","modified_gmt":"2015-11-26T13:18:36","slug":"iszlam-allam-cameron-indokolt-lenne-kiterjeszteni-a-brit-hadmuveleteket-sziriara","status":"publish","type":"post","link":"https:\/\/gazdasagportal.hu\/index.php\/iszlam-allam-cameron-indokolt-lenne-kiterjeszteni-a-brit-hadmuveleteket-sziriara\/","title":{"rendered":"Iszl\u00e1m \u00c1llam &#8211; Cameron: indokolt lenne kiterjeszteni a brit hadm\u0171veleteket Sz\u00edri\u00e1ra"},"content":{"rendered":"<p><strong>A brit minisztereln\u00f6k szerint t\u00f6bb okb\u00f3l is indokolt lenne Nagy-Britannia bekapcsol\u00f3d\u00e1sa az Iszl\u00e1m \u00c1llam nev\u0171 dzsihadista terrorszervezet sz\u00edriai \u00e1ll\u00e1sai elleni l\u00e9gi hadm\u0171veletekbe.<\/strong><!--more--><\/p>\n<div class=\"ads-in-post1\"><div id=\"gazdasagportal.hu_fullbanner_wideboard\"><\/div>\r\n<\/div>\n<p>    David Cameron a londoni als\u00f3h\u00e1zban ismertette cs\u00fct\u00f6rt\u00f6k\u00f6n a korm\u00e1ny \u00e9rveit.<br \/>\n    A brit kir\u00e1lyi l\u00e9gier\u0151 (RAF) r\u00e9szt vesz az Iszl\u00e1m \u00c1llam iraki \u00e1ll\u00e1sai elleni t\u00e1mad\u00e1sokban, \u00e1m a sz\u00edriai l\u00e9gi hadm\u0171veletekben nem, mivel ehhez a brit parlament nem adta hozz\u00e1j\u00e1rul\u00e1s\u00e1t. A t\u00f6rv\u00e9nyhoz\u00e1s agg\u00e1lyait legut\u00f3bb az als\u00f3h\u00e1z k\u00fcl\u00fcgyi bizotts\u00e1ga foglalta \u00f6ssze november elej\u00e9n, k\u00fcl\u00f6n jelent\u00e9st \u00f6ssze\u00e1ll\u00edtva arr\u00f3l, hogy mi\u00e9rt nem tartja tov\u00e1bbra sem k\u00edv\u00e1natosnak Nagy-Britannia r\u00e9szv\u00e9tel\u00e9t a sz\u00edriai hadm\u0171veletekben.<br \/>\n    A bizotts\u00e1gi jelent\u00e9s szerint a sz\u00edriai bevet\u00e9sek esetleges eredm\u00e9nyein j\u00f3val t\u00faltesznek azok a kock\u00e1zatok, amelyek a beavatkoz\u00e1s nem egy\u00e9rtelm\u0171 jogi megalapozotts\u00e1g\u00e1b\u00f3l, a sz\u00edriai politikai k\u00e1oszb\u00f3l \u00e9s mindezek diplom\u00e1ciai \u00e1r\u00e1b\u00f3l eredhetnek. Az \u00e1ll\u00e1sfoglal\u00e1s szerint Nagy-Britanni\u00e1nak nem szabad \u00fagy katonai akci\u00f3ba kezdenie Sz\u00edri\u00e1ban, hogy nincs koherens nemzetk\u00f6zi strat\u00e9gia az Iszl\u00e1m \u00c1llam legy\u0151z\u00e9se \u00e9s a sz\u00edriai h\u00e1bor\u00fa lez\u00e1r\u00e1sa ut\u00e1ni id\u0151szakra.<br \/>\n    Cameron cs\u00fct\u00f6rt\u00f6ki als\u00f3h\u00e1zi felsz\u00f3lal\u00e1s\u00e1ban ezekre az agg\u00e1lyokra igyekezett v\u00e1laszt adni.<br \/>\n    Kijelentette: a brit korm\u00e1ny levonta az iraki h\u00e1bor\u00fat k\u00f6vet\u0151 fejlem\u00e9nyek tanuls\u00e1gait, \u00e9s nem c\u00e9lja a sz\u00edriai \u00e1llamg\u00e9pezet sz\u00e9tzil\u00e1l\u00e1sa. A c\u00e9l olyan politikai \u00e1tmenet el\u0151seg\u00edt\u00e9se, amelynek eredm\u00e9nyek\u00e9nt a Bass\u00e1r el-Aszad sz\u00edriai eln\u00f6k vezette rezsim helyett \u00faj, a sz\u00edriai t\u00e1rsadalom eg\u00e9sz\u00e9t k\u00e9pvisel\u0151 korm\u00e1ny j\u00f6n l\u00e9tre.<br \/>\n    Parlamenti felsz\u00f3lal\u00e1s\u00e1val egy id\u0151ben Cameron beterjesztett egy 36 oldalas csomagtervet is, v\u00e1laszul a k\u00fcl\u00fcgyi bizotts\u00e1g felvet\u00e9seire. Ebben is kit\u00e9r a brit korm\u00e1ny \u00e1ltal k\u00edv\u00e1natosnak tartott \u00e1talakul\u00e1si strat\u00e9gi\u00e1ra, amelynek sarkalatos elemei k\u00f6z\u00e9 tartozik a sz\u00edriai alkotm\u00e1nyos \u00e9s jogi berendezked\u00e9s fel\u00fclvizsg\u00e1lata, k\u00f6zmegegyez\u00e9sen alapul\u00f3 \u00faj alkotm\u00e1ny felv\u00e1zol\u00e1sa, \u00e9s mindezek alapj\u00e1n szabad, t\u00f6bbp\u00e1rti v\u00e1laszt\u00e1sok megtart\u00e1sa.<br \/>\n    Mindek\u00f6zben meg kell \u0151rizni az \u00e1llamg\u00e9pezet m\u0171k\u00f6d\u00e9s\u00e9nek folyamatoss\u00e1g\u00e1t. Ebbe beletartozik a hadsereg \u00e9s a biztons\u00e1gi szolg\u00e1latok egyben tart\u00e1sa, annak biztos\u00edt\u00e1s\u00e1val, hogy ezek az emberi jogok alapelveit tiszteletben tartva, a civil vezet\u00e9s ellen\u0151rz\u00e9se alatt m\u0171k\u00f6dnek tov\u00e1bb &#8211; \u00e1ll Cameron javaslatcsomagj\u00e1ban.<br \/>\n    Cs\u00fct\u00f6rt\u00f6ki als\u00f3h\u00e1zi felsz\u00f3lal\u00e1s\u00e1ban a brit korm\u00e1nyf\u0151 kijelentette, hogy az Iszl\u00e1m \u00c1llam k\u00f6zvetlen fenyeget\u00e9st jelent Nagy-Britanni\u00e1ra, amely a terrorcsoport \u00e1ltal sz\u0151tt mer\u00e9nylettervek f\u0151 c\u00e9lorsz\u00e1gai k\u00f6z\u00f6tt van.<br \/>\n    Cameron szerint a brit elh\u00e1r\u00edt\u00f3 szolg\u00e1latok csak az elm\u00falt egy \u00e9vben h\u00e9t nagy-britanniai mer\u00e9nylettervet hi\u00fas\u00edtottak meg, \u00e9s ezek mindegyik\u00e9t vagy k\u00f6zvetlen\u00fcl az Iszl\u00e1m \u00c1llam tervelte ki, vagy a terrorszervezet propagand\u00e1j\u00e1nak hat\u00e1s\u00e1ra akart\u00e1k elk\u00f6vetni.<br \/>\n    A brit korm\u00e1nyf\u0151 szerint Nagy-Britannia ebben a helyzetben &#8222;nem szervezheti ki&#8221; a gondoskod\u00e1st saj\u00e1t nemzetbiztons\u00e1g\u00e1r\u00f3l azoknak a sz\u00f6vets\u00e9geseinek, amelyek m\u00e1r r\u00e9szesei az Iszl\u00e1m \u00c1llam sz\u00edriai \u00e1ll\u00e1sai elleni hadm\u0171veleteknek.<br \/>\n    Cameron szerint a brit kir\u00e1lyi l\u00e9gier\u0151 (RAF) m\u00e9g az amerikain\u00e1l is pontosabb csap\u00e1sokra lenne k\u00e9pes, ha bekapcsol\u00f3dna a sz\u00edriai hadm\u0171veletekbe.<br \/>\n    Kijelentette: az RAF Irakban m\u00e1r megmutatta, hogy k\u00e9pes minim\u00e1lis j\u00e1rul\u00e9kos k\u00e1rokat okoz\u00f3, rendk\u00edv\u00fcli pontoss\u00e1g\u00fa csap\u00e1sokra Brimstone t\u00edpus\u00fa l\u00e9zervez\u00e9rl\u00e9s\u0171 prec\u00edzi\u00f3s bomb\u00e1kkal. &#8222;Ilyenj\u00fck m\u00e9g az amerikaiaknak sincs&#8221; &#8211; tette hozz\u00e1.<br \/>\n    Cameron szerint az RAF Tornado harci g\u00e9pei az Iszl\u00e1m \u00c1llam elleni iraki l\u00e9gi hadm\u0171veletekben a koal\u00edci\u00f3 hadsz\u00ednt\u00e9ri l\u00e9gi felder\u00edt\u00e9si feladatainak 60 sz\u00e1zal\u00e9k\u00e1t v\u00e9gzik el, a brit Reaper dr\u00f3nok pedig a hasonl\u00f3 sz\u00edriai felder\u00edt\u00e9sek 30 sz\u00e1zal\u00e9k\u00e1t hajtj\u00e1k v\u00e9gre, csak \u00e9ppen fed\u00e9lzeti fegyvereiket nem vethetik be.<br \/>\n    Hozz\u00e1tette: a brit korm\u00e1ny v\u00e9lem\u00e9nye szerint er\u0151teljes jogi megalapozotts\u00e1ga lenne a sz\u00edriai beavatkoz\u00e1snak. Az Iszl\u00e1m \u00c1llam k\u00f6zpontja ugyanis Sz\u00edri\u00e1ban van, \u00e9s a szervezet k\u00f6zvetlen vesz\u00e9lyt jelent Nagy-Britanni\u00e1ra \u00e9s sz\u00f6vets\u00e9geseire, \u00edgy a brit r\u00e9szv\u00e9tel a hadm\u0171veletekben jogos kollekt\u00edv \u00f6nv\u00e9delemnek min\u0151s\u00fclne.<br \/>\n    Oroszorsz\u00e1g sz\u00edriai katonai jelenl\u00e9t\u00e9r\u0151l Cameron elmondta: az amerikaiak vezette l\u00e9gi hadm\u0171veleti k\u00f6zpont memorandumot \u00edrt al\u00e1 az oroszokkal, amely napi kapcsolatot \u00e9s pragmatikus katonai tervez\u00e9st tesz lehet\u0151v\u00e9 a koal\u00edci\u00f3s partnerek biztons\u00e1ga \u00e9rdek\u00e9ben, \u00e9s ez vonatkozna a brit l\u00e9gier\u0151re is.<br \/>\n    Egyel\u0151re nincs kit\u0171zve a sz\u00edriai brit beavatkoz\u00e1sr\u00f3l sz\u00f3l\u00f3 als\u00f3h\u00e1zi szavaz\u00e1s id\u0151pontja. A korm\u00e1ny \u00e1ll\u00e1spontja az, hogy akkor terjeszti voksol\u00e1sra az ind\u00edtv\u00e1nyt, ha \u00fagy l\u00e1tja, hogy megvan a kell\u0151 m\u00e9rt\u00e9k\u0171 konszenzus.<br \/>\n    Az \u00f3vatoss\u00e1got indokolja, hogy k\u00e9t \u00e9ve, amikor London az Aszad-rezsim ellen akarta bevetni a l\u00e9gier\u0151t, a korm\u00e1ny v\u00e1ratlan \u00e9s k\u00ednos veres\u00e9get szenvedett az err\u0151l tartott als\u00f3h\u00e1zi szavaz\u00e1son.(MTI)<\/p>\n","protected":false},"excerpt":{"rendered":"<p>A brit minisztereln\u00f6k szerint t\u00f6bb okb\u00f3l is indokolt lenne Nagy-Britannia bekapcsol\u00f3d\u00e1sa az Iszl\u00e1m \u00c1llam nev\u0171 dzsihadista terrorszervezet sz\u00edriai \u00e1ll\u00e1sai elleni l\u00e9gi hadm\u0171veletekbe.<\/p>\n","protected":false},"author":1,"featured_media":0,"comment_status":"open","ping_status":"closed","sticky":false,"template":"","format":"standard","meta":[],"categories":[16],"tags":[],"_links":{"self":[{"href":"https:\/\/gazdasagportal.hu\/index.php\/wp-json\/wp\/v2\/posts\/71100"}],"collection":[{"href":"https:\/\/gazdasagportal.hu\/index.php\/wp-json\/wp\/v2\/posts"}],"about":[{"href":"https:\/\/gazdasagportal.hu\/index.php\/wp-json\/wp\/v2\/types\/post"}],"author":[{"embeddable":true,"href":"https:\/\/gazdasagportal.hu\/index.php\/wp-json\/wp\/v2\/users\/1"}],"replies":[{"embeddable":true,"href":"https:\/\/gazdasagportal.hu\/index.php\/wp-json\/wp\/v2\/comments?post=71100"}],"version-history":[{"count":1,"href":"https:\/\/gazdasagportal.hu\/index.php\/wp-json\/wp\/v2\/posts\/71100\/revisions"}],"predecessor-version":[{"id":71101,"href":"https:\/\/gazdasagportal.hu\/index.php\/wp-json\/wp\/v2\/posts\/71100\/revisions\/71101"}],"wp:attachment":[{"href":"https:\/\/gazdasagportal.hu\/index.php\/wp-json\/wp\/v2\/media?parent=71100"}],"wp:term":[{"taxonomy":"category","embeddable":true,"href":"https:\/\/gazdasagportal.hu\/index.php\/wp-json\/wp\/v2\/categories?post=71100"},{"taxonomy":"post_tag","embeddable":true,"href":"https:\/\/gazdasagportal.hu\/index.php\/wp-json\/wp\/v2\/tags?post=71100"}],"curies":[{"name":"wp","href":"https:\/\/api.w.org\/{rel}","templated":true}]}}