{"id":71098,"date":"2015-11-26T13:51:13","date_gmt":"2015-11-26T12:51:13","guid":{"rendered":"http:\/\/gazdasagportal.hu\/?p=71098"},"modified":"2015-11-26T13:32:09","modified_gmt":"2015-11-26T12:32:09","slug":"nagy-marton-lesz-a-tozsde-uj-elnoke","status":"publish","type":"post","link":"https:\/\/gazdasagportal.hu\/index.php\/nagy-marton-lesz-a-tozsde-uj-elnoke\/","title":{"rendered":"Nagy M\u00e1rton lesz a t\u0151zsde \u00faj eln\u00f6ke"},"content":{"rendered":"<p><strong>Nagy M\u00e1rton, a Magyar Nemzeti Bank (MNB) aleln\u00f6ke lesz a Budapesti \u00c9rt\u00e9kt\u0151zsde (B\u00c9T) \u00faj eln\u00f6ke, aki megtartja aleln\u00f6ki posztj\u00e1t is a jegybankban &#8211; er\u0151s\u00edtette meg az MNB cs\u00fct\u00f6rt\u00f6k\u00f6n az MTI \u00e9rdekl\u0151d\u00e9s\u00e9re.<\/strong><!--more--><\/p>\n<div class=\"ads-in-post1\"><div id=\"gazdasagportal.hu_fullbanner_wideboard\"><\/div>\r\n<\/div>\n<p>    A B\u00c9T vez\u00e9rigazgat\u00f3ja V\u00e9gh Rich\u00e1rd lesz, aki jelenleg az MNB t\u0151kepiaci \u00e9s piacfel\u00fcgyeleti igazgat\u00f3i poz\u00edci\u00f3j\u00e1t t\u00f6lti be &#8211; k\u00f6z\u00f6lt\u00e9k.<br \/>\n    A Magyar Id\u0151k cs\u00fct\u00f6rt\u00f6ki sz\u00e1m\u00e1ban jegybanki forr\u00e1sra hivatkozva \u00edrt arr\u00f3l, hogy Nagy M\u00e1rton ker\u00fcl a B\u00c9T \u00e9l\u00e9re, miut\u00e1n a jegybank &#8211; a Gazdas\u00e1gi Versenyhivatal j\u00f3v\u00e1hagy\u00e1s\u00e1t k\u00f6vet\u0151en &#8211; a t\u0151zsde t\u00f6bbs\u00e9gi tulajdonosa lesz. Gerhardt Ferenc, az MNB aleln\u00f6ke a lapnak elmondta: a jegybank v\u00e1rakoz\u00e1sai szerint a december 18-\u00e1val z\u00e1rul\u00f3 h\u00e9tig ez meg is t\u00f6rt\u00e9nik, ekkorra v\u00e1lhat v\u00e9glegess\u00e9 az ad\u00e1sv\u00e9tel. Ezek ut\u00e1n h\u00edvja \u00f6ssze az MNB a t\u0151zsde k\u00f6zgy\u0171l\u00e9s\u00e9t, ahol az \u00faj vezet\u0151ket is megv\u00e1lasztj\u00e1k &#8211; tette hozz\u00e1 Gerhardt Ferenc.<br \/>\n    A B\u00c9T jelenlegi eln\u00f6ke Michael Buhl, aleln\u00f6ke Sz\u00e9cs\u00e9nyi B\u00e1lint, vez\u00e9rigazgat\u00f3ja Katona Zsolt.<br \/>\n    Az MNB p\u00e9nteken \u00edrta al\u00e1 az ad\u00e1sv\u00e9teli szerz\u0151d\u00e9st a Budapesti \u00c9rt\u00e9kt\u0151zsde (B\u00c9T) 68,8 sz\u00e1zal\u00e9kos tulajdonr\u00e9sz\u00e9nek megv\u00e1s\u00e1rl\u00e1s\u00e1r\u00f3l az osztr\u00e1k CEESEG AG-val \u00e9s az \u00d6sterreichische Kontrollbank AG-val. A magyar jegybank ezzel min\u0151s\u00edtett t\u00f6bbs\u00e9gi tulajdonos\u00e1v\u00e1 v\u00e1lik a magyar \u00e9rt\u00e9kt\u0151zsd\u00e9nek, amely ezzel a l\u00e9p\u00e9ssel ism\u00e9t nemzeti tulajdonba ker\u00fcl. Mivel a r\u00e9szv\u00e9nyek 6,95 sz\u00e1zal\u00e9k\u00e1t m\u00e1r eddig is az MNB birtokolta, tulajdonr\u00e9sze a v\u00e1s\u00e1rl\u00e1ssal 75,8 sz\u00e1zal\u00e9kra n\u0151. A v\u00e9tel\u00e1r r\u00e9szv\u00e9nyenk\u00e9nt 3550 forint, azaz a teljes csomag\u00e9rt 13,2 milli\u00e1rd forintot fizet a jegybank. A t\u0151zsde v\u00e9tel\u00e1ra a j\u00f6v\u0151beli eredm\u00e9nyess\u00e9gen t\u00fal t\u00fckr\u00f6zi a B\u00c9T-nek a KELER-csoportban megl\u00e9v\u0151 k\u00f6zel 47 sz\u00e1zal\u00e9kos r\u00e9szesed\u00e9s\u00e9nek \u00e9rt\u00e9k\u00e9t is.  A B\u00c9T v\u00e9tel\u00e1r\u00e1nak meghat\u00e1roz\u00e1s\u00e1t f\u00fcggetlen, nemzetk\u00f6zileg elismert tan\u00e1csad\u00f3c\u00e9g \u00e9rt\u00e9kel\u00e9se alapozta meg &#8211; k\u00f6z\u00f6lte az MNB.<br \/>\n     A B\u00c9T meghat\u00e1roz\u00f3 tulajdonosak\u00e9nt a magyar jegybank sz\u00e1mos olyan strat\u00e9giai \u00faj\u00edt\u00e1s bevezet\u00e9s\u00e9re k\u00e9sz\u00fcl, amelyek a hazai t\u0151kepiac fejleszt\u00e9s\u00e9t szolg\u00e1lj\u00e1k, \u00e9s amelyek megfelel\u0151 \u00f6szt\u00f6nz\u0151ket biztos\u00edtanak a hazai t\u0151zsdei kibocs\u00e1t\u00f3k \u00e9s befektet\u0151k sz\u00e1m\u00e1ra &#8211; k\u00f6z\u00f6lte a tranzakci\u00f3 bejelent\u00e9sekor az MNB.  Az \u00faj piacfejleszt\u00e9si strat\u00e9gia kialak\u00edt\u00e1s\u00e1ban, \u00e9s megval\u00f3s\u00edt\u00e1s\u00e1ban az MNB egy\u00fctt szeretne m\u0171k\u00f6dni a jelenlegi meghat\u00e1roz\u00f3 t\u00e1rstulajdonosokkal, a nagysz\u00e1m\u00fa kisr\u00e9szv\u00e9nyesnek pedig v\u00e9teli aj\u00e1nlatot k\u00edv\u00e1n tenni.<br \/>\n    A B\u00c9T leend\u0151 eln\u00f6ke, Nagy M\u00e1rton egy keddi sajt\u00f3t\u00e1j\u00e9koztat\u00f3j\u00e1n kifejtette, hogy a belf\u00f6ldi  megtakar\u00edt\u00e1sokat tervezik a t\u0151zsd\u00e9re terelni a magyarorsz\u00e1gi c\u00e9gek finansz\u00edroz\u00e1sa \u00e9rdek\u00e9ben, m\u00edg a jelenlegi forgalom t\u00falnyom\u00f3 r\u00e9sz\u00e9t k\u00fclf\u00f6ldi int\u00e9zm\u00e9nyi befektet\u0151k gener\u00e1lj\u00e1k.(MTI)<\/p>\n","protected":false},"excerpt":{"rendered":"<p>Nagy M\u00e1rton, a Magyar Nemzeti Bank (MNB) aleln\u00f6ke lesz a Budapesti \u00c9rt\u00e9kt\u0151zsde (B\u00c9T) \u00faj eln\u00f6ke, aki megtartja aleln\u00f6ki posztj\u00e1t is a jegybankban &#8211; er\u0151s\u00edtette meg az MNB cs\u00fct\u00f6rt\u00f6k\u00f6n az MTI \u00e9rdekl\u0151d\u00e9s\u00e9re.<\/p>\n","protected":false},"author":1,"featured_media":0,"comment_status":"open","ping_status":"closed","sticky":false,"template":"","format":"standard","meta":[],"categories":[19],"tags":[],"_links":{"self":[{"href":"https:\/\/gazdasagportal.hu\/index.php\/wp-json\/wp\/v2\/posts\/71098"}],"collection":[{"href":"https:\/\/gazdasagportal.hu\/index.php\/wp-json\/wp\/v2\/posts"}],"about":[{"href":"https:\/\/gazdasagportal.hu\/index.php\/wp-json\/wp\/v2\/types\/post"}],"author":[{"embeddable":true,"href":"https:\/\/gazdasagportal.hu\/index.php\/wp-json\/wp\/v2\/users\/1"}],"replies":[{"embeddable":true,"href":"https:\/\/gazdasagportal.hu\/index.php\/wp-json\/wp\/v2\/comments?post=71098"}],"version-history":[{"count":1,"href":"https:\/\/gazdasagportal.hu\/index.php\/wp-json\/wp\/v2\/posts\/71098\/revisions"}],"predecessor-version":[{"id":71099,"href":"https:\/\/gazdasagportal.hu\/index.php\/wp-json\/wp\/v2\/posts\/71098\/revisions\/71099"}],"wp:attachment":[{"href":"https:\/\/gazdasagportal.hu\/index.php\/wp-json\/wp\/v2\/media?parent=71098"}],"wp:term":[{"taxonomy":"category","embeddable":true,"href":"https:\/\/gazdasagportal.hu\/index.php\/wp-json\/wp\/v2\/categories?post=71098"},{"taxonomy":"post_tag","embeddable":true,"href":"https:\/\/gazdasagportal.hu\/index.php\/wp-json\/wp\/v2\/tags?post=71098"}],"curies":[{"name":"wp","href":"https:\/\/api.w.org\/{rel}","templated":true}]}}