{"id":7097,"date":"2013-04-20T10:35:35","date_gmt":"2013-04-20T08:35:35","guid":{"rendered":"http:\/\/stockportal.hu\/?p=7097"},"modified":"2013-04-20T10:35:35","modified_gmt":"2013-04-20T08:35:35","slug":"romano-prodi-sem-kapott-tobbseget-az-olasz-allamfovalasztason","status":"publish","type":"post","link":"https:\/\/gazdasagportal.hu\/index.php\/romano-prodi-sem-kapott-tobbseget-az-olasz-allamfovalasztason\/","title":{"rendered":"Romano Prodi sem kapott t\u00f6bbs\u00e9get az olasz \u00e1llamf\u0151v\u00e1laszt\u00e1son"},"content":{"rendered":"<p><strong>\u00a0Eredm\u00e9nytelen\u00fcl z\u00e1rult az olasz \u00e1llamf\u0151v\u00e1laszt\u00e1s m\u00e1sodik napja is, a balk\u00f6z\u00e9p \u00faj jel\u00f6ltje, Romano Prodi az egyszer\u0171 t\u00f6bbs\u00e9get sem szerezte meg a v\u00e1laszt\u00e1s negyedik fordul\u00f3j\u00e1ban p\u00e9nteken.<!--more--><\/strong><\/p>\n<p>Prodi 395 szavazatot kapott, de ez nem volt elegend\u0151 a negyedik fordul\u00f3ban, ahol a gy\u0151zelemhez m\u00e1r az egyszer\u0171 t\u00f6bbs\u00e9g &#8211; 50 sz\u00e1zal\u00e9k plusz egy szavazat (504 voks) &#8211; is el\u00e9g lett volna.<br \/>\nA m\u00e1sodik Stefano Rodota, az 5 Csillag Mozgalom jel\u00f6ltje lett 213 vokssal.<br \/>\nProdit a balk\u00f6z\u00e9p Demokrata P\u00e1rt (PD) p\u00e9nteken jel\u00f6lte, \u00e9s a szavaz\u00e1s el\u0151tt a Balk\u00f6z\u00e9p K\u00f6rnyezet Szabads\u00e1g (Sel) is t\u00e1mogat\u00e1s\u00e1r\u00f3l biztos\u00edtotta.<br \/>\nEzzel szemben a 476 tag\u00fa balk\u00f6z\u00e9p koal\u00edci\u00f3 nem szavazott egys\u00e9gesen Prodira.<br \/>\nA PD az M5S t\u00e1mogat\u00e1s\u00e1ban is b\u00edzott, de a civil mozgalom tov\u00e1bbra is Rodot\u00e1ra szavazott. Az alkotm\u00e1nyjog\u00e1sz az M5S 162 parlamenti tagj\u00e1n t\u00fal m\u00e1sokt\u00f3l is szavazatot kapott.<br \/>\nSaj\u00e1t jel\u00f6ltj\u00e9t t\u00e1mogatta a Mario Monti vezette centrum is: Anna Maria Cancellierit, az \u00fcgyviv\u0151 korm\u00e1ny bel\u00fcgyminiszter\u00e9t 78 szavazattal.<br \/>\nA jobbk\u00f6z\u00e9p Szabads\u00e1g N\u00e9pe (PdL) \u00e9s az \u00c9szaki Liga nem vett r\u00e9szt a szavaz\u00e1son, \u00e9s kivonult az \u00fcl\u00e9steremb\u0151l. A szavaz\u00e1s alatt a PdL h\u00edvei a parlament el\u0151tt t\u00fcntettek Prodi ellen.<br \/>\nA PdL nev\u00e9ben Alessandra Mussolini &#8222;elfogadhatatlannak&#8221; nevezte Prodi jel\u00f6l\u00e9s\u00e9t. A k\u00e9pvisel\u0151n\u0151 &#8222;Az \u00f6rd\u00f6g Prodit visel&#8221; felirat\u00fa p\u00f3l\u00f3ban nyilatkozva elmondta, hogy a Prodi nem csak a PdL, hanem Olaszorsz\u00e1g ellens\u00e9ge is, &#8222;mivel Prodi vezette be az eur\u00f3t&#8221;.<br \/>\nRenato Brunetta PdL-politikus &#8222;megb\u00edzhatatlannak&#8221; nevezte a PD-t. &#8222;Ezek rosszabbak mint az Olasz Kommunista P\u00e1rt volt: el\u0151sz\u00f6r meg\u00e1llapodnak vel\u00fcnk Franco Marini jel\u00f6l\u00e9s\u00e9ben, mi megszavazzuk, a PD nem. Ut\u00e1na h\u00e1bor\u00fat ind\u00edtva ellen\u00fcnk Prodit jel\u00f6lik, \u00e9s meg se szavazz\u00e1k!&#8221; &#8211; mondta Brunetta, aki azt tan\u00e1csolta Pierluigi Bersani PD-f\u0151titk\u00e1rnak, hogy mondjon le.<br \/>\nAz olasz \u00e1llamf\u0151v\u00e1laszt\u00e1s szombaton folytat\u00f3dik az \u00f6t\u00f6dik szavaz\u00e1ssal.<br \/>\nElemz\u0151k szerint nem tudni, ki lesz a PD k\u00f6vetkez\u0151 jel\u00f6ltje, miut\u00e1n a p\u00e1rt k\u00e9t nap alatt k\u00e9t tekint\u00e9lyes jel\u00f6ltj\u00e9t &#8222;v\u00e9gezte ki&#8221;. A parlamenti tud\u00f3s\u00edt\u00f3k \u00e9rtes\u00fcl\u00e9sei szerint a PD \u00e9jszakai megbesz\u00e9l\u00e9sre h\u00edvta az M5S-t, mely azt \u00fczente a PD-nek, hogy \u00e1lljon Rodota mell\u00e9, \u00e9s cser\u00e9be az M5S t\u00e1mogat\u00e1s\u00e1t adja az esetleges PD-korm\u00e1nyhoz.<br \/>\n&#8222;\u00c9n is szeretn\u00e9m tudni, ezen a ponton mit l\u00e9p a PD! Bersani nem b\u00e9n\u00edthatja meg \u00e1lland\u00f3an az orsz\u00e1got! A balk\u00f6z\u00e9p egys\u00e9g\u00e9nek v\u00e9ge!&#8221; &#8211; hangoztatta Nichi Vendola, a Sel eln\u00f6ke, aki szerint Rodota az egyetlen lehets\u00e9ges &#8222;j\u00f3&#8221; d\u00f6nt\u00e9s.<br \/>\nA jobbk\u00f6z\u00e9p \u00fagy l\u00e1tja, a PD-nek m\u00e9g van egy &#8222;k\u00e1rty\u00e1ja&#8221;: Massimo D&#8217;Alema PD-eln\u00f6k, akit a PdL is megszavazna.<br \/>\nA PdL-lel val\u00f3 meg\u00e1llapod\u00e1s ellen azonban a PD h\u00edvei cs\u00fcrt\u00f6rt\u00f6k \u00f3ta t\u00fcntetnek.<br \/>\nA leghosszabb ideig 1971-ben Giovanni Leone \u00e1llamf\u0151v\u00e9 v\u00e1laszt\u00e1sa tartott: a 12. napon, a 23. szavaz\u00e1si fordul\u00f3ban v\u00e1lasztott\u00e1k meg. (MTI)<\/p>\n","protected":false},"excerpt":{"rendered":"<p>\u00a0Eredm\u00e9nytelen\u00fcl z\u00e1rult az olasz \u00e1llamf\u0151v\u00e1laszt\u00e1s m\u00e1sodik napja is, a balk\u00f6z\u00e9p \u00faj jel\u00f6ltje, Romano Prodi az egyszer\u0171 t\u00f6bbs\u00e9get sem szerezte meg a v\u00e1laszt\u00e1s negyedik fordul\u00f3j\u00e1ban p\u00e9nteken.<\/p>\n","protected":false},"author":1,"featured_media":0,"comment_status":"open","ping_status":"closed","sticky":false,"template":"","format":"standard","meta":[],"categories":[12],"tags":[53],"_links":{"self":[{"href":"https:\/\/gazdasagportal.hu\/index.php\/wp-json\/wp\/v2\/posts\/7097"}],"collection":[{"href":"https:\/\/gazdasagportal.hu\/index.php\/wp-json\/wp\/v2\/posts"}],"about":[{"href":"https:\/\/gazdasagportal.hu\/index.php\/wp-json\/wp\/v2\/types\/post"}],"author":[{"embeddable":true,"href":"https:\/\/gazdasagportal.hu\/index.php\/wp-json\/wp\/v2\/users\/1"}],"replies":[{"embeddable":true,"href":"https:\/\/gazdasagportal.hu\/index.php\/wp-json\/wp\/v2\/comments?post=7097"}],"version-history":[{"count":2,"href":"https:\/\/gazdasagportal.hu\/index.php\/wp-json\/wp\/v2\/posts\/7097\/revisions"}],"predecessor-version":[{"id":7121,"href":"https:\/\/gazdasagportal.hu\/index.php\/wp-json\/wp\/v2\/posts\/7097\/revisions\/7121"}],"wp:attachment":[{"href":"https:\/\/gazdasagportal.hu\/index.php\/wp-json\/wp\/v2\/media?parent=7097"}],"wp:term":[{"taxonomy":"category","embeddable":true,"href":"https:\/\/gazdasagportal.hu\/index.php\/wp-json\/wp\/v2\/categories?post=7097"},{"taxonomy":"post_tag","embeddable":true,"href":"https:\/\/gazdasagportal.hu\/index.php\/wp-json\/wp\/v2\/tags?post=7097"}],"curies":[{"name":"wp","href":"https:\/\/api.w.org\/{rel}","templated":true}]}}