{"id":70941,"date":"2015-11-23T14:14:24","date_gmt":"2015-11-23T13:14:24","guid":{"rendered":"http:\/\/gazdasagportal.hu\/?p=70941"},"modified":"2015-11-23T14:14:24","modified_gmt":"2015-11-23T13:14:24","slug":"sziria-a-brit-tronorokos-szerint-a-klimavaltozas-a-konfliktus-egyik-fo-oka","status":"publish","type":"post","link":"https:\/\/gazdasagportal.hu\/index.php\/sziria-a-brit-tronorokos-szerint-a-klimavaltozas-a-konfliktus-egyik-fo-oka\/","title":{"rendered":"Sz\u00edria &#8211; A brit tr\u00f3n\u00f6r\u00f6k\u00f6s szerint a kl\u00edmav\u00e1ltoz\u00e1s a konfliktus egyik f\u0151 oka"},"content":{"rendered":"<p><strong>A brit tr\u00f3n\u00f6r\u00f6k\u00f6s szerint az \u00e9ghajlatv\u00e1ltoz\u00e1s is a sz\u00edriai konfliktus f\u0151 okai k\u00f6z\u00f6tt van.<\/strong><!--more--><\/p>\n<div class=\"ads-in-post1\"><div id=\"gazdasagportal.hu_fullbanner_wideboard\"><\/div>\r\n<\/div>\n<p>    K\u00e1roly walesi herceg, II. Erzs\u00e9bet kir\u00e1lyn\u0151 legid\u0151sebb fia, az Egyes\u00fclt Kir\u00e1lys\u00e1g majdani uralkod\u00f3ja r\u00e9szt vesz \u00e9s felsz\u00f3lal a j\u00f6v\u0151 heti p\u00e1rizsi kl\u00edmacs\u00facson. K\u00e1roly, aki a rendezv\u00e9ny kapcs\u00e1n interj\u00fat adott a Sky News brit h\u00edrtelev\u00edzi\u00f3nak, kijelentette: a sz\u00edriai konfliktus &#8222;klasszikus p\u00e9ld\u00e1ja&#8221; annak, hogy milyen k\u00f6vetkezm\u00e9nyekkel j\u00e1rhat, ha egy probl\u00e9m\u00e1t elhanyagolnak.<br \/>\n    &#8222;Vagyunk n\u00e9h\u00e1nyan, akik m\u00e1r huszonvalah\u00e1ny \u00e9ve megmondtuk, hogy ha (a kl\u00edmav\u00e1ltoz\u00e1s) probl\u00e9m\u00e1j\u00e1t nem kezelj\u00fck, az mind s\u00falyosabb konfliktusokhoz vezet a ritkul\u00f3 term\u00e9szeti forr\u00e1sok\u00e9rt, \u00e9s mind nagyobb neh\u00e9zs\u00e9gekhez az asz\u00e1ly miatt&#8221; &#8211; mondta a tr\u00f3n\u00f6r\u00f6k\u00f6s.<br \/>\n    Hozz\u00e1tette: a kl\u00edmav\u00e1ltoz\u00e1s halmoz\u00f3d\u00f3 hat\u00e1sai k\u00e9sztetik v\u00e1ndorl\u00e1sra az embereket az \u00e9rintett t\u00e9rs\u00e9gekben.<br \/>\n    K\u00e1roly szerint &#8222;igen alapos bizony\u00edt\u00e9kok&#8221; mutatnak arra, hogy a &#8222;Sz\u00edri\u00e1ban zajl\u00f3 rettenet&#8221; egyik f\u0151 oka is egy \u00f6t-hat \u00e9vig tart\u00f3 asz\u00e1ly volt, amely miatt a helyi lakoss\u00e1g \u00f3ri\u00e1si t\u00f6megeinek kellett elhagyniuk f\u00f6ldjeiket, mivel egyszer\u0171en kifogytak a v\u00edzk\u00e9szletek \u00e9s megsemmis\u00fclt a term\u00e9s. A f\u00f6ldjeikr\u0151l elv\u00e1ndorl\u00f3k egyre nagyobb sz\u00e1mban k\u00f6lt\u00f6ztek a sz\u00edriai v\u00e1rosokba, amelyek m\u00e1r egy\u00e9bk\u00e9nt is &#8222;tele voltak iraki menek\u00fcltekkel&#8221;, \u00e9s ez egy\u00fctt &#8222;s\u00falyos neh\u00e9zs\u00e9geket okozott&#8221; &#8211; fejtegette a brit tr\u00f3n\u00f6r\u00f6k\u00f6s, aki igen ritk\u00e1n ad k\u00f6zvetlen sajt\u00f3interj\u00fat, \u00e9s m\u00e9g ritk\u00e1bban sz\u00f3lal meg a nyilv\u00e1noss\u00e1g el\u0151tt aktu\u00e1lpolitikai k\u00e9rd\u00e9sekben.<br \/>\n    A h\u00e9tf\u0151 este m\u0171sorra t\u0171z\u00f6tt besz\u00e9lget\u00e9sben &#8211; amelyb\u0151l a Sky News el\u0151zetes r\u00e9szleteket ismertetett &#8211; a walesi herceg hat\u00e1rozott igennel v\u00e1laszolt arra a k\u00e9rd\u00e9sre, hogy van-e k\u00f6zvetlen kapcsolat a kl\u00edmav\u00e1ltoz\u00e1s \u00e9s a konfliktusok, a terrorizmus k\u00f6z\u00f6tt. K\u00e1roly szerint az amerikai v\u00e9delmi miniszt\u00e9rium is csak elm\u00falt n\u00e9h\u00e1ny \u00e9vben kezdett erre odafigyelni.<br \/>\n    A tr\u00f3n\u00f6r\u00f6k\u00f6s szerint a 2008-as p\u00e9nz\u00fcgyi \u00f6sszeoml\u00e1s bankv\u00e1ls\u00e1g volt, \u00e1m a vil\u00e1g ma &#8222;a term\u00e9szet bankcs\u0151dj\u00e9nek nagyon is val\u00f3s lehet\u0151s\u00e9g\u00e9vel&#8221; k\u00e9nytelen szemben\u00e9zni.(MTI)<\/p>\n","protected":false},"excerpt":{"rendered":"<p>A brit tr\u00f3n\u00f6r\u00f6k\u00f6s szerint az \u00e9ghajlatv\u00e1ltoz\u00e1s is a sz\u00edriai konfliktus f\u0151 okai k\u00f6z\u00f6tt van.<\/p>\n","protected":false},"author":1,"featured_media":0,"comment_status":"open","ping_status":"closed","sticky":false,"template":"","format":"standard","meta":[],"categories":[16],"tags":[],"_links":{"self":[{"href":"https:\/\/gazdasagportal.hu\/index.php\/wp-json\/wp\/v2\/posts\/70941"}],"collection":[{"href":"https:\/\/gazdasagportal.hu\/index.php\/wp-json\/wp\/v2\/posts"}],"about":[{"href":"https:\/\/gazdasagportal.hu\/index.php\/wp-json\/wp\/v2\/types\/post"}],"author":[{"embeddable":true,"href":"https:\/\/gazdasagportal.hu\/index.php\/wp-json\/wp\/v2\/users\/1"}],"replies":[{"embeddable":true,"href":"https:\/\/gazdasagportal.hu\/index.php\/wp-json\/wp\/v2\/comments?post=70941"}],"version-history":[{"count":1,"href":"https:\/\/gazdasagportal.hu\/index.php\/wp-json\/wp\/v2\/posts\/70941\/revisions"}],"predecessor-version":[{"id":70942,"href":"https:\/\/gazdasagportal.hu\/index.php\/wp-json\/wp\/v2\/posts\/70941\/revisions\/70942"}],"wp:attachment":[{"href":"https:\/\/gazdasagportal.hu\/index.php\/wp-json\/wp\/v2\/media?parent=70941"}],"wp:term":[{"taxonomy":"category","embeddable":true,"href":"https:\/\/gazdasagportal.hu\/index.php\/wp-json\/wp\/v2\/categories?post=70941"},{"taxonomy":"post_tag","embeddable":true,"href":"https:\/\/gazdasagportal.hu\/index.php\/wp-json\/wp\/v2\/tags?post=70941"}],"curies":[{"name":"wp","href":"https:\/\/api.w.org\/{rel}","templated":true}]}}