{"id":70695,"date":"2015-11-17T06:47:34","date_gmt":"2015-11-17T05:47:34","guid":{"rendered":"http:\/\/gazdasagportal.hu\/?p=70695"},"modified":"2015-11-17T06:47:34","modified_gmt":"2015-11-17T05:47:34","slug":"az-amerikai-szovetsegi-tagallamok-tobb-mint-fele-nem-kivan-sziriai-migransokat-befogadni","status":"publish","type":"post","link":"https:\/\/gazdasagportal.hu\/index.php\/az-amerikai-szovetsegi-tagallamok-tobb-mint-fele-nem-kivan-sziriai-migransokat-befogadni\/","title":{"rendered":"Az amerikai sz\u00f6vets\u00e9gi tag\u00e1llamok t\u00f6bb mint fele nem k\u00edv\u00e1n sz\u00edriai migr\u00e1nsokat befogadni"},"content":{"rendered":"<p><strong>Az Egyes\u00fclt \u00c1llamok 50 sz\u00f6vets\u00e9gi tag\u00e1llam\u00e1b\u00f3l 26 jelentette be h\u00e9tf\u0151 estig, hogy a p\u00e1rizsi terrort\u00e1mad\u00e1sok nyom\u00e1n nem k\u00edv\u00e1n sz\u00edriai migr\u00e1nsokat befogadni. Agg\u00e1lyaiknak adtak hangot kanadai tartom\u00e1nyok is.<\/strong><!--more--><\/p>\n<div class=\"ads-in-post1\"><div id=\"gazdasagportal.hu_fullbanner_wideboard\"><\/div>\r\n<\/div>\n<p>    A CNN \u00f6sszes\u00edt\u00e9se szerint Alabama, Arizona, Arkansas, Florida, Georgia, Idaho, Illinois, Indiana, Iowa, Kansas, Louisiana, Maine, Massachusetts,Michigan, Mississippi, Nebraska, New Hampshire, New Jersey, \u00daj-Mexik\u00f3, \u00c9szak-Karolina, D\u00e9l-Karolina, Ohio, Oklahoma, Tennessee, Texas \u00e9s Wisconsin korm\u00e1nyz\u00f3ja jelentette be, hogy nem k\u00edv\u00e1n sz\u00edriai migr\u00e1nsokat befogadni.<br \/>\n    A f\u0151k\u00e9pp republik\u00e1nus vezet\u00e9s\u0171 \u00e1llamok azt k\u00f6vet\u0151en foglaltak \u00edgy \u00e1ll\u00e1st, hogy kider\u00fclt: a p\u00e1rizsi t\u00e1mad\u00e1sok elk\u00f6vet\u0151inek legal\u00e1bb egyike a sz\u00edriai migr\u00e1nsok hull\u00e1m\u00e1val \u00e9rkezett Eur\u00f3p\u00e1ba. A korm\u00e1nyz\u00f3k azt k\u00e9rt\u00e9k, hogy \u00e1llamukat hagyj\u00e1k ki az orsz\u00e1gos betelep\u00edt\u00e9si programb\u00f3l, vagy azt, hogy az \u00e9rkez\u0151ket vess\u00e9k al\u00e1 rendk\u00edv\u00fcli \u00e1tvil\u00e1g\u00edt\u00e1snak a potenci\u00e1lis biztons\u00e1gi fenyeget\u00e9s szempontj\u00e1b\u00f3l. Elismert\u00e9k ugyanakkor, hogy hat\u00e1sk\u00f6r\u00fck nem teszi lehet\u0151v\u00e9 a sz\u00f6vets\u00e9gi politika fel\u00fcl\u00edr\u00e1s\u00e1t.<br \/>\n    Barack Obama eln\u00f6k h\u00e9tf\u0151n bejelentette, hogy az Egyes\u00fclt \u00c1llamok folytatja a menek\u00fcltek befogad\u00e1s\u00e1t, \u00e9s sz\u00e9gyenteljesnek \u00e9s &#8222;nem amerikai&#8221; tulajdons\u00e1gnak nevezte azt, ha valaki be akarja el\u0151tt\u00fck csapni az ajt\u00f3t.<br \/>\n    A korm\u00e1nyz\u00f3k egyike, a Texas \u00e9l\u00e9n \u00e1ll\u00f3 Greg Abbott egy Twitter-\u00fczenetben azt k\u00f6vetelte, hogy az Egyes\u00fclt \u00c1llamok is tagadja meg a sz\u00edriai migr\u00e1nsok befogad\u00e1s\u00e1t, az eln\u00f6kh\u00f6z \u00edrott level\u00e9ben pedig arra figyelmeztetett, hogy &#8222;az amerikaiak egy\u00fctt\u00e9rz\u00e9s\u00e9t ki lehet haszn\u00e1lni, hogy az amerikaiakat (a p\u00e1rizsihoz) hasonl\u00f3 hal\u00e1los fenyeget\u00e9snek tegy\u00e9k ki&#8221;.<br \/>\n    Az amerikai hat\u00f3s\u00e1gok 2011 \u00f3ta mind\u00f6ssze 1500 sz\u00edriai menek\u00fcltet fogadtak be. Az Obama-korm\u00e1ny szeptemberben jelentette be, hogy a k\u00f6vetkez\u0151 k\u00f6lts\u00e9gvet\u00e9si \u00e9vben 10 ezer ember bebocs\u00e1t\u00e1s\u00e1ra k\u00e9sz\u00fcl a polg\u00e1rh\u00e1bor\u00faba s\u00fcllyedt k\u00f6zel-keleti orsz\u00e1gb\u00f3l. Eddig csak Colorado, Connecticut, Delaware, Hawaii, Pennsylvania, Vermont \u00e9s Washington \u00e1llam jelezte, hogy k\u00e9sz sz\u00edriai menek\u00fclteket befogadni.<br \/>\n    Rand Paul szen\u00e1tor, republik\u00e1nus eln\u00f6kjel\u00f6lt-aspir\u00e1ns bejelentette, hogy t\u00f6rv\u00e9nytervezetet k\u00edv\u00e1n beny\u00fajtani, amelynek \u00e9rtelm\u00e9ben azonnali morat\u00f3riumot vezetn\u00e9nek be az amerikai v\u00edzumok kiad\u00e1s\u00e1ra a dzsihadista csoportok el\u0151l menek\u00fcl\u0151k sz\u00e1m\u00e1ra. Az int\u00e9zked\u00e9s mintegy 30 orsz\u00e1got \u00e9rintene, \u00e9s v\u00e1rakoz\u00e1si id\u0151t vezetne be az olyan szem\u00e9lyek \u00fcgy\u00e9ben, akik v\u00edzummentess\u00e9get \u00e9lvez\u0151 \u00e1llamokb\u00f3l k\u00edv\u00e1nnak beutazni az Egyes\u00fclt \u00c1llamokba.<br \/>\n    Donald Trump, aki szint\u00e9n republik\u00e1nus sz\u00ednekben p\u00e1ly\u00e1zik a Feh\u00e9r H\u00e1zra, \u0151r\u00fclts\u00e9gnek nevezte a sz\u00edriai migr\u00e1nsok befogad\u00e1s\u00e1t.<br \/>\n    A szint\u00e9n republik\u00e1nus aspir\u00e1ns Ben Carson al\u00e1\u00edr\u00e1sgy\u0171jt\u00e9st ind\u00edtott a korm\u00e1nyzat befogad\u00e1si terv\u00e9vel szemben.<br \/>\n    Peter King New York-i republik\u00e1nus k\u00e9pvisel\u0151 a Fox News ad\u00f3n h\u00e9tf\u0151n b\u00edr\u00e1lta Ben Rhodes helyettes nemzetbiztons\u00e1gi tan\u00e1csad\u00f3 NBC telev\u00edzi\u00f3nak adott egyik nyilatkozat\u00e1t, amely szerint a sz\u00edriai menek\u00fclteket alapos \u00e1tvil\u00e1g\u00edt\u00e1si elj\u00e1r\u00e1snak veti al\u00e1 a h\u00edrszerz\u00e9s, a Nemzeti Terrorelh\u00e1r\u00edt\u00e1si K\u00f6zpont \u00e9s a belbiztons\u00e1gi miniszt\u00e9rium. King szerint ez nem igaz, gyakorlatilag nincs sz\u0171r\u00e9s, mert Sz\u00edri\u00e1ban nincsenek adatb\u00e1zisok.<br \/>\n    K\u00f6zben Kanad\u00e1ban Kathleen Weil, a t\u00falnyom\u00f3r\u00e9szt francia ajk\u00fa Qu\u00e9bec tartom\u00e1ny bev\u00e1ndorl\u00e1s\u00fcgyi minisztere h\u00e9tf\u0151n felsz\u00f3l\u00edtotta az orsz\u00e1g nemr\u00e9g megv\u00e1lasztott korm\u00e1nyf\u0151j\u00e9t, Justin Trudeaut: a biztons\u00e1gi agg\u00e1lyok miatt tegyen le arr\u00f3l a terv\u00e9r\u0151l, hogy m\u00e9g az \u00e9v v\u00e9g\u00e9ig 25 ezer sz\u00edriai menek\u00fcltet fogad be.<br \/>\n    Brad Wall, Saskatchewan tartom\u00e1ny minisztereln\u00f6ke s\u00fcrgette Trudeaut, hogy a P\u00e1rizsban t\u00f6rt\u00e9ntek f\u00e9ny\u00e9ben vizsg\u00e1lja fel\u00fcl a terv\u00e9t, mert nem kiz\u00e1rt, hogy \u00edgy terrorist\u00e1kat enged be az orsz\u00e1gba.(MTI)<\/p>\n","protected":false},"excerpt":{"rendered":"<p>Az Egyes\u00fclt \u00c1llamok 50 sz\u00f6vets\u00e9gi tag\u00e1llam\u00e1b\u00f3l 26 jelentette be h\u00e9tf\u0151 estig, hogy a p\u00e1rizsi terrort\u00e1mad\u00e1sok nyom\u00e1n nem k\u00edv\u00e1n sz\u00edriai migr\u00e1nsokat befogadni. Agg\u00e1lyaiknak adtak hangot kanadai tartom\u00e1nyok is.<\/p>\n","protected":false},"author":1,"featured_media":0,"comment_status":"open","ping_status":"closed","sticky":false,"template":"","format":"standard","meta":[],"categories":[13,16],"tags":[],"_links":{"self":[{"href":"https:\/\/gazdasagportal.hu\/index.php\/wp-json\/wp\/v2\/posts\/70695"}],"collection":[{"href":"https:\/\/gazdasagportal.hu\/index.php\/wp-json\/wp\/v2\/posts"}],"about":[{"href":"https:\/\/gazdasagportal.hu\/index.php\/wp-json\/wp\/v2\/types\/post"}],"author":[{"embeddable":true,"href":"https:\/\/gazdasagportal.hu\/index.php\/wp-json\/wp\/v2\/users\/1"}],"replies":[{"embeddable":true,"href":"https:\/\/gazdasagportal.hu\/index.php\/wp-json\/wp\/v2\/comments?post=70695"}],"version-history":[{"count":1,"href":"https:\/\/gazdasagportal.hu\/index.php\/wp-json\/wp\/v2\/posts\/70695\/revisions"}],"predecessor-version":[{"id":70696,"href":"https:\/\/gazdasagportal.hu\/index.php\/wp-json\/wp\/v2\/posts\/70695\/revisions\/70696"}],"wp:attachment":[{"href":"https:\/\/gazdasagportal.hu\/index.php\/wp-json\/wp\/v2\/media?parent=70695"}],"wp:term":[{"taxonomy":"category","embeddable":true,"href":"https:\/\/gazdasagportal.hu\/index.php\/wp-json\/wp\/v2\/categories?post=70695"},{"taxonomy":"post_tag","embeddable":true,"href":"https:\/\/gazdasagportal.hu\/index.php\/wp-json\/wp\/v2\/tags?post=70695"}],"curies":[{"name":"wp","href":"https:\/\/api.w.org\/{rel}","templated":true}]}}