{"id":70669,"date":"2015-11-16T10:37:28","date_gmt":"2015-11-16T09:37:28","guid":{"rendered":"http:\/\/gazdasagportal.hu\/?p=70669"},"modified":"2015-11-16T10:37:28","modified_gmt":"2015-11-16T09:37:28","slug":"amerikai-keminformaciok-segitettek-az-ia-elleni-francia-legitamadast","status":"publish","type":"post","link":"https:\/\/gazdasagportal.hu\/index.php\/amerikai-keminformaciok-segitettek-az-ia-elleni-francia-legitamadast\/","title":{"rendered":"Amerikai k\u00e9minform\u00e1ci\u00f3k seg\u00edtett\u00e9k az I\u00c1 elleni francia l\u00e9git\u00e1mad\u00e1st"},"content":{"rendered":"<p><strong>Az Egyes\u00fclt \u00c1llamok h\u00edrszerz\u00e9si inform\u00e1ci\u00f3kat osztott meg Franciaorsz\u00e1ggal a P\u00e1rizs \u00e1ltal az Iszl\u00e1m \u00c1llam (I\u00c1) dzsihadista szervezet \u00e9szak-sz\u00edriai sz\u00e9khelye, Rakka ellen vas\u00e1rnap elrendelt l\u00e9git\u00e1mad\u00e1s el\u0151tt &#8211; k\u00f6z\u00f6lte a The Daily Beast c\u00edm\u0171 online h\u00edrmagazinnal egy n\u00e9vtelen\u00fcl nyilatkoz\u00f3 amerikai korm\u00e1nyzati tiszts\u00e9gvisel\u0151.<\/strong><!--more--><\/p>\n<div class=\"ads-in-post1\"><div id=\"gazdasagportal.hu_fullbanner_wideboard\"><\/div>\r\n<\/div>\n<p>    Az illet\u00e9kes hozz\u00e1f\u0171zte: ez nem jelenti azt, hogy a franci\u00e1kat is be k\u00edv\u00e1nn\u00e1k vonni az &#8222;\u00f6t szem&#8221; elnevez\u00e9s\u0171 h\u00edrszerz\u00e9si egy\u00fcttm\u0171k\u00f6d\u00e9sbe, amely az Egyes\u00fclt \u00c1llamok, Nagy-Britannia, Kanada, Ausztr\u00e1lia \u00e9s \u00daj-Z\u00e9land k\u00f6z\u00f6tt alakult ki. Szavai szerint az elm\u00falt hetekben jelent\u0151sen javult az amerikai h\u00edrszerz\u00e9si tev\u00e9kenys\u00e9g eredm\u00e9nyess\u00e9ge Irakban \u00e9s Sz\u00edri\u00e1ban, aminek nyom\u00e1n v\u00e1rhat\u00f3an intenz\u00edvebb\u00e9 v\u00e1lnak majd a l\u00e9gicsap\u00e1sok.<br \/>\n    Azzal az iraki bejelent\u00e9ssel kapcsolatban, amely szerint Bagdad el\u0151re figyelmeztette Washingtont \u00e9s P\u00e1rizst egy k\u00e9sz\u00fcl\u0151 terrort\u00e1mad\u00e1sra, azt mondta, hogy nem konkr\u00e9t fenyeget\u00e9sekre vonatkoz\u00f3 jelz\u00e9sek napi rendszeress\u00e9ggel futnak be az illet\u00e9kes szervekhez.<br \/>\n    Egy m\u00e1sik, szint\u00e9n a neve elhallgat\u00e1s\u00e1t k\u00e9r\u0151 washingtoni korm\u00e1nyzati forr\u00e1s a magazinnak kijelentette: egyre t\u00f6bb bizony\u00edt\u00e9k utal arra, hogy a p\u00e1rizsi terrort\u00e1mad\u00e1sok m\u00f6g\u00f6tt val\u00f3ban az Iszl\u00e1m \u00c1llam \u00e1ll. Azt ugyanakkor nem \u00e1ll\u00edtotta, hogy a mer\u00e9nyleteket Sz\u00edri\u00e1ban tervelt\u00e9k volna ki, s hogy azokat az I\u00c1 vezet\u0151je, Abu Bakr al-Bagdadi &#8222;em\u00edr&#8221; is j\u00f3v\u00e1hagyta volna.<br \/>\n    Felh\u00edvta ugyanakkor a figyelmet arra, hogy az elk\u00f6vet\u0151k seg\u00edts\u00e9get kaphattak m\u00e1s, hasonl\u00f3 be\u00e1ll\u00edtotts\u00e1g\u00fa csoportokt\u00f3l, amelyek &#8222;az al-Kaid\u00e1hoz vagy m\u00e1s sz\u00e9ls\u0151s\u00e9ges szervezetekhez hasonl\u00f3 szak\u00e9rtelemmel&#8221; rendelkeznek.<br \/>\n    A kijelent\u00e9s az\u00e9rt figyelemre m\u00e9lt\u00f3, mert az I\u00c1 \u00e9s az al-Kaida egym\u00e1s riv\u00e1lisak\u00e9nt l\u00e9p fel a sz\u00e9ls\u0151s\u00e9ges iszlamista ir\u00e1nyzatok vil\u00e1g\u00e1ban.(MTI)<\/p>\n","protected":false},"excerpt":{"rendered":"<p>Az Egyes\u00fclt \u00c1llamok h\u00edrszerz\u00e9si inform\u00e1ci\u00f3kat osztott meg Franciaorsz\u00e1ggal a P\u00e1rizs \u00e1ltal az Iszl\u00e1m \u00c1llam (I\u00c1) dzsihadista szervezet \u00e9szak-sz\u00edriai sz\u00e9khelye, Rakka ellen vas\u00e1rnap elrendelt l\u00e9git\u00e1mad\u00e1s el\u0151tt &#8211; k\u00f6z\u00f6lte a The Daily Beast c\u00edm\u0171 online h\u00edrmagazinnal egy n\u00e9vtelen\u00fcl nyilatkoz\u00f3 amerikai korm\u00e1nyzati tiszts\u00e9gvisel\u0151.<\/p>\n","protected":false},"author":1,"featured_media":0,"comment_status":"open","ping_status":"closed","sticky":false,"template":"","format":"standard","meta":[],"categories":[16],"tags":[],"_links":{"self":[{"href":"https:\/\/gazdasagportal.hu\/index.php\/wp-json\/wp\/v2\/posts\/70669"}],"collection":[{"href":"https:\/\/gazdasagportal.hu\/index.php\/wp-json\/wp\/v2\/posts"}],"about":[{"href":"https:\/\/gazdasagportal.hu\/index.php\/wp-json\/wp\/v2\/types\/post"}],"author":[{"embeddable":true,"href":"https:\/\/gazdasagportal.hu\/index.php\/wp-json\/wp\/v2\/users\/1"}],"replies":[{"embeddable":true,"href":"https:\/\/gazdasagportal.hu\/index.php\/wp-json\/wp\/v2\/comments?post=70669"}],"version-history":[{"count":1,"href":"https:\/\/gazdasagportal.hu\/index.php\/wp-json\/wp\/v2\/posts\/70669\/revisions"}],"predecessor-version":[{"id":70670,"href":"https:\/\/gazdasagportal.hu\/index.php\/wp-json\/wp\/v2\/posts\/70669\/revisions\/70670"}],"wp:attachment":[{"href":"https:\/\/gazdasagportal.hu\/index.php\/wp-json\/wp\/v2\/media?parent=70669"}],"wp:term":[{"taxonomy":"category","embeddable":true,"href":"https:\/\/gazdasagportal.hu\/index.php\/wp-json\/wp\/v2\/categories?post=70669"},{"taxonomy":"post_tag","embeddable":true,"href":"https:\/\/gazdasagportal.hu\/index.php\/wp-json\/wp\/v2\/tags?post=70669"}],"curies":[{"name":"wp","href":"https:\/\/api.w.org\/{rel}","templated":true}]}}