{"id":70658,"date":"2015-11-16T07:58:26","date_gmt":"2015-11-16T06:58:26","guid":{"rendered":"http:\/\/gazdasagportal.hu\/?p=70658"},"modified":"2015-11-16T07:33:38","modified_gmt":"2015-11-16T06:33:38","slug":"franciaorszag-az-iszlam-allam-sziriai-allasait-bombazta","status":"publish","type":"post","link":"https:\/\/gazdasagportal.hu\/index.php\/franciaorszag-az-iszlam-allam-sziriai-allasait-bombazta\/","title":{"rendered":"Franciaorsz\u00e1g az Iszl\u00e1m \u00c1llam sz\u00edriai \u00e1ll\u00e1sait bomb\u00e1zta"},"content":{"rendered":"<p><strong>A francia l\u00e9gier\u0151 h\u00fasz bomb\u00e1t dobott le az Iszl\u00e1m \u00c1llam dzsihadista szervezet sz\u00e9khely\u00e9n, Rakka v\u00e1ros\u00e1ban. A t\u00edz bomb\u00e1z\u00f3 egy parancsnoki k\u00f6zpontot \u00e9s egy kik\u00e9pz\u0151 t\u00e1bort is megsemmis\u00edtett &#8211; k\u00f6z\u00f6lte vas\u00e1rnap este a francia v\u00e9delmi miniszt\u00e9rium.<\/strong><!--more--><\/p>\n<div class=\"ads-in-post1\"><div id=\"gazdasagportal.hu_fullbanner_wideboard\"><\/div>\r\n<\/div>\n<p>    &#8222;Az els\u0151 megsemmis\u00edtett c\u00e9lpontot az Iszl\u00e1m \u00c1llam parancsnoki k\u00f6zpontk\u00e9nt, dzsihadist\u00e1k toborz\u00f3helyek\u00e9nt \u00e9s fegyverrakt\u00e1rk\u00e9nt haszn\u00e1lta. A m\u00e1sodik c\u00e9lpont terrorist\u00e1k kik\u00e9pz\u0151t\u00e1bora volt&#8221; &#8211; olvashat\u00f3 a t\u00e1rca k\u00f6zlem\u00e9ny\u00e9ben.<br \/>\n    A bomb\u00e1z\u00f3k az Egyes\u00fclt Arab Emir\u00e1tusokban \u00e9s Jord\u00e1ni\u00e1ban sz\u00e1lltak fel.<br \/>\n    A v\u00e9delmi miniszt\u00e9rium szerint a francia felder\u00edt\u0151 rep\u00fcl\u00e9sek sor\u00e1n el\u0151zetesen azonos\u00edtott c\u00e9lpontok ellen az amerikai er\u0151kkel \u00f6sszehangolva hajtotta v\u00e9gre a francia l\u00e9gier\u0151 a t\u00e1mad\u00e1st.<br \/>\n    A k\u00f6zlem\u00e9nyben nem szerepel, de a hadm\u0171velet egy\u00e9rtelm\u0171 v\u00e1lasz a p\u00e9nteken P\u00e1rizsban v\u00e9grehajtott 129 \u00e1ldozattal j\u00e1r\u00f3 mer\u00e9nyletsorozatra, amelyet az Iszl\u00e1m \u00c1llam v\u00e1llalt mag\u00e1ra.<br \/>\n    Francois Hollande francia \u00e1llamf\u0151 m\u00e9g azel\u0151tt, hogy a terrorszervezet kiadta volna az err\u0151l sz\u00f3l\u00f3 k\u00f6zlem\u00e9ny\u00e9t, a mer\u00e9nyletsorozatot &#8222;egy dzsihadista hadsereg, az Iszl\u00e1m \u00c1llam \u00e1ltal elk\u00f6vetett h\u00e1bor\u00fas tettnek&#8221; nevezte, amely ellen Franciaorsz\u00e1g &#8222;k\u00edm\u00e9letlen\u00fcl fel fog l\u00e9pni bel- \u00e9s k\u00fclf\u00f6ld\u00f6n&#8221;.(MTI)<\/p>\n","protected":false},"excerpt":{"rendered":"<p>A francia l\u00e9gier\u0151 h\u00fasz bomb\u00e1t dobott le az Iszl\u00e1m \u00c1llam dzsihadista szervezet sz\u00e9khely\u00e9n, Rakka v\u00e1ros\u00e1ban. A t\u00edz bomb\u00e1z\u00f3 egy parancsnoki k\u00f6zpontot \u00e9s egy kik\u00e9pz\u0151 t\u00e1bort is megsemmis\u00edtett &#8211; k\u00f6z\u00f6lte vas\u00e1rnap este a francia v\u00e9delmi miniszt\u00e9rium.<\/p>\n","protected":false},"author":1,"featured_media":0,"comment_status":"open","ping_status":"closed","sticky":false,"template":"","format":"standard","meta":[],"categories":[16],"tags":[],"_links":{"self":[{"href":"https:\/\/gazdasagportal.hu\/index.php\/wp-json\/wp\/v2\/posts\/70658"}],"collection":[{"href":"https:\/\/gazdasagportal.hu\/index.php\/wp-json\/wp\/v2\/posts"}],"about":[{"href":"https:\/\/gazdasagportal.hu\/index.php\/wp-json\/wp\/v2\/types\/post"}],"author":[{"embeddable":true,"href":"https:\/\/gazdasagportal.hu\/index.php\/wp-json\/wp\/v2\/users\/1"}],"replies":[{"embeddable":true,"href":"https:\/\/gazdasagportal.hu\/index.php\/wp-json\/wp\/v2\/comments?post=70658"}],"version-history":[{"count":1,"href":"https:\/\/gazdasagportal.hu\/index.php\/wp-json\/wp\/v2\/posts\/70658\/revisions"}],"predecessor-version":[{"id":70662,"href":"https:\/\/gazdasagportal.hu\/index.php\/wp-json\/wp\/v2\/posts\/70658\/revisions\/70662"}],"wp:attachment":[{"href":"https:\/\/gazdasagportal.hu\/index.php\/wp-json\/wp\/v2\/media?parent=70658"}],"wp:term":[{"taxonomy":"category","embeddable":true,"href":"https:\/\/gazdasagportal.hu\/index.php\/wp-json\/wp\/v2\/categories?post=70658"},{"taxonomy":"post_tag","embeddable":true,"href":"https:\/\/gazdasagportal.hu\/index.php\/wp-json\/wp\/v2\/tags?post=70658"}],"curies":[{"name":"wp","href":"https:\/\/api.w.org\/{rel}","templated":true}]}}