{"id":70652,"date":"2015-11-15T16:17:44","date_gmt":"2015-11-15T15:17:44","guid":{"rendered":"http:\/\/gazdasagportal.hu\/?p=70652"},"modified":"2015-11-15T16:17:44","modified_gmt":"2015-11-15T15:17:44","slug":"sarkozy-uj-europai-bevandorlasi-politikat-surget","status":"publish","type":"post","link":"https:\/\/gazdasagportal.hu\/index.php\/sarkozy-uj-europai-bevandorlasi-politikat-surget\/","title":{"rendered":"Sarkozy \u00faj eur\u00f3pai bev\u00e1ndorl\u00e1si politik\u00e1t s\u00fcrget"},"content":{"rendered":"<p><strong>A k\u00f6zbiztons\u00e1got illet\u0151en &#8222;drasztikus v\u00e1ltoztat\u00e1sokat&#8221;, Eur\u00f3p\u00e1ban pedig &#8222;\u00faj bev\u00e1ndorl\u00e1si politik\u00e1t&#8221; s\u00fcrgetett Nicolas Sarkozy volt francia \u00e1llamf\u0151 vas\u00e1rnap, miut\u00e1n egy\u00f3r\u00e1s megbesz\u00e9l\u00e9st folytatott ut\u00f3d\u00e1val, Francois Hollande jelenlegi \u00e1llamf\u0151vel k\u00e9t nappal a 129 hal\u00e1los \u00e1ldozatot k\u00f6vetel\u0151 p\u00e1rizsi mer\u00e9nyletek ut\u00e1n.<\/strong><!--more--><\/p>\n<div class=\"ads-in-post1\"><div id=\"gazdasagportal.hu_fullbanner_wideboard\"><\/div>\r\n<\/div>\n<p>    A szocialista \u00e1llamf\u0151 a vas\u00e1rnap kezd\u0151d\u00f6tt h\u00e1romnapos nemzeti gy\u00e1sz els\u0151 napj\u00e1n valamennyi parlamenti p\u00e1rt vezet\u0151j\u00e9vel egyeztet, bele\u00e9rtve Jean-Luc M\u00e9lenchont, a radik\u00e1lis baloldal \u00e9s Marine Le Pent, a sz\u00e9ls\u0151jobboldali Nemzeti Front eln\u00f6k\u00e9t is. Els\u0151k\u00e9nt fogadta el\u0151dj\u00e9t, Nicolas Sarkozyt, a jobbk\u00f6z\u00e9p K\u00f6zt\u00e1rsas\u00e1giak eln\u00f6k\u00e9t. H\u00e9tf\u0151n pedig a parlament k\u00e9t h\u00e1z\u00e1nak egy\u00fcttes \u00fcl\u00e9se, a kongresszus el\u0151tt Versailles-ban k\u00edv\u00e1nja az \u00e1llamf\u0151 meger\u0151s\u00edteni a nemzeti egys\u00e9get \u00e9s \u00f6sszefog\u00e1st.<br \/>\n    &#8222;Megmondtam Hollande eln\u00f6knek, hogy szerintem megfelel\u0151 v\u00e1laszokat kell adnunk, amely a k\u00fclpolitik\u00e1nk m\u00f3dos\u00edt\u00e1s\u00e1t, eur\u00f3pai szint\u0171 d\u00f6nt\u00e9seket \u00e9s a k\u00f6zbiztons\u00e1got illet\u0151en drasztikus v\u00e1ltoztat\u00e1sokat jelent&#8221; &#8211; mondta az exeln\u00f6k kritikust hangot \u00fctve meg, j\u00f3llehet hivatalos forr\u00e1sok szerint az egy\u00f3r\u00e1s megbesz\u00e9l\u00e9s el\u0151dj\u00e9vel nagyon egy\u00fcttm\u0171k\u00f6d\u0151 hangnemben folyt.<br \/>\n    &#8222;Eur\u00f3p\u00e1nak \u00f6ssze kell fognia, \u00e9s \u00faj bev\u00e1ndorl\u00e1si politik\u00e1t kell meghat\u00e1roznia&#8221; &#8211; v\u00e9lte Nicolas Sarkozy. &#8222;Nincs term\u00e9szetesen kapcsolat (a t\u00e1mad\u00e1sokkal), de a probl\u00e9ma felmer\u00fcl. A sz\u00edriai helyzetnek betudhat\u00f3 migr\u00e1ci\u00f3s hull\u00e1mot k\u00f6z\u00f6sen kell kezelni&#8221; &#8211; tette hozz\u00e1.<br \/>\n    &#8222;Mindenkire sz\u00fcks\u00e9g\u00fcnk van az Iszl\u00e1m \u00c1llammal val\u00f3 lesz\u00e1mol\u00e1shoz, bele\u00e9rtve az oroszokat is, nem lehet k\u00e9t k\u00fcl\u00f6n koal\u00edci\u00f3 Sz\u00edri\u00e1ban&#8221; &#8211; hangs\u00falyozta a volt \u00e1llamf\u0151.<br \/>\n    J\u00e9rome Sainte-Marie politol\u00f3gus szerint Francois Hollande most nem sz\u00e1m\u00edthat arra, hogy olyan felt\u00e9tlen t\u00e1mogat\u00e1st kap politikai ellenfeleit\u0151l, mint a janu\u00e1ri p\u00e1rizsi mer\u00e9nysorozatot k\u00f6vet\u0151en. Az elm\u00falt t\u00edz h\u00f3napban ugyanis a kontextus megv\u00e1ltozott azzal, hogy nemzetk\u00f6zi koal\u00edci\u00f3 katonai szerepv\u00e1llal\u00e1sa az Iszl\u00e1m \u00c1llam nev\u0171 dzsihadista szervezet ellen Irakban \u00e9s Sz\u00edri\u00e1ban kev\u00e9s eredm\u00e9nnyel j\u00e1rt. Ez\u00e9rt a francia ellenz\u00e9k jelent\u0151sebb fell\u00e9p\u00e9st k\u00f6vetelt, bele\u00e9rtve az egy\u00fcttm\u0171k\u00f6d\u00e9st Oroszorsz\u00e1ggal \u00e9s Bass\u00e1r el-Aszad sz\u00edriai eln\u00f6kkel, akinek t\u00e1voz\u00e1s\u00e1t eddig el\u0151felt\u00e9telnek tekintette a francia diplom\u00e1cia a sz\u00edriai rendez\u00e9shez.<br \/>\n    Az ellenz\u00e9k az\u00e9rt sem lesz feltehet\u0151en k\u00edm\u00e9letes a szocialista hatalomhoz, mert a december elej\u00e9n esed\u00e9kes region\u00e1lis v\u00e1laszt\u00e1sokon a felm\u00e9r\u00e9sek a baloldal nagy veres\u00e9g\u00e9t vet\u00edtik el\u0151.(MTI)<\/p>\n","protected":false},"excerpt":{"rendered":"<p>A k\u00f6zbiztons\u00e1got illet\u0151en &#8222;drasztikus v\u00e1ltoztat\u00e1sokat&#8221;, Eur\u00f3p\u00e1ban pedig &#8222;\u00faj bev\u00e1ndorl\u00e1si politik\u00e1t&#8221; s\u00fcrgetett Nicolas Sarkozy volt francia \u00e1llamf\u0151 vas\u00e1rnap, miut\u00e1n egy\u00f3r\u00e1s megbesz\u00e9l\u00e9st folytatott ut\u00f3d\u00e1val, Francois Hollande jelenlegi \u00e1llamf\u0151vel k\u00e9t nappal a 129 hal\u00e1los \u00e1ldozatot k\u00f6vetel\u0151 p\u00e1rizsi mer\u00e9nyletek ut\u00e1n.<\/p>\n","protected":false},"author":1,"featured_media":0,"comment_status":"open","ping_status":"closed","sticky":false,"template":"","format":"standard","meta":[],"categories":[12],"tags":[],"_links":{"self":[{"href":"https:\/\/gazdasagportal.hu\/index.php\/wp-json\/wp\/v2\/posts\/70652"}],"collection":[{"href":"https:\/\/gazdasagportal.hu\/index.php\/wp-json\/wp\/v2\/posts"}],"about":[{"href":"https:\/\/gazdasagportal.hu\/index.php\/wp-json\/wp\/v2\/types\/post"}],"author":[{"embeddable":true,"href":"https:\/\/gazdasagportal.hu\/index.php\/wp-json\/wp\/v2\/users\/1"}],"replies":[{"embeddable":true,"href":"https:\/\/gazdasagportal.hu\/index.php\/wp-json\/wp\/v2\/comments?post=70652"}],"version-history":[{"count":1,"href":"https:\/\/gazdasagportal.hu\/index.php\/wp-json\/wp\/v2\/posts\/70652\/revisions"}],"predecessor-version":[{"id":70653,"href":"https:\/\/gazdasagportal.hu\/index.php\/wp-json\/wp\/v2\/posts\/70652\/revisions\/70653"}],"wp:attachment":[{"href":"https:\/\/gazdasagportal.hu\/index.php\/wp-json\/wp\/v2\/media?parent=70652"}],"wp:term":[{"taxonomy":"category","embeddable":true,"href":"https:\/\/gazdasagportal.hu\/index.php\/wp-json\/wp\/v2\/categories?post=70652"},{"taxonomy":"post_tag","embeddable":true,"href":"https:\/\/gazdasagportal.hu\/index.php\/wp-json\/wp\/v2\/tags?post=70652"}],"curies":[{"name":"wp","href":"https:\/\/api.w.org\/{rel}","templated":true}]}}