{"id":70650,"date":"2015-11-15T14:09:21","date_gmt":"2015-11-15T13:09:21","guid":{"rendered":"http:\/\/gazdasagportal.hu\/?p=70650"},"modified":"2015-11-15T14:09:21","modified_gmt":"2015-11-15T13:09:21","slug":"illegalis-bevandorlas-a-kvotak-elleni-fellepesre-kotelezheti-a-kormanyt-a-parlament","status":"publish","type":"post","link":"https:\/\/gazdasagportal.hu\/index.php\/illegalis-bevandorlas-a-kvotak-elleni-fellepesre-kotelezheti-a-kormanyt-a-parlament\/","title":{"rendered":"Illeg\u00e1lis bev\u00e1ndorl\u00e1s &#8211; A kv\u00f3t\u00e1k elleni fell\u00e9p\u00e9sre k\u00f6telezheti a korm\u00e1nyt a parlament"},"content":{"rendered":"<p><strong>\u00dajabb \u00f6tnapos \u00fcl\u00e9st tart az Orsz\u00e1ggy\u0171l\u00e9s a k\u00f6vetkez\u0151 k\u00e9t h\u00e9tben. A k\u00e9pvisel\u0151k ak\u00e1r m\u00e1r kedden arra k\u00f6telezhetik a korm\u00e1nyt, hogy Luxembourgban t\u00e1madja meg az uni\u00f3s kv\u00f3tarendszerr\u0151l sz\u00f3l\u00f3 eur\u00f3pai jogszab\u00e1lyt.<\/strong><!--more--><\/p>\n<div class=\"ads-in-post1\"><div id=\"gazdasagportal.hu_fullbanner_wideboard\"><\/div>\r\n<\/div>\n<p>    A h\u00e1zeln\u00f6k p\u00e9ntek d\u00e9lben beny\u00fajtott el\u0151zetes napirendi javaslata alapj\u00e1n az \u00fcl\u00e9s h\u00e9tf\u0151n 13 \u00f3rakor kezd\u0151dik. A napirend el\u0151tti felsz\u00f3lal\u00e1sokat k\u00f6vet\u0151en sz\u00fclethet d\u00f6nt\u00e9s arr\u00f3l, hogy h\u00e1zszab\u00e1lyt\u00f3l elt\u00e9r\u0151 gyorsas\u00e1ggal fogadj\u00e1k-e el a Fidesznek a bev\u00e1ndorl\u00f3k k\u00f6telez\u0151 uni\u00f3s betelep\u00edt\u00e9si kv\u00f3t\u00e1j\u00e1t elutas\u00edt\u00f3 t\u00f6rv\u00e9nyjavaslat\u00e1t. Az el\u0151terjeszt\u00e9s arra k\u00f6telezn\u00e9 a korm\u00e1nyt, hogy forduljon az Eur\u00f3pai Uni\u00f3 B\u00edr\u00f3s\u00e1g\u00e1hoz, \u00e9s kezdem\u00e9nyezze a betelep\u00edt\u00e9sr\u0151l sz\u00f3l\u00f3 uni\u00f3s jogszab\u00e1ly megsemmis\u00edt\u00e9s\u00e9t.<br \/>\n    Amennyiben a k\u00e9pvisel\u0151k n\u00e9gy\u00f6t\u00f6de hozz\u00e1j\u00e1rul a h\u00e1zszab\u00e1lyt\u00f3l elt\u00e9r\u00e9shez, akkor az ind\u00edtv\u00e1nyt h\u00e9tf\u0151n t\u00e1rgyalhatj\u00e1k, majd kedden el is fogadhatj\u00e1k. Ellenben ha nem \u00e1ll ekkora t\u00f6bbs\u00e9g a javaslat m\u00f6g\u00e9, akkor a vit\u00e1ra csak kedden ker\u00fcl sor, a z\u00e1r\u00f3szavaz\u00e1sra pedig legkor\u00e1bban a parlament k\u00f6vetkez\u0151 \u00fcl\u00e9s\u00e9n.<br \/>\n    Az id\u00e9n tavasszal kialak\u00edtott munkarend szerint h\u00e9tf\u0151n bonyol\u00edtj\u00e1k le a k\u00e9t\u00f3r\u00e1s interpell\u00e1ci\u00f3s blokkot, a k\u00e9pvisel\u0151k emellett egy \u00f3r\u00e1ban azonnali k\u00e9rd\u00e9seket is feltehetnek a korm\u00e1nynak.<br \/>\n    Az els\u0151 \u00fcl\u00e9snap a m\u00e1snap elfogadni tervezett javaslatok bizotts\u00e1gi jelent\u00e9seinek vit\u00e1ival z\u00e1rul.<br \/>\n    Kedden ak\u00e1r tizennyolc el\u0151terjeszt\u00e9st is elfogadhat a H\u00e1z. D\u00f6nt\u00e9s v\u00e1rhat\u00f3 p\u00e9ld\u00e1ul az \u00e1llami arck\u00e9pelemz\u0151 rendszer l\u00e9trehoz\u00e1s\u00e1r\u00f3l, a jegybank 2012-2014 k\u00f6z\u00f6tti \u00fczleti jelent\u00e9seir\u0151l, a term\u0151f\u00f6ldek haszonb\u00e9rleti szerz\u0151d\u00e9seinek m\u00f3dos\u00edthat\u00f3s\u00e1g\u00e1r\u00f3l.<br \/>\n    A szavaz\u00e1sokat k\u00f6vet\u0151en t\u00e1rgyalhatj\u00e1k a korm\u00e1nyp\u00e1rtok egyh\u00e1z\u00fcgyi t\u00f6rv\u00e9nym\u00f3dos\u00edt\u00f3 javaslat\u00e1t. A k\u00e9tharmados ind\u00edtv\u00e1ny szerint a j\u00f6v\u0151ben az egyh\u00e1zakat nem elismern\u00e9k, hanem b\u00edr\u00f3s\u00e1gi elj\u00e1r\u00e1s keret\u00e9ben nyilv\u00e1ntart\u00e1sba venn\u00e9k.<br \/>\n    Szerd\u00e1n egyebek mellett energetikai, hullad\u00e9kgazd\u00e1lkod\u00e1si \u00e9s k\u00f6z\u00fati t\u00e1rgy\u00fa t\u00f6rv\u00e9nym\u00f3dos\u00edt\u00f3 javaslatokr\u00f3l, m\u00edg cs\u00fct\u00f6rt\u00f6k\u00f6n szoci\u00e1lis, eg\u00e9szs\u00e9g\u00fcgyi \u00e9s oktat\u00e1si t\u00e9m\u00e1j\u00fa el\u0151terjeszt\u00e9sekr\u0151l tartanak \u00e1ltal\u00e1nos vit\u00e1kat.<br \/>\n    Az \u00fcl\u00e9s a k\u00f6vetkez\u0151 h\u00e9tf\u0151n \u00e9rhet v\u00e9get, amikor a k\u00e9pvisel\u0151k a korm\u00e1ny k\u00e9rdez\u00e9se mellett a Jobbik kezdem\u00e9nyes\u00e9re politikai vitanapot tarthatnak az ellenz\u00e9ki p\u00e1rtok szerint n\u00f6vekv\u0151 m\u00e9rt\u00e9k\u0171 korrupci\u00f3 visszaszor\u00edt\u00e1s\u00e1r\u00f3l \u00e9s a korrump\u00e1l\u00f3dott politikusok elsz\u00e1moltat\u00e1s\u00e1r\u00f3l.      A parlament honlapj\u00e1n vas\u00e1rnap d\u00e9lben m\u00e9g nem szerepelt ilyen inform\u00e1ci\u00f3, de a H\u00e1z a k\u00f6vetkez\u0151 \u00fcl\u00e9s\u00e9n val\u00f3sz\u00edn\u0171s\u00edthet\u0151en megeml\u00e9kezik majd a p\u00e9nteken t\u00f6rt\u00e9nt p\u00e1rizsi mer\u00e9nylet \u00e1ldozatair\u00f3l.(MTI)<\/p>\n","protected":false},"excerpt":{"rendered":"<p>\u00dajabb \u00f6tnapos \u00fcl\u00e9st tart az Orsz\u00e1ggy\u0171l\u00e9s a k\u00f6vetkez\u0151 k\u00e9t h\u00e9tben. A k\u00e9pvisel\u0151k ak\u00e1r m\u00e1r kedden arra k\u00f6telezhetik a korm\u00e1nyt, hogy Luxembourgban t\u00e1madja meg az uni\u00f3s kv\u00f3tarendszerr\u0151l sz\u00f3l\u00f3 eur\u00f3pai jogszab\u00e1lyt.<\/p>\n","protected":false},"author":1,"featured_media":0,"comment_status":"open","ping_status":"closed","sticky":false,"template":"","format":"standard","meta":[],"categories":[4],"tags":[],"_links":{"self":[{"href":"https:\/\/gazdasagportal.hu\/index.php\/wp-json\/wp\/v2\/posts\/70650"}],"collection":[{"href":"https:\/\/gazdasagportal.hu\/index.php\/wp-json\/wp\/v2\/posts"}],"about":[{"href":"https:\/\/gazdasagportal.hu\/index.php\/wp-json\/wp\/v2\/types\/post"}],"author":[{"embeddable":true,"href":"https:\/\/gazdasagportal.hu\/index.php\/wp-json\/wp\/v2\/users\/1"}],"replies":[{"embeddable":true,"href":"https:\/\/gazdasagportal.hu\/index.php\/wp-json\/wp\/v2\/comments?post=70650"}],"version-history":[{"count":1,"href":"https:\/\/gazdasagportal.hu\/index.php\/wp-json\/wp\/v2\/posts\/70650\/revisions"}],"predecessor-version":[{"id":70651,"href":"https:\/\/gazdasagportal.hu\/index.php\/wp-json\/wp\/v2\/posts\/70650\/revisions\/70651"}],"wp:attachment":[{"href":"https:\/\/gazdasagportal.hu\/index.php\/wp-json\/wp\/v2\/media?parent=70650"}],"wp:term":[{"taxonomy":"category","embeddable":true,"href":"https:\/\/gazdasagportal.hu\/index.php\/wp-json\/wp\/v2\/categories?post=70650"},{"taxonomy":"post_tag","embeddable":true,"href":"https:\/\/gazdasagportal.hu\/index.php\/wp-json\/wp\/v2\/tags?post=70650"}],"curies":[{"name":"wp","href":"https:\/\/api.w.org\/{rel}","templated":true}]}}