{"id":70608,"date":"2015-11-13T14:27:08","date_gmt":"2015-11-13T13:27:08","guid":{"rendered":"http:\/\/gazdasagportal.hu\/?p=70608"},"modified":"2015-11-13T14:27:08","modified_gmt":"2015-11-13T13:27:08","slug":"legi-katasztrofa-kulfoldon-vizsgaljak-meg-az-egyik-fekete-doboz-tartalmat","status":"publish","type":"post","link":"https:\/\/gazdasagportal.hu\/index.php\/legi-katasztrofa-kulfoldon-vizsgaljak-meg-az-egyik-fekete-doboz-tartalmat\/","title":{"rendered":"L\u00e9gi katasztr\u00f3fa &#8211; K\u00fclf\u00f6ld\u00f6n vizsg\u00e1lj\u00e1k meg az egyik fekete doboz tartalm\u00e1t"},"content":{"rendered":"<p><strong>K\u00fclf\u00f6ld\u00f6n vizsg\u00e1lj\u00e1k meg az Egyiptomban szerencs\u00e9tlen\u00fcl j\u00e1rt orosz g\u00e9p pil\u00f3taf\u00fclk\u00e9j\u00e9nek hangr\u00f6gz\u00edt\u0151 berendez\u00e9se (Cockpit Voice Recorder, CVR) \u00e1ltal k\u00e9sz\u00edtett felv\u00e9telt, hogy f\u00e9nyt der\u00edtsenek az utols\u00f3 m\u00e1sodpercekben hallhat\u00f3, egyel\u0151re ismeretlen hang eredet\u00e9re &#8211; adta h\u00edr\u00fcl p\u00e9nteken honlapj\u00e1n az al-Ahr\u00e1m c\u00edm\u0171 egyiptomi napilap.    <\/strong><!--more--><\/p>\n<div class=\"ads-in-post1\"><div id=\"gazdasagportal.hu_fullbanner_wideboard\"><\/div>\r\n<\/div>\n<p>    Az \u00fajs\u00e1gnak a polg\u00e1ri l\u00e9gi k\u00f6zleked\u00e9s\u00fcgyi miniszter, Hosz\u00e1m K\u00e1mel nyilatkozott, aki elmondta, hogy a hang eredet\u00e9nek meghat\u00e1roz\u00e1s\u00e1hoz olyan m\u0171szerekre van sz\u00fcks\u00e9g, amelyek &#8222;a legt\u00f6bb orsz\u00e1gnak nem \u00e1llnak rendelkez\u00e9s\u00e9re&#8221;. A fekete doboz utols\u00f3 h\u00e9t m\u00e1sodpercnyi hanganyag\u00e1t ez\u00e9rt egy olyan orsz\u00e1gba sz\u00e1ll\u00edtj\u00e1k, amelyik gy\u00e1rt az eml\u00edtett szerkezettel ell\u00e1tott rep\u00fcl\u0151ket.<br \/>\n    K\u00e1mel nem nevezte meg a sz\u00f3ban forg\u00f3 \u00e1llamot, azt ugyanakkor hangs\u00falyozta, hogy az eredeti felv\u00e9tel Egyiptomban marad.<br \/>\n    Elmondta tov\u00e1bb\u00e1, hogy a rep\u00fcl\u0151g\u00e9p roncsait k\u00e9t napon bel\u00fcl a szerencs\u00e9tlens\u00e9g helysz\u00edn\u00e9r\u0151l \u00e1tsz\u00e1ll\u00edtj\u00e1k a kair\u00f3i rep\u00fcl\u0151t\u00e9r valamelyik hang\u00e1rj\u00e1ba, ahol tov\u00e1bbi vizsg\u00e1latokat fognak v\u00e9gezni rajtuk.<br \/>\n    K\u00e1mel hangs\u00falyozta, hogy az &#8211; egyiptomi, orosz, francia, \u00edr \u00e9s n\u00e9met szak\u00e9rt\u0151kb\u0151l \u00e1ll\u00f3 &#8211; vizsg\u00e1l\u00f3bizotts\u00e1g tov\u00e1bbra is csak az inform\u00e1ci\u00f3gy\u0171jt\u00e9sn\u00e9l, \u00e9s a r\u00e9szletek tanulm\u00e1nyoz\u00e1s\u00e1n\u00e1l tart. Hozz\u00e1tette, hogy a trag\u00e9di\u00e1t kiv\u00e1lt\u00f3 ok vagy okok ut\u00e1ni kutat\u00e1s sor\u00e1n minden eshet\u0151s\u00e9get szem el\u0151tt tartanak.<br \/>\n    Ez ut\u00f3bbiak k\u00f6z\u00e9 sorolta a m\u0171szaki hiba vagy egy szabot\u00e1zsakci\u00f3 lehet\u0151s\u00e9g\u00e9t, de elmond\u00e1sa szerint elk\u00e9pzelhet\u0151 az is, hogy az utasok csomagjai k\u00f6z\u00f6tt kell keresni a szerencs\u00e9tlens\u00e9g okoz\u00f3j\u00e1t. Kam\u00e1l szerint nincs kiz\u00e1rva p\u00e9ld\u00e1ul, hogy a V\u00f6r\u00f6s-tenger partj\u00e1r\u00f3l hazat\u00e9r\u0151 b\u00fav\u00e1rok egyik\u00e9nek oxig\u00e9npalackja vagy egy aut\u00f3akkumul\u00e1tor robbant fel. Ezek a magasnyom\u00e1s\u00fa t\u00e1rgyak megs\u00e9r\u00fclhetnek a l\u00e9gi j\u00e1rm\u0171ben kialakult nyom\u00e1sk\u00fcl\u00f6nbs\u00e9g miatt, ami ak\u00e1r egy deton\u00e1ci\u00f3t is eredm\u00e9nyezhet.<br \/>\n    A vizsg\u00e1l\u00f3bizotts\u00e1g eln\u00f6ke, Ajman el-Mokaddem is a lehet\u0151s\u00e9gek k\u00f6z\u00e9 sorolta m\u00falt szombati sajt\u00f3t\u00e1j\u00e9koztat\u00f3j\u00e1n, hogy valamely utas csomagj\u00e1ban rep\u00fclt a leveg\u0151be egy l\u00edtium alap\u00fa akkumul\u00e1tor. Egyiptomi tiszts\u00e9gvisel\u0151k kor\u00e1bban hangs\u00falyozt\u00e1k, hogy a nyom\u00e1sk\u00fcl\u00f6nbs\u00e9g miatt egy kisebb deton\u00e1ci\u00f3 is el\u00e9g lehetett ahhoz, hogy a rep\u00fcl\u0151g\u00e9p oldalfala felszakadjon.<br \/>\n    A polg\u00e1ri rep\u00fcl\u00e9s\u00e9rt felel\u0151s miniszter nemtetsz\u00e9s\u00e9t fejezte ki egyes orsz\u00e1gok \u00e9s k\u00fclf\u00f6ldi sajt\u00f3org\u00e1numok elj\u00e1r\u00e1s\u00e1val kapcsolatban, utalva arra, hogy a vizsg\u00e1latok eredm\u00e9ny\u00e9nek ismertet\u00e9se el\u0151tti k\u00f6vetkeztet\u00e9sek miatt alakult ki az Egyiptomban jelenleg uralkod\u00f3 &#8222;furcsa l\u00e9gk\u00f6r&#8221;.<br \/>\n    A szerencs\u00e9tlen\u00fcl j\u00e1rt orosz g\u00e9p okt\u00f3ber 31-\u00e9n zuhant le, 23 perccel azut\u00e1n, hogy Sarm-es-Sejkb\u0151l felsz\u00e1llt Szentp\u00e9terv\u00e1r ir\u00e1ny\u00e1ba. Sz\u00e1mos orsz\u00e1g hat\u00e1rozatlan id\u0151re le\u00e1ll\u00edtotta a v\u00f6r\u00f6s-tengeri \u00fcd\u00fcl\u0151k\u00f6zpontba \u00e9s m\u00e1s egyiptomi v\u00e1rosokba ir\u00e1nyul\u00f3 j\u00e1ratait, miut\u00e1n egyre n\u0151 a gyan\u00faja annak, hogy a trag\u00e9di\u00e1t egy terrorist\u00e1k \u00e1ltal a rep\u00fcl\u0151re juttatott pokolg\u00e9p okozhatta.<br \/>\n    &#8222;Azt k\u00e9rt\u00fck, hogyha b\u00e1rmely orsz\u00e1gnak valamilyen inform\u00e1ci\u00f3i vannak, seg\u00edtse a vizsg\u00e1l\u00f3bizotts\u00e1g munk\u00e1j\u00e1t azzal, hogy megossz\u00e1k vele \u00e9rtes\u00fcl\u00e9seiket, de eddig senki nem osztott vel\u00fcnk meg semmit&#8221; &#8211; mondta K\u00e1mel.(MTI)<\/p>\n","protected":false},"excerpt":{"rendered":"<p>K\u00fclf\u00f6ld\u00f6n vizsg\u00e1lj\u00e1k meg az Egyiptomban szerencs\u00e9tlen\u00fcl j\u00e1rt orosz g\u00e9p pil\u00f3taf\u00fclk\u00e9j\u00e9nek hangr\u00f6gz\u00edt\u0151 berendez\u00e9se (Cockpit Voice Recorder, CVR) \u00e1ltal k\u00e9sz\u00edtett felv\u00e9telt, hogy f\u00e9nyt der\u00edtsenek az utols\u00f3 m\u00e1sodpercekben hallhat\u00f3, egyel\u0151re ismeretlen hang eredet\u00e9re &#8211; adta h\u00edr\u00fcl p\u00e9nteken honlapj\u00e1n az al-Ahr\u00e1m c\u00edm\u0171 egyiptomi napilap.<\/p>\n","protected":false},"author":1,"featured_media":0,"comment_status":"open","ping_status":"closed","sticky":false,"template":"","format":"standard","meta":[],"categories":[16],"tags":[],"_links":{"self":[{"href":"https:\/\/gazdasagportal.hu\/index.php\/wp-json\/wp\/v2\/posts\/70608"}],"collection":[{"href":"https:\/\/gazdasagportal.hu\/index.php\/wp-json\/wp\/v2\/posts"}],"about":[{"href":"https:\/\/gazdasagportal.hu\/index.php\/wp-json\/wp\/v2\/types\/post"}],"author":[{"embeddable":true,"href":"https:\/\/gazdasagportal.hu\/index.php\/wp-json\/wp\/v2\/users\/1"}],"replies":[{"embeddable":true,"href":"https:\/\/gazdasagportal.hu\/index.php\/wp-json\/wp\/v2\/comments?post=70608"}],"version-history":[{"count":1,"href":"https:\/\/gazdasagportal.hu\/index.php\/wp-json\/wp\/v2\/posts\/70608\/revisions"}],"predecessor-version":[{"id":70609,"href":"https:\/\/gazdasagportal.hu\/index.php\/wp-json\/wp\/v2\/posts\/70608\/revisions\/70609"}],"wp:attachment":[{"href":"https:\/\/gazdasagportal.hu\/index.php\/wp-json\/wp\/v2\/media?parent=70608"}],"wp:term":[{"taxonomy":"category","embeddable":true,"href":"https:\/\/gazdasagportal.hu\/index.php\/wp-json\/wp\/v2\/categories?post=70608"},{"taxonomy":"post_tag","embeddable":true,"href":"https:\/\/gazdasagportal.hu\/index.php\/wp-json\/wp\/v2\/tags?post=70608"}],"curies":[{"name":"wp","href":"https:\/\/api.w.org\/{rel}","templated":true}]}}