{"id":70604,"date":"2015-11-13T12:48:32","date_gmt":"2015-11-13T11:48:32","guid":{"rendered":"http:\/\/gazdasagportal.hu\/?p=70604"},"modified":"2015-11-13T12:30:42","modified_gmt":"2015-11-13T11:30:42","slug":"ukran-valsag-turcsinov-fokozodik-a-feszultseg-kelet-ukrajnaban-ismet-meghalt-egy-katona","status":"publish","type":"post","link":"https:\/\/gazdasagportal.hu\/index.php\/ukran-valsag-turcsinov-fokozodik-a-feszultseg-kelet-ukrajnaban-ismet-meghalt-egy-katona\/","title":{"rendered":"Ukr\u00e1n v\u00e1ls\u00e1g &#8211; Turcsinov: fokoz\u00f3dik a fesz\u00fclts\u00e9g Kelet-Ukrajn\u00e1ban, ism\u00e9t meghalt egy katona"},"content":{"rendered":"<p><strong>Az elm\u00falt 24 \u00f3r\u00e1ban \u00fajabb vesztes\u00e9geket szenvedtek az ukr\u00e1n fegyveres er\u0151k a Donyec-medenc\u00e9ben: egy katona meghalt, h\u00e1rom pedig megsebes\u00fclt a Moszkva \u00e1ltal t\u00e1mogatott szakad\u00e1rok t\u00e1mad\u00e1sai k\u00f6vetkezt\u00e9ben &#8211; k\u00f6z\u00f6lte p\u00e9nteken Olekszandr Turcsinov, a nemzetbiztons\u00e1gi \u00e9s v\u00e9delmi tan\u00e1cs (RNBO) vezet\u0151je.<\/strong><!--more--><\/p>\n<div class=\"ads-in-post1\"><div id=\"gazdasagportal.hu_fullbanner_wideboard\"><\/div>\r\n<\/div>\n<p>    A befoly\u00e1sos, k\u00f6zvetlen\u00fcl az \u00e1llamf\u0151 al\u00e1 rendelt tan\u00e1cs vezet\u0151je kijelentette, hogy az elm\u00falt k\u00e9t h\u00e9t alatt negat\u00edv tendenci\u00e1k, a helyzet ki\u00e9lez\u0151d\u00e9se figyelhet\u0151 meg az orsz\u00e1g keleti r\u00e9sz\u00e9ben. Csak az elm\u00falt 24 \u00f3r\u00e1ban 22-szer s\u00e9rtett\u00e9k meg a t\u0171zsz\u00fcnetet a szakad\u00e1rok &#8211; mondta.<br \/>\n    A kijevi hadm\u0171veleti parancsnoks\u00e1g szok\u00e1sos reggeli k\u00f6zlem\u00e9ny\u00e9ben arr\u00f3l sz\u00e1molt be, hogy el\u0151z\u0151 nap a k\u00e9t megyesz\u00e9khely k\u00f6z\u00f6tti t\u00e9rs\u00e9gben l\u00e9v\u0151 Zajceve telep\u00fcl\u00e9sn\u00e9l a szemben \u00e1ll\u00f3 felek k\u00f6z\u00f6tt \u00f6sszecsap\u00e1s bontakozott ki, amely k\u00f6zel egy \u00f3r\u00e1n \u00e1t tartott. A szakad\u00e1rok oldal\u00e1n harcol\u00f3, Oroszorsz\u00e1gb\u00f3l \u00e9rkezett zsoldosok k\u00e9zi l\u0151fegyverekkel t\u00e1madtak az ukr\u00e1n katon\u00e1kra. Ezenk\u00edv\u00fcl gr\u00e1n\u00e1tvet\u0151kkel \u00e9s nagy kaliber\u0171 goly\u00f3sz\u00f3r\u00f3kkal t\u00f6bb t\u00e1mad\u00e1st int\u00e9ztek a szakad\u00e1r er\u0151k a Donyeck k\u00f6rny\u00e9k\u00e9n l\u00e9v\u0151 katonai \u00e1ll\u00e1sok ellen. Lakott ter\u00fcletet is t\u00e1madtak: az \u00e9jjel aknavet\u0151kkel nyitottak t\u00fczet a megyek\u00f6zpontt\u00f3l mintegy 30 kilom\u00e9terre nyugatra fekv\u0151 Krasznohorivka telep\u00fcl\u00e9sre.<br \/>\n    Az Eur\u00f3pai Biztons\u00e1gi \u00e9s Egy\u00fcttm\u0171k\u00f6d\u00e9si Szervezet (EBESZ) ukrajnai megfigyel\u0151i legfrissebb, p\u00e9nteken k\u00f6zz\u00e9tett jelent\u00e9s\u00fckben szint\u00e9n arr\u00f3l sz\u00e1moltak be, hogy az ut\u00f3bbi napokban t\u00f6bb t\u0171zsz\u00fcnets\u00e9rt\u00e9st \u00e9szleltek, gr\u00e1n\u00e1tvet\u0151kkel, nagy kaliber\u0171 goly\u00f3sz\u00f3r\u00f3kkal \u00e9s k\u00e9zi l\u0151fegyverekkel leadott l\u00f6v\u00e9seket regisztr\u00e1ltak Luhanszk, Donyeck \u00e9s Mariupol t\u00e9rs\u00e9g\u00e9ben. Az ukr\u00e1n sajt\u00f3 \u00e1ltal ismertetett jelent\u00e9sben a megfigyel\u0151k arra nem t\u00e9rtek ki, hogy megfigyel\u00e9s\u00fck szerint melyik f\u00e9l adta le a l\u00f6v\u00e9seket.<br \/>\n    A luhanszki szakad\u00e1rok \u00f6nk\u00e9nyesen kiki\u00e1ltott n\u00e9pk\u00f6zt\u00e1rsas\u00e1ga p\u00e9nteken lesz\u00f6gezte, hogy tartj\u00e1k magukat a minszki meg\u00e1llapod\u00e1sokban r\u00f6gz\u00edtett t\u0171zsz\u00fcnethez \u00e9s fegyverzetkivon\u00e1shoz.<br \/>\n    Dmitro Timcsuk, a kelet-ukrajnai hadm\u0171veleti \u00f6vezetben zajl\u00f3 esem\u00e9nyeket figyelemmel k\u00f6vet\u0151 Inform\u00e1ci\u00f3s Ellen\u00e1ll\u00e1s nev\u0171 szervezet koordin\u00e1tora viszont p\u00e9nteken arr\u00f3l adott h\u00edrt a Facebookon, hogy a Luhanszk megyei szakad\u00e1rok minden egys\u00e9g\u00e9t teljes harck\u00e9sz\u00fclts\u00e9gbe helyezt\u00e9k, miut\u00e1n olyan h\u00edrek terjedtek el k\u00f6z\u00f6tt\u00fck, amelyek szerint az ukr\u00e1n fegyveres er\u0151k \u00e1ll\u00edt\u00f3lag t\u00e1mad\u00e1sra k\u00e9sz\u00fclnek, \u00e9s harckocsikb\u00f3l \u00e1ll\u00f3 konvoj tart a megyek\u00f6zpont fel\u00e9.<br \/>\n    A donyecki szakad\u00e1rok &#8222;v\u00e9delmi miniszt\u00e9riuma&#8221; p\u00e9nteken azt hozta nyilv\u00e1noss\u00e1gra, hogy az \u00e9jjel az ukr\u00e1n fegyveres er\u0151k l\u0151tt\u00e9k a megyek\u00f6zpont k\u00f6rny\u00e9k\u00e9t. Meger\u0151s\u00edtett\u00e9k, hogy Zajceve telep\u00fcl\u00e9sn\u00e9l harcok bontakoztak ki, ugyanakkor az \u0151 verzi\u00f3juk szerint az ukr\u00e1n fegyveres er\u0151k nyitottak t\u00fczet aknavet\u0151vel. A telep\u00fcl\u00e9s iskol\u00e1j\u00e1nak igazgat\u00f3ja meger\u0151s\u00edtette a DAN szakad\u00e1r h\u00edr\u00fcgyn\u00f6ks\u00e9gnek, hogy l\u00f6ved\u00e9kek csap\u00f3dtak be az oktat\u00e1si int\u00e9zm\u00e9ny ter\u00fclet\u00e9n, de szavai szerint nem az esti harcok alatt, hanem a d\u00e9lel\u0151tti \u00f3r\u00e1kban. A gyerekeket \u00e9s a pedag\u00f3gusokat evaku\u00e1lt\u00e1k, s\u00e9r\u00fcltekr\u0151l nem \u00e9rkezett h\u00edr.<br \/>\n(MTI)<\/p>\n","protected":false},"excerpt":{"rendered":"<p>Az elm\u00falt 24 \u00f3r\u00e1ban \u00fajabb vesztes\u00e9geket szenvedtek az ukr\u00e1n fegyveres er\u0151k a Donyec-medenc\u00e9ben: egy katona meghalt, h\u00e1rom pedig megsebes\u00fclt a Moszkva \u00e1ltal t\u00e1mogatott szakad\u00e1rok t\u00e1mad\u00e1sai k\u00f6vetkezt\u00e9ben &#8211; k\u00f6z\u00f6lte p\u00e9nteken Olekszandr Turcsinov, a nemzetbiztons\u00e1gi \u00e9s v\u00e9delmi tan\u00e1cs (RNBO) vezet\u0151je.<\/p>\n","protected":false},"author":1,"featured_media":0,"comment_status":"open","ping_status":"closed","sticky":false,"template":"","format":"standard","meta":[],"categories":[139],"tags":[],"_links":{"self":[{"href":"https:\/\/gazdasagportal.hu\/index.php\/wp-json\/wp\/v2\/posts\/70604"}],"collection":[{"href":"https:\/\/gazdasagportal.hu\/index.php\/wp-json\/wp\/v2\/posts"}],"about":[{"href":"https:\/\/gazdasagportal.hu\/index.php\/wp-json\/wp\/v2\/types\/post"}],"author":[{"embeddable":true,"href":"https:\/\/gazdasagportal.hu\/index.php\/wp-json\/wp\/v2\/users\/1"}],"replies":[{"embeddable":true,"href":"https:\/\/gazdasagportal.hu\/index.php\/wp-json\/wp\/v2\/comments?post=70604"}],"version-history":[{"count":1,"href":"https:\/\/gazdasagportal.hu\/index.php\/wp-json\/wp\/v2\/posts\/70604\/revisions"}],"predecessor-version":[{"id":70605,"href":"https:\/\/gazdasagportal.hu\/index.php\/wp-json\/wp\/v2\/posts\/70604\/revisions\/70605"}],"wp:attachment":[{"href":"https:\/\/gazdasagportal.hu\/index.php\/wp-json\/wp\/v2\/media?parent=70604"}],"wp:term":[{"taxonomy":"category","embeddable":true,"href":"https:\/\/gazdasagportal.hu\/index.php\/wp-json\/wp\/v2\/categories?post=70604"},{"taxonomy":"post_tag","embeddable":true,"href":"https:\/\/gazdasagportal.hu\/index.php\/wp-json\/wp\/v2\/tags?post=70604"}],"curies":[{"name":"wp","href":"https:\/\/api.w.org\/{rel}","templated":true}]}}