{"id":70596,"date":"2015-11-13T10:36:02","date_gmt":"2015-11-13T09:36:02","guid":{"rendered":"http:\/\/gazdasagportal.hu\/?p=70596"},"modified":"2015-11-13T10:36:02","modified_gmt":"2015-11-13T09:36:02","slug":"ksh-23-szazalekkal-nott-a-gdp-a-harmadik-negyedevben","status":"publish","type":"post","link":"https:\/\/gazdasagportal.hu\/index.php\/ksh-23-szazalekkal-nott-a-gdp-a-harmadik-negyedevben\/","title":{"rendered":"KSH: 2,3 sz\u00e1zal\u00e9kkal n\u0151tt a GDP a harmadik negyed\u00e9vben"},"content":{"rendered":"<p><strong>Magyarorsz\u00e1g brutt\u00f3 hazai term\u00e9ke (GDP) 2,3 sz\u00e1zal\u00e9kkal n\u0151tt a harmadik negyed\u00e9vben az el\u0151z\u0151 \u00e9v azonos id\u0151szak\u00e1hoz viszony\u00edtva &#8211; jelentette els\u0151 becsl\u00e9se alapj\u00e1n a K\u00f6zponti Statisztikai Hivatal (KSH) p\u00e9nteken.<\/strong><!--more--><\/p>\n<div class=\"ads-in-post1\"><div id=\"gazdasagportal.hu_fullbanner_wideboard\"><\/div>\r\n<\/div>\n<p>    A n\u00f6veked\u00e9st alapvet\u0151en az ipar, azon bel\u00fcl a j\u00e1rm\u0171gy\u00e1rt\u00e1s, valamint a kereskedelem, sz\u00e1ll\u00e1shely-szolg\u00e1ltat\u00e1s \u00e9s vend\u00e9gl\u00e1t\u00e1s teljes\u00edtm\u00e9ny\u00e9nek b\u0151v\u00fcl\u00e9se okozta.<br \/>\n    A napt\u00e1rhat\u00e1ssal kiigaz\u00edtott \u00e9s rendk\u00edv\u00fcli t\u00e9nyez\u0151kt\u0151l megsz\u0171rt adatok szerint a harmadik negyed\u00e9vben 2,2 sz\u00e1zal\u00e9kos volt a gazdas\u00e1g teljes\u00edtm\u00e9ny\u00e9nek emelked\u00e9se az el\u0151z\u0151 \u00e9v azonos id\u0151szak\u00e1hoz viszony\u00edtva a m\u00e1sodik negyed\u00e9vi 2,4 \u00e9s az els\u0151 negyed\u00e9vi 3,1 sz\u00e1zal\u00e9kot k\u00f6vet\u0151en.<br \/>\n    Az el\u0151z\u0151 negyed\u00e9vhez viszony\u00edtva 0,5 sz\u00e1zal\u00e9kkal n\u0151tt a brutt\u00f3 hazai term\u00e9k volumene az idei harmadik negyed\u00e9vben a szezon\u00e1lisan \u00e9s napt\u00e1rhat\u00e1ssal kiigaz\u00edtott adatok szerint, csak\u00fagy, mint az els\u0151 k\u00e9t negyed\u00e9vben.<br \/>\n    Az els\u0151 h\u00e1rom negyed\u00e9vben 2,8 sz\u00e1zal\u00e9kkal n\u0151tt a GDP a nyers adatok \u00e9s a napt\u00e1rhat\u00e1st\u00f3l megsz\u0171rt adat szerint is, az els\u0151 f\u00e9l \u00e9vi 3,1 sz\u00e1zal\u00e9kot k\u00f6vet\u0151en. A napt\u00e1rhat\u00e1s mellett az egy\u00e9b egyszeri hat\u00e1sokt\u00f3l is megtiszt\u00edtott adatok szerint 2,6 sz\u00e1zal\u00e9kos volt a h\u00e1rom negyed\u00e9vi n\u00f6veked\u00e9s, m\u00edg az els\u0151 f\u00e9l \u00e9vben 2,8 sz\u00e1zal\u00e9kot regisztr\u00e1lt a statisztika.<br \/>\n    Az adatok ismertetet\u00e9sekor Sz\u0151k\u00e9n\u00e9 Boros Zsuzsanna, a KSH f\u0151oszt\u00e1lyvezet\u0151je elmondta: a n\u00f6veked\u00e9si \u00fctem m\u00e9rs\u00e9kl\u0151d\u00e9s\u00e9ben szerepet j\u00e1tszott a mez\u0151gazdas\u00e1g teljes\u00edtm\u00e9ny\u00e9nek visszaes\u00e9se, de az ipar, valamint a feldolgoz\u00f3ipar \u00e9ves b\u0151v\u00fcl\u00e9se is kisebb volt az eddigin\u00e9l. Ugyanakkor az el\u0151z\u0151 negyed\u00e9vhez k\u00e9pest a szolg\u00e1ltat\u00e1sok nagyobb m\u00e9rt\u00e9kben j\u00e1rultak hozz\u00e1 a n\u00f6veked\u00e9shez &#8211; tette hozz\u00e1. Az \u00e9p\u00edt\u0151ipar teljes\u00edtm\u00e9nye az idei harmadik negyed\u00e9vben megtorpant.<br \/>\n    A harmadik negyed\u00e9vi GDP r\u00e9szletes adatait december 4-\u00e9n teszi k\u00f6zz\u00e9 a KSH.(MTI)<\/p>\n","protected":false},"excerpt":{"rendered":"<p>Magyarorsz\u00e1g brutt\u00f3 hazai term\u00e9ke (GDP) 2,3 sz\u00e1zal\u00e9kkal n\u0151tt a harmadik negyed\u00e9vben az el\u0151z\u0151 \u00e9v azonos id\u0151szak\u00e1hoz viszony\u00edtva &#8211; jelentette els\u0151 becsl\u00e9se alapj\u00e1n a K\u00f6zponti Statisztikai Hivatal (KSH) p\u00e9nteken.<\/p>\n","protected":false},"author":1,"featured_media":0,"comment_status":"open","ping_status":"closed","sticky":false,"template":"","format":"standard","meta":[],"categories":[19],"tags":[],"_links":{"self":[{"href":"https:\/\/gazdasagportal.hu\/index.php\/wp-json\/wp\/v2\/posts\/70596"}],"collection":[{"href":"https:\/\/gazdasagportal.hu\/index.php\/wp-json\/wp\/v2\/posts"}],"about":[{"href":"https:\/\/gazdasagportal.hu\/index.php\/wp-json\/wp\/v2\/types\/post"}],"author":[{"embeddable":true,"href":"https:\/\/gazdasagportal.hu\/index.php\/wp-json\/wp\/v2\/users\/1"}],"replies":[{"embeddable":true,"href":"https:\/\/gazdasagportal.hu\/index.php\/wp-json\/wp\/v2\/comments?post=70596"}],"version-history":[{"count":1,"href":"https:\/\/gazdasagportal.hu\/index.php\/wp-json\/wp\/v2\/posts\/70596\/revisions"}],"predecessor-version":[{"id":70597,"href":"https:\/\/gazdasagportal.hu\/index.php\/wp-json\/wp\/v2\/posts\/70596\/revisions\/70597"}],"wp:attachment":[{"href":"https:\/\/gazdasagportal.hu\/index.php\/wp-json\/wp\/v2\/media?parent=70596"}],"wp:term":[{"taxonomy":"category","embeddable":true,"href":"https:\/\/gazdasagportal.hu\/index.php\/wp-json\/wp\/v2\/categories?post=70596"},{"taxonomy":"post_tag","embeddable":true,"href":"https:\/\/gazdasagportal.hu\/index.php\/wp-json\/wp\/v2\/tags?post=70596"}],"curies":[{"name":"wp","href":"https:\/\/api.w.org\/{rel}","templated":true}]}}