{"id":70508,"date":"2015-11-11T19:09:28","date_gmt":"2015-11-11T18:09:28","guid":{"rendered":"http:\/\/gazdasagportal.hu\/?p=70508"},"modified":"2015-11-11T19:09:28","modified_gmt":"2015-11-11T18:09:28","slug":"horvat-belugyminiszter-penzkidobas-a-szloven-keritesepites","status":"publish","type":"post","link":"https:\/\/gazdasagportal.hu\/index.php\/horvat-belugyminiszter-penzkidobas-a-szloven-keritesepites\/","title":{"rendered":"Horv\u00e1t bel\u00fcgyminiszter: p\u00e9nzkidob\u00e1s a szlov\u00e9n ker\u00edt\u00e9s\u00e9p\u00edt\u00e9s"},"content":{"rendered":"<p><strong>P\u00e9nzkidob\u00e1snak nevezte a horv\u00e1t-szlov\u00e9n hat\u00e1rszakaszon \u00e9p\u00fcl\u0151 dr\u00f3tker\u00edt\u00e9st Ranko Ostojic horv\u00e1t \u00fcgyviv\u0151 bel\u00fcgyminiszter szerd\u00e1n Br\u00f3dban (Slavonski Brod) \u00fajs\u00e1g\u00edr\u00f3knak nyilatkozva.<\/strong><!--more--><\/p>\n<div class=\"ads-in-post1\"><div id=\"gazdasagportal.hu_fullbanner_wideboard\"><\/div>\r\n<\/div>\n<p>    A politikus kijelentette: a dr\u00f3tker\u00edt\u00e9s \u00e9p\u00edt\u00e9se p\u00e9nzkidob\u00e1s. &#8222;Szlov\u00e9nia jobban tenn\u00e9, ha ink\u00e1bb ideiglenes mened\u00e9khelyet \u00e9p\u00edtene a bev\u00e1ndorl\u00f3knak, mint amilyet Horv\u00e1torsz\u00e1g is \u00e9p\u00edtett, s amelyet t\u00e9lies\u00edtett&#8221; &#8211; hangs\u00falyozta.<br \/>\n    \u00dagy v\u00e9lekedett, hogy Ljubljana ezzel a d\u00f6nt\u00e9ssel azt \u00fczeni, a hat\u00e1rok lassan lez\u00e1r\u00f3dnak, ami ellent\u00e9tes hat\u00e1st v\u00e1lt ki, \u00e9s m\u00e9g t\u00f6bben fognak j\u00f6nni.<br \/>\n    Ostojic nem tartotta elfogadhat\u00f3 indoknak, hogy Szlov\u00e9nia az\u00e9rt emel ker\u00edt\u00e9st Horv\u00e1torsz\u00e1ggal k\u00f6z\u00f6s hat\u00e1r\u00e1n, mert v\u00e9get \u00e9rt a g\u00f6r\u00f6g komphaj\u00f3k szem\u00e9lyzet\u00e9nek sztr\u00e1jkja, \u00e9s Ljubljana att\u00f3l tart, hogy t\u00f6bb ezer migr\u00e1ns \u00f6z\u00f6nlik majd az orsz\u00e1gba. A t\u00e1rcavezet\u0151 szerint a migr\u00e1nshull\u00e1m nagy r\u00e9sze m\u00e1r \u00e1thaladt Szlov\u00e9ni\u00e1n.<br \/>\n    Horv\u00e1torsz\u00e1g befogad\u00f3k\u00e9pess\u00e9ge 5000 f\u0151, ha ugyanennyi migr\u00e1nst be tudna fogadni Szerbia, Magyarorsz\u00e1g, Maced\u00f3nia, Szlov\u00e9nia, Ausztria \u00e9s Bulg\u00e1ria is, a menek\u00fclthull\u00e1m ellen\u0151rizhet\u0151v\u00e9 v\u00e1lna &#8211; mondta Ostojic, hozz\u00e1t\u00e9ve, hogy probl\u00e9ma megold\u00e1s\u00e1t G\u00f6r\u00f6gorsz\u00e1gban kell kezdeni.(MTI)<\/p>\n","protected":false},"excerpt":{"rendered":"<p>P\u00e9nzkidob\u00e1snak nevezte a horv\u00e1t-szlov\u00e9n hat\u00e1rszakaszon \u00e9p\u00fcl\u0151 dr\u00f3tker\u00edt\u00e9st Ranko Ostojic horv\u00e1t \u00fcgyviv\u0151 bel\u00fcgyminiszter szerd\u00e1n Br\u00f3dban (Slavonski Brod) \u00fajs\u00e1g\u00edr\u00f3knak nyilatkozva.<\/p>\n","protected":false},"author":1,"featured_media":0,"comment_status":"open","ping_status":"closed","sticky":false,"template":"","format":"standard","meta":[],"categories":[14],"tags":[],"_links":{"self":[{"href":"https:\/\/gazdasagportal.hu\/index.php\/wp-json\/wp\/v2\/posts\/70508"}],"collection":[{"href":"https:\/\/gazdasagportal.hu\/index.php\/wp-json\/wp\/v2\/posts"}],"about":[{"href":"https:\/\/gazdasagportal.hu\/index.php\/wp-json\/wp\/v2\/types\/post"}],"author":[{"embeddable":true,"href":"https:\/\/gazdasagportal.hu\/index.php\/wp-json\/wp\/v2\/users\/1"}],"replies":[{"embeddable":true,"href":"https:\/\/gazdasagportal.hu\/index.php\/wp-json\/wp\/v2\/comments?post=70508"}],"version-history":[{"count":1,"href":"https:\/\/gazdasagportal.hu\/index.php\/wp-json\/wp\/v2\/posts\/70508\/revisions"}],"predecessor-version":[{"id":70509,"href":"https:\/\/gazdasagportal.hu\/index.php\/wp-json\/wp\/v2\/posts\/70508\/revisions\/70509"}],"wp:attachment":[{"href":"https:\/\/gazdasagportal.hu\/index.php\/wp-json\/wp\/v2\/media?parent=70508"}],"wp:term":[{"taxonomy":"category","embeddable":true,"href":"https:\/\/gazdasagportal.hu\/index.php\/wp-json\/wp\/v2\/categories?post=70508"},{"taxonomy":"post_tag","embeddable":true,"href":"https:\/\/gazdasagportal.hu\/index.php\/wp-json\/wp\/v2\/tags?post=70508"}],"curies":[{"name":"wp","href":"https:\/\/api.w.org\/{rel}","templated":true}]}}