{"id":70487,"date":"2015-11-11T14:49:06","date_gmt":"2015-11-11T13:49:06","guid":{"rendered":"http:\/\/gazdasagportal.hu\/?p=70487"},"modified":"2015-11-11T14:49:06","modified_gmt":"2015-11-11T13:49:06","slug":"ismet-osszecsapasok-voltak-rendorok-es-migransok-kozott","status":"publish","type":"post","link":"https:\/\/gazdasagportal.hu\/index.php\/ismet-osszecsapasok-voltak-rendorok-es-migransok-kozott\/","title":{"rendered":"Ism\u00e9t \u00f6sszecsap\u00e1sok voltak rend\u0151r\u00f6k \u00e9s migr\u00e1nsok k\u00f6z\u00f6tt"},"content":{"rendered":"<p><strong>Ism\u00e9t \u00f6sszecsap\u00e1sok voltak az \u00e9szak-franciaorsz\u00e1gi Calais-ban kedden este migr\u00e1nsok \u00e9s a t\u00e1bor k\u00f6rny\u00e9k\u00e9re kirendelt mintegy 250 rend\u0151r k\u00f6z\u00f6tt. A t\u00e1borban mintegy 4500-an v\u00e1rakoznak arra, hogy \u00e1tjussanak Nagy-Britanni\u00e1ba.<\/strong><!--more--><\/p>\n<div class=\"ads-in-post1\"><div id=\"gazdasagportal.hu_fullbanner_wideboard\"><\/div>\r\n<\/div>\n<p>    Ez volt az egym\u00e1s ut\u00e1ni harmadik \u00e9jszaka, hogy konfliktus alakult ki a rend\u0151r\u00f6k \u00e9s a migr\u00e1nsok k\u00f6z\u00f6tt, j\u00f3llehet a bel\u00fcgyminiszt\u00e9rium &#8222;sokkal nyugodtabbnak&#8221; \u00edt\u00e9lte meg a szerd\u00e1ra virrad\u00f3 \u00e9jjelt az el\u0151z\u0151 k\u00e9t \u00e9jszak\u00e1hoz k\u00e9pest.<br \/>\n    A fesz\u00fclts\u00e9g este f\u00e9l 11 \u00f3r\u00e1kor kezdett ki\u00e9lez\u0151dni, amikor a t\u00e1bor bej\u00e1rat\u00e1n\u00e1l a migr\u00e1nsok s\u00e9rtegett\u00e9k a rend\u0151r\u00f6ket, majd kavicsokkal dob\u00e1lt\u00e1k meg \u0151ket. A rend\u0151r\u00f6k el\u0151sz\u00f6r k\u00f6nnyg\u00e1zzal v\u00e1laszoltak, majd v\u00edz\u00e1gy\u00faval oszlatt\u00e1k sz\u00e9t a kisebb csoportokban gy\u00fclekez\u0151 migr\u00e1nsokat \u00e9s oltott\u00e1k el a falemezekb\u0151l rakott t\u00fczeket.<br \/>\n    A bel\u00fcgyminiszt\u00e9rium szerint a rend\u0151rs\u00e9g szerd\u00e1ra virrad\u00f3 \u00e9jjel hatvan k\u00f6nnyg\u00e1zt haszn\u00e1lt, m\u00edg az el\u0151z\u0151 \u00f6sszecsap\u00e1sokkor \u00e1tlagosan h\u00e1romsz\u00e1zat, \u00e9s akkor t\u00f6bb s\u00e9r\u00fcltr\u0151l is \u00e9rkeztek h\u00edrek. Kedden este senki nem s\u00e9r\u00fclt meg.<br \/>\n    A rend\u0151rs\u00e9g szerint az \u00f6sszecsap\u00e1sok az\u00e9rt robbantak ki, mert a migr\u00e1nsok csoportosan pr\u00f3b\u00e1lj\u00e1k akad\u00e1lyozni a kik\u00f6t\u0151 fel\u00e9 vezet\u0151 g\u00e9pj\u00e1rm\u0171forgalmat az \u00fatra dob\u00e1lt t\u00e1rgyakkal, majd a kialakul\u00f3 dug\u00f3ban megpr\u00f3b\u00e1lnak feljutni a teheraut\u00f3kra, amelyek az Angli\u00e1ba tart\u00f3 kompokra igyekeznek. A bel\u00fcgyminiszt\u00e9rium szerint ugyanakkor szerd\u00e1ra virrad\u00f3 \u00e9jjel m\u00e1r senki nem pr\u00f3b\u00e1lt meg felm\u00e1szni a kamionokra.<br \/>\n    A rend\u0151ri szakszervezetek arra h\u00edvt\u00e1k fel a figyelmet, hogy a h\u00e9ten t\u00f6rt\u00e9ntek el\u0151sz\u00f6r \u00f6sszecsap\u00e1sok a rend\u0151r\u00f6k \u00e9s a migr\u00e1nsok k\u00f6z\u00f6tt. Fabienne Buccio megyei prefektus a No Border nev\u0171 globaliz\u00e1ci\u00f3ellenes szervezet aktivist\u00e1it azzal v\u00e1dolta meg, hogy &#8222;\u0151k szervezik az \u00f6sszet\u0171z\u00e9seket, \u0151k adnak a migr\u00e1nsoknak eszk\u00f6z\u00f6ket ahhoz, hogy nekimenjenek a rend\u0151r\u00f6knek&#8221;.<br \/>\n    A prefektus szerint az er\u0151szak er\u0151s\u00f6d\u00e9se r\u00e9szben azzal magyar\u00e1zhat\u00f3, hogy az elm\u00falt h\u00e1rom h\u00e9tben egyetlen migr\u00e1nsnak sem siker\u00fclt \u00e1tjutnia Nagy-Britanni\u00e1ba, noha \u00e9jszak\u00e1nk\u00e9nt \u00e1tlagosan m\u00e9g mindig mintegy h\u00e1romsz\u00e1zan pr\u00f3b\u00e1lkoznak ezzel. A La Manche-csatorna alatti alag\u00fat bej\u00e1rat\u00e1n\u00e1l \u00e9s a kik\u00f6t\u0151 k\u00f6rny\u00e9k\u00e9n ugyanis meger\u0151s\u00edtett\u00e9k a rend\u0151ri v\u00e9delmet. A k\u00f6rny\u00e9ken mintegy 1200 rend\u0151r teljes\u00edt szolg\u00e1latot, v\u00e9dik a l\u00e9tes\u00edtm\u00e9nyeket, rendet tartanak a t\u00e1borban \u00e9s a 75 ezer lakos\u00fa kisv\u00e1rosban. Ugyanakkor a v\u00e1rossz\u00e9li volt szem\u00e9ttelepen spont\u00e1n m\u00f3don kialakult, de a hat\u00f3s\u00e1gok \u00e1ltal megt\u0171rt s\u00e1tort\u00e1bor fokozatosan n\u00f6vekedett.<br \/>\n    K\u00e9t h\u00e9ttel ezel\u0151tt m\u00e9g mintegy 6 ezren \u00e9ltek itt elfogadhatatlan higi\u00e9niai k\u00f6r\u00fclm\u00e9nyek k\u00f6z\u00f6tt. A francia bel\u00fcgyminiszt\u00e9rium h\u00e9tf\u0151n azt k\u00f6z\u00f6lte, hogy negyed\u00e9vel, mintegy 4500-ra cs\u00f6kkent az elm\u00falt hetekben a Nagy-Britanni\u00e1ba val\u00f3 \u00e1tjut\u00e1sra itt v\u00e1rakoz\u00f3 migr\u00e1nsok sz\u00e1ma. Azok, akik lemondtak a tov\u00e1bbi pr\u00f3b\u00e1lkoz\u00e1sr\u00f3l, elfogadt\u00e1k, hogy orsz\u00e1gszerte kijel\u00f6lt k\u00f6zpontokba helyezz\u00e9k el \u0151ket a mened\u00e9kk\u00e9relmeik elb\u00edr\u00e1l\u00e1s\u00e1nak idej\u00e9re. A hat\u00f3s\u00e1gi fell\u00e9p\u00e9sek eredm\u00e9nyek\u00e9nt a m\u00falt h\u00e9ten mintegy ezer ember hagyta el a s\u00e1tort\u00e1bort, \u00e9s tov\u00e1bbi \u00e1thelyez\u00e9sek v\u00e1rhat\u00f3ak a h\u00e9ten a t\u00e1rca szerint.(MTI)<\/p>\n","protected":false},"excerpt":{"rendered":"<p>Ism\u00e9t \u00f6sszecsap\u00e1sok voltak az \u00e9szak-franciaorsz\u00e1gi Calais-ban kedden este migr\u00e1nsok \u00e9s a t\u00e1bor k\u00f6rny\u00e9k\u00e9re kirendelt mintegy 250 rend\u0151r k\u00f6z\u00f6tt. A t\u00e1borban mintegy 4500-an v\u00e1rakoznak arra, hogy \u00e1tjussanak Nagy-Britanni\u00e1ba.<\/p>\n","protected":false},"author":1,"featured_media":0,"comment_status":"open","ping_status":"closed","sticky":false,"template":"","format":"standard","meta":[],"categories":[12],"tags":[],"_links":{"self":[{"href":"https:\/\/gazdasagportal.hu\/index.php\/wp-json\/wp\/v2\/posts\/70487"}],"collection":[{"href":"https:\/\/gazdasagportal.hu\/index.php\/wp-json\/wp\/v2\/posts"}],"about":[{"href":"https:\/\/gazdasagportal.hu\/index.php\/wp-json\/wp\/v2\/types\/post"}],"author":[{"embeddable":true,"href":"https:\/\/gazdasagportal.hu\/index.php\/wp-json\/wp\/v2\/users\/1"}],"replies":[{"embeddable":true,"href":"https:\/\/gazdasagportal.hu\/index.php\/wp-json\/wp\/v2\/comments?post=70487"}],"version-history":[{"count":1,"href":"https:\/\/gazdasagportal.hu\/index.php\/wp-json\/wp\/v2\/posts\/70487\/revisions"}],"predecessor-version":[{"id":70488,"href":"https:\/\/gazdasagportal.hu\/index.php\/wp-json\/wp\/v2\/posts\/70487\/revisions\/70488"}],"wp:attachment":[{"href":"https:\/\/gazdasagportal.hu\/index.php\/wp-json\/wp\/v2\/media?parent=70487"}],"wp:term":[{"taxonomy":"category","embeddable":true,"href":"https:\/\/gazdasagportal.hu\/index.php\/wp-json\/wp\/v2\/categories?post=70487"},{"taxonomy":"post_tag","embeddable":true,"href":"https:\/\/gazdasagportal.hu\/index.php\/wp-json\/wp\/v2\/tags?post=70487"}],"curies":[{"name":"wp","href":"https:\/\/api.w.org\/{rel}","templated":true}]}}