{"id":70468,"date":"2015-11-11T06:23:00","date_gmt":"2015-11-11T05:23:00","guid":{"rendered":"http:\/\/gazdasagportal.hu\/?p=70468"},"modified":"2015-11-11T01:11:52","modified_gmt":"2015-11-11T00:11:52","slug":"szlovakia-decemberben-adja-be-a-kvotadontessel-szembeni-keresetet","status":"publish","type":"post","link":"https:\/\/gazdasagportal.hu\/index.php\/szlovakia-decemberben-adja-be-a-kvotadontessel-szembeni-keresetet\/","title":{"rendered":"Szlov\u00e1kia decemberben adja be a kv\u00f3tad\u00f6nt\u00e9ssel szembeni keresetet"},"content":{"rendered":"<p><strong>Szlov\u00e1kia decemberben fogja beny\u00fajtani az Eur\u00f3pai Uni\u00f3 (EU) luxembourgi sz\u00e9khely\u0171 b\u00edr\u00f3s\u00e1g\u00e1n azt a keresetet, amellyel megt\u00e1madja az uni\u00f3 bel\u00fcgyminiszterei \u00e1ltal min\u0151s\u00edtett t\u00f6bbs\u00e9gi szavaz\u00e1ssal szeptemberben j\u00f3v\u00e1hagyott &#8211; 120 ezer migr\u00e1ns k\u00f6telez\u0151 eloszt\u00e1s\u00e1t el\u0151ir\u00e1nyz\u00f3 &#8211; kv\u00f3tad\u00f6nt\u00e9st &#8211; jelentette be Robert Fico korm\u00e1nyf\u0151 kedden Pozsonyban.<\/strong><br \/>\n<!--more--><\/p>\n<div class=\"ads-in-post1\"><div id=\"gazdasagportal.hu_fullbanner_wideboard\"><\/div>\r\n<\/div>\n<p>    A szlov\u00e1k korm\u00e1nyf\u0151 a pozsonyi P\u00e1neur\u00f3pai F\u0151iskol\u00e1n tartott el\u0151ad\u00e1sa sor\u00e1n tett bejelent\u00e9s\u00e9r\u0151l els\u0151k\u00e9nt a TASR szlov\u00e1k k\u00f6zszolg\u00e1lati h\u00edr\u00fcgyn\u00f6ks\u00e9g sz\u00e1molt be.<br \/>\n    &#8222;Pillanatnyilag a (sz\u00f6veg) szakmai el\u0151k\u00e9sz\u00edt\u00e9se zajlik, a kereset bead\u00e1s\u00e1nak id\u0151pontja december 18. Az id\u0151pontot betartjuk. A keresetet beadjuk&#8221; &#8211; sz\u00f6gezte le Robert Fico a fels\u0151oktat\u00e1si int\u00e9zm\u00e9nyben a migr\u00e1ci\u00f3s v\u00e1ls\u00e1g \u00e9s az eur\u00f3pai jog viszony\u00e1r\u00f3l tartott el\u0151ad\u00e1sa sor\u00e1n.<br \/>\n    Hozz\u00e1tette: olyan bels\u0151 inform\u00e1ci\u00f3k birtok\u00e1ban van, hogy a beadv\u00e1nyhoz m\u00e1s uni\u00f3s tag\u00e1llamok is csatlakozni k\u00e9sz\u00fclnek. Megjegyezte: a magyar t\u00f6rv\u00e9nyhoz\u00e1s m\u00e1r j\u00f3v\u00e1hagyott egy olyan dokumentumot, amely lehet\u0151v\u00e9 teszi az uni\u00f3s bel\u00fcgyminiszterek d\u00f6nt\u00e9s\u00e9vel szembeni fell\u00e9p\u00e9st, Rom\u00e1nia pedig hasonl\u00f3 l\u00e9p\u00e9st fontolgat.<br \/>\n    A szlov\u00e1k korm\u00e1nyf\u0151 az el\u0151ad\u00e1s sor\u00e1n megism\u00e9telte Pozsonynak a migr\u00e1nsv\u00e1ls\u00e1g kezel\u00e9s\u00e9re vonatkoz\u00f3 \u00e1ll\u00e1spontj\u00e1t. Ezzel \u00f6sszef\u00fcgg\u00e9sben elmondta: a schengeni hat\u00e1rok k\u00f6vetkezetes v\u00e9delme mellett azt tartj\u00e1k els\u0151dlegesnek, hogy v\u00e1lassz\u00e1k k\u00fcl\u00f6n az igazi menek\u00fclteket \u00e9s a gazdas\u00e1gi bev\u00e1ndorl\u00f3kat.<br \/>\n    Azt, hogy Szlov\u00e1kia az Eur\u00f3pai Uni\u00f3 luxembourgi sz\u00e9khely\u0171 b\u00edr\u00f3s\u00e1g\u00e1n meg fogja t\u00e1madni az uni\u00f3 bel\u00fcgyminiszterei \u00e1ltal min\u0151s\u00edtett t\u00f6bbs\u00e9gi szavaz\u00e1ssal j\u00f3v\u00e1hagyott kv\u00f3tad\u00f6nt\u00e9st, a szeptemberi 22-i d\u00f6nt\u00e9s m\u00e1snapj\u00e1n jelentette be Robert Fico. A kereset bead\u00e1s\u00e1hoz sz\u00fcks\u00e9ges parlamenti hat\u00e1rozatot szeptember 30-\u00e1n hagyta j\u00f3v\u00e1 a pozsonyi t\u00f6rv\u00e9nyhoz\u00e1s.(MTI)<\/p>\n","protected":false},"excerpt":{"rendered":"<p>Szlov\u00e1kia decemberben fogja beny\u00fajtani az Eur\u00f3pai Uni\u00f3 (EU) luxembourgi sz\u00e9khely\u0171 b\u00edr\u00f3s\u00e1g\u00e1n azt a keresetet, amellyel megt\u00e1madja az uni\u00f3 bel\u00fcgyminiszterei \u00e1ltal min\u0151s\u00edtett t\u00f6bbs\u00e9gi szavaz\u00e1ssal szeptemberben j\u00f3v\u00e1hagyott &#8211; 120 ezer migr\u00e1ns k\u00f6telez\u0151 eloszt\u00e1s\u00e1t el\u0151ir\u00e1nyz\u00f3 &#8211; kv\u00f3tad\u00f6nt\u00e9st &#8211; jelentette be Robert Fico korm\u00e1nyf\u0151 kedden Pozsonyban.<\/p>\n","protected":false},"author":1,"featured_media":0,"comment_status":"open","ping_status":"closed","sticky":false,"template":"","format":"standard","meta":[],"categories":[12],"tags":[],"_links":{"self":[{"href":"https:\/\/gazdasagportal.hu\/index.php\/wp-json\/wp\/v2\/posts\/70468"}],"collection":[{"href":"https:\/\/gazdasagportal.hu\/index.php\/wp-json\/wp\/v2\/posts"}],"about":[{"href":"https:\/\/gazdasagportal.hu\/index.php\/wp-json\/wp\/v2\/types\/post"}],"author":[{"embeddable":true,"href":"https:\/\/gazdasagportal.hu\/index.php\/wp-json\/wp\/v2\/users\/1"}],"replies":[{"embeddable":true,"href":"https:\/\/gazdasagportal.hu\/index.php\/wp-json\/wp\/v2\/comments?post=70468"}],"version-history":[{"count":2,"href":"https:\/\/gazdasagportal.hu\/index.php\/wp-json\/wp\/v2\/posts\/70468\/revisions"}],"predecessor-version":[{"id":70471,"href":"https:\/\/gazdasagportal.hu\/index.php\/wp-json\/wp\/v2\/posts\/70468\/revisions\/70471"}],"wp:attachment":[{"href":"https:\/\/gazdasagportal.hu\/index.php\/wp-json\/wp\/v2\/media?parent=70468"}],"wp:term":[{"taxonomy":"category","embeddable":true,"href":"https:\/\/gazdasagportal.hu\/index.php\/wp-json\/wp\/v2\/categories?post=70468"},{"taxonomy":"post_tag","embeddable":true,"href":"https:\/\/gazdasagportal.hu\/index.php\/wp-json\/wp\/v2\/tags?post=70468"}],"curies":[{"name":"wp","href":"https:\/\/api.w.org\/{rel}","templated":true}]}}