{"id":70464,"date":"2015-11-11T09:05:45","date_gmt":"2015-11-11T08:05:45","guid":{"rendered":"http:\/\/gazdasagportal.hu\/?p=70464"},"modified":"2015-11-10T21:46:49","modified_gmt":"2015-11-10T20:46:49","slug":"orban-2020-ra-nyiregyhaza-az-orszag-egyik-gazdasagi-kozpontjava-erosodhet","status":"publish","type":"post","link":"https:\/\/gazdasagportal.hu\/index.php\/orban-2020-ra-nyiregyhaza-az-orszag-egyik-gazdasagi-kozpontjava-erosodhet\/","title":{"rendered":"Orb\u00e1n: 2020-ra Ny\u00edregyh\u00e1za az orsz\u00e1g egyik gazdas\u00e1gi k\u00f6zpontj\u00e1v\u00e1 er\u0151s\u00f6dhet"},"content":{"rendered":"<p><strong>A korm\u00e1ny \u00e1ltal biztos\u00edtott fejleszt\u00e9si forr\u00e1sokkal Ny\u00edregyh\u00e1za 2020-ra az orsz\u00e1g egyik gazdas\u00e1gi k\u00f6zpontj\u00e1v\u00e1 er\u0151s\u00f6dhet &#8211; hangoztatta Orb\u00e1n Viktor minisztereln\u00f6k kedden Ny\u00edregyh\u00e1z\u00e1n, Kov\u00e1cs Ferenc (Fidesz-KDNP) polg\u00e1rmesterrel k\u00f6z\u00f6sen tartott sajt\u00f3t\u00e1j\u00e9koztat\u00f3j\u00e1n.<\/strong><!--more--><\/p>\n<div class=\"ads-in-post1\"><div id=\"gazdasagportal.hu_fullbanner_wideboard\"><\/div>\r\n<\/div>\n<p>    A korm\u00e1nyf\u0151, miut\u00e1n a Modern v\u00e1rosok program keret\u00e9ben egy\u00fcttm\u0171k\u00f6d\u00e9si meg\u00e1llapod\u00e1st \u00edrt al\u00e1 Kov\u00e1cs Ferenccel, elmondta: a v\u00e1ros olyan er\u0151centrumm\u00e1 v\u00e1lhat, ahonnan a k\u00f6vetkez\u0151 \u00e9vtizedekben a magyar gazdas\u00e1gi n\u00f6veked\u00e9s \u00e9rz\u00e9kelhet\u0151, jelent\u0151s r\u00e9sze sz\u00e1rmazik majd.<br \/>\n    Orb\u00e1n Viktor a meg\u00e1llapod\u00e1s r\u00e9szletei k\u00f6z\u00fcl kiemelte a K\u00e1llay-k\u00faria fel\u00faj\u00edt\u00e1s\u00e1t, amelynek 2016. okt\u00f3ber 31-\u00e9n lesz az \u00e1tad\u00e1sa. Ismertet\u00e9se szerint 320 hekt\u00e1ros \u00faj ipari parkot hoznak l\u00e9tre, a nyugati elker\u00fcl\u0151 \u00fatszakaszokat 18 milli\u00e1rd forintb\u00f3l k\u00f6tik \u00f6ssze, \u00e9s 2016. december 15-re bicikli\u00fat lesz Ny\u00edregyh\u00e1za \u00e9s Tokaj k\u00f6z\u00f6tt.<br \/>\n    A minisztereln\u00f6k besz\u00e1molt h\u00e1rom v\u00e1rosi k\u00f6zleked\u00e9si csom\u00f3pont \u00e1t\u00e9p\u00edt\u00e9s\u00e9nek, \u00faj buszok beszerz\u00e9s\u00e9nek, valamint egy 200 \u00e1gyas n\u00e9gycsillagos s\u00f3st\u00f3i sz\u00e1lloda meg\u00e9p\u00edt\u00e9s\u00e9nek korm\u00e1nyzati t\u00e1mogat\u00e1s\u00e1r\u00f3l, valamint egy atl\u00e9tikai centrum kialak\u00edt\u00e1s\u00e1r\u00f3l.<br \/>\n    A v\u00e1rosh\u00e1za Bessenyei-term\u00e9ben tartott t\u00e1j\u00e9koztat\u00f3n Orb\u00e1n Viktor a meg\u00e1llapod\u00e1ssal kapcsolatban hangs\u00falyozta, a korm\u00e1ny fejleszt\u00e9si forr\u00e1sokat biztos\u00edt Ny\u00edregyh\u00e1za sz\u00e1m\u00e1ra, a v\u00e1ros pedig cser\u00e9be v\u00e1llalja, hogy ezt az \u00f6sszeget \u00e9sszer\u0171en haszn\u00e1lja fel \u00e9s fejleszt\u00e9sekre ford\u00edtja. &#8222;V\u00e9ge van annak a korszaknak, amelyben ha Ny\u00edregyh\u00e1z\u00e1ra gondoltunk, akkor az egy\u00fctt\u00e9rz\u00e9s volt a meghat\u00e1roz\u00f3, most egy olyan korszakba l\u00e9pt\u00fcnk, amelyben az irigys\u00e9g, az elismer\u00e9s, \u00e9s az oda k\u00edv\u00e1nkoz\u00e1s \u00e9rz\u00e9se lenne meghat\u00e1roz\u00f3&#8221; &#8211; fogalmazott.<br \/>\n    A minisztereln\u00f6k megeml\u00edtette, ma a magyar gazdas\u00e1g \u00e9vente k\u00e9t-h\u00e1rom sz\u00e1zal\u00e9kkal b\u0151v\u00fcl, azonban a kit\u0171z\u00f6tt c\u00e9lok el\u00e9r\u00e9s\u00e9hez ennek a helyzetnek a k\u00e9tszeres\u00e9t kellene el\u00e9rni. Mint elmondta, ehhez sikeres v\u00e1rosokra lesz sz\u00fcks\u00e9g, ilyen el\u0151rel\u00e9p\u00e9st ugyanis ezek n\u00e9lk\u00fcl a telep\u00fcl\u00e9sek n\u00e9lk\u00fcl nem lehet v\u00e9grehajtani. A legnagyobb gazdas\u00e1gi teljes\u00edtm\u00e9ny ma a v\u00e1rosokb\u00f3l \u00e9rkezik, ezek adj\u00e1k a gazdas\u00e1g legink\u00e1bb m\u00e9rhet\u0151, meghat\u00e1roz\u00f3 s\u00faly\u00e1t &#8211; tette hozz\u00e1.<br \/>\n    Van olyan gazdas\u00e1gi teljes\u00edtm\u00e9ny ma Magyarorsz\u00e1gon, amely t\u00f6bb t\u00edzmilli\u00e1rd forintr\u00f3l sz\u00f3l\u00f3 meg\u00e1llapod\u00e1sok al\u00e1\u00edr\u00e1s\u00e1t megengedi \u00e9s lehet\u0151v\u00e9 teszi &#8211; sz\u00f6gezte le Orb\u00e1n Viktor a Modern v\u00e1rosok programra utalva. Eml\u00e9keztetett: 2010-ben az orsz\u00e1g a cs\u0151d sz\u00e9l\u00e9n \u00e1llt, a v\u00e1llalkoz\u00e1sok nem fejl\u0151dtek; Ny\u00edregyh\u00e1za p\u00e9ld\u00e1ul 19 milli\u00e1rd ad\u00f3s\u00e1ggal \u00e9s az \u00e1tlagn\u00e1l magasabb munkan\u00e9lk\u00fclis\u00e9ggel &#8222;viaskod\u00f3&#8221; telep\u00fcl\u00e9s volt \u00f6t \u00e9vvel ezel\u0151tt.<br \/>\n    M\u00e1ra j\u00f3val az eur\u00f3pai uni\u00f3s \u00e1tlag felett teljes\u00edt\u0151 orsz\u00e1g lett\u00fcnk, ennek eredm\u00e9nyei pedig Ny\u00edregyh\u00e1z\u00e1n is l\u00e1tszanak: t\u00f6bb mint n\u00e9gymilli\u00f3 embernek van munk\u00e1ja az orsz\u00e1gban, a korm\u00e1ny \u00e1tv\u00e1llalta a v\u00e1rosok ad\u00f3ss\u00e1g\u00e1t \u00e9s rezsit cs\u00f6kkentett, \u00e9s &#8211; \u00f3ri\u00e1si k\u00fczdelmek \u00e1r\u00e1n &#8211; a f\u00e9l orsz\u00e1got kiv\u00e1ltotta a devizaad\u00f3ss\u00e1g al\u00f3l, valamit &#8222;rendet tett&#8221; az eur\u00f3pai uni\u00f3s t\u00e1mogat\u00e1si rendszerben.<br \/>\n    A v\u00e1ros 178 milli\u00e1rd forint ilyen t\u00e1mogat\u00e1st nyert el, amelyb\u0151l 170 milli\u00e1rdot m\u00e1r kifizettek, 2010 \u00f3ta az ide telep\u00fclt c\u00e9gek \u00f6sszesen 12 ezer munkahelyet hoztak l\u00e9tre Ny\u00edregyh\u00e1z\u00e1n &#8211; sorolta az eredm\u00e9nyeket a minisztereln\u00f6k. Hozz\u00e1tette, emellett h\u00e1romezer embernek k\u00f6zmunk\u00e1t tudott biztos\u00edtani az \u00f6nkorm\u00e1nyzat, \u00edgy a munkan\u00e9lk\u00fclis\u00e9g a 2010-es 8 sz\u00e1zal\u00e9k feletti szintr\u0151l 5,5 sz\u00e1zal\u00e9kra cs\u00f6kkent.<br \/>\n    A k\u00f6vetkez\u0151 \u00e9vek fejleszt\u00e9seir\u0151l sz\u00f3lva Orb\u00e1n Viktor elmondta, az elindul\u00f3 beruh\u00e1z\u00e1sok egyik nagy nyertese Ny\u00edregyh\u00e1za lesz. Ennek r\u00e9szek\u00e9nt 2016 \u0151sz\u00e9ig fel\u00faj\u00edtj\u00e1k a belv\u00e1rosban l\u00e9v\u0151 K\u00e1llay-k\u00fari\u00e1t, l\u00e9trehoznak egy \u00faj &#8211; nagyr\u00e9szt \u00e1llami tulajdon\u00fa f\u00f6ldekb\u0151l kialak\u00edtand\u00f3 &#8211; 320 hekt\u00e1ros ipari parkot, 18 milli\u00e1rd forintb\u00f3l befejezik a nyugati elker\u00fcl\u0151\u00fat meg\u00e9p\u00edt\u00e9s\u00e9t S\u00f3st\u00f3ig, illetve 30 kilom\u00e9ter hosszban ker\u00e9kp\u00e1r\u00fat \u00e9p\u00fcl Tokaj \u00e9s Ny\u00edregyh\u00e1za k\u00f6z\u00f6tt. Meg\u00e1llapod\u00e1s sz\u00fcletett a v\u00e1rosban l\u00e9v\u0151 h\u00e1rom nagyobb k\u00f6zleked\u00e9si csom\u00f3pont \u00e1t\u00e9p\u00edt\u00e9s\u00e9r\u0151l, valamint 41 v\u00e1rosi elektromos busz beszerz\u00e9s\u00e9r\u0151l, egy n\u00e9gycsillagos, 200 \u00e1gyas s\u00f3st\u00f3i sz\u00e1lloda fel\u00e9p\u00edt\u00e9s\u00e9r\u0151l, valamint a s\u00f3st\u00f3gy\u00f3gyf\u00fcrd\u0151i m\u00fazeumfalu m\u00e1sf\u00e9l milli\u00e1rd forint \u00e9rt\u00e9k\u0171 fel\u00faj\u00edt\u00e1s\u00e1r\u00f3l.<br \/>\n    Az NYVSC-p\u00e1ly\u00e1t atl\u00e9tikai centrumm\u00e1 alak\u00edtj\u00e1k \u00e1t, ez 2,5-3 milli\u00e1rd forintba fog ker\u00fclni &#8211; mondta a korm\u00e1nyf\u0151. Orb\u00e1n Viktor megjegyezte, ez soknak t\u0171nik ugyan, de miut\u00e1n a v\u00e1ros saj\u00e1t er\u0151b\u0151l tizenk\u00e9t kondiparkot \u00e9s tizenegy ovi-focip\u00e1ly\u00e1t is \u00e9p\u00edtett, j\u00f3l mutatja, hogy van erre ig\u00e9ny Ny\u00edregyh\u00e1z\u00e1n.<br \/>\n    A jelenleg NB III-ban szerepl\u0151 futballcsapat NB II-be jut\u00e1sa eset\u00e9n &#8222;mi k\u00e9szen \u00e1llunk arra, hogy a futballp\u00e1lya j\u00f6v\u0151j\u00e9r\u0151l is komolyan t\u00e1rgyaljunk,&#8221; ennek azonban felt\u00e9telei vannak &#8211; mondta.<br \/>\n    Orb\u00e1n Viktor szavai szerint a szabadt\u00e9ri sz\u00ednpad fel\u00faj\u00edt\u00e1sa &#8222;\u00e9sszer\u0171 javaslat&#8221; volt, a teljes fel\u00faj\u00edt\u00e1si \u00e9s korszer\u0171s\u00edt\u00e9si programot a korm\u00e1ny elm\u00e9letileg t\u00e1mogatja, amely mintegy egymilli\u00e1rd forintot ad a v\u00e1rosnak erre a c\u00e9lra.<br \/>\n    A korm\u00e1nyf\u0151 a Digit\u00e1lis Magyarorsz\u00e1g programot megeml\u00edtve azt mondta, a 2018-ig tart\u00f3 fejleszt\u00e9s eredm\u00e9nyek\u00e9ppen Magyarorsz\u00e1gon mindenhol el\u00e9rhet\u0151 lesz a sz\u00e9less\u00e1v\u00fa internet, a k\u00eds\u00e9rleti projekt keret\u00e9ben pedig \u00e9ppen Ny\u00edregyh\u00e1z\u00e1n kezd\u0151d\u00f6tt el ennek ki\u00e9p\u00edt\u00e9se.<br \/>\n    Kov\u00e1cs Ferenc polg\u00e1rmester a sajt\u00f3t\u00e1j\u00e9koztat\u00f3n elmondta, olyan komplex \u00e9s \u00e1tfog\u00f3 fejleszt\u00e9sek indulnak el a ny\u00edrs\u00e9gi nagyv\u00e1rosban, amelyek alkalmazkodnak a telep\u00fcl\u00e9s ig\u00e9nyeihez. A korm\u00e1nyp\u00e1rti v\u00e1rosvezet\u0151 hangs\u00falyozta, az \u00fatfejleszt\u00e9sek a tranzitforgalom cs\u00f6kkent\u00e9s\u00e9re \u00e9s a s\u00f3st\u00f3i idegenforgalomra lesznek nagy hat\u00e1ssal, az \u00faj ipari park pedig a gazdas\u00e1g fejl\u0151d\u00e9s\u00e9re \u00e9s a munkahelyteremt\u00e9sre.(MTI)<\/p>\n","protected":false},"excerpt":{"rendered":"<p>A korm\u00e1ny \u00e1ltal biztos\u00edtott fejleszt\u00e9si forr\u00e1sokkal Ny\u00edregyh\u00e1za 2020-ra az orsz\u00e1g egyik gazdas\u00e1gi k\u00f6zpontj\u00e1v\u00e1 er\u0151s\u00f6dhet &#8211; hangoztatta Orb\u00e1n Viktor minisztereln\u00f6k kedden Ny\u00edregyh\u00e1z\u00e1n, Kov\u00e1cs Ferenc (Fidesz-KDNP) polg\u00e1rmesterrel k\u00f6z\u00f6sen tartott sajt\u00f3t\u00e1j\u00e9koztat\u00f3j\u00e1n.<\/p>\n","protected":false},"author":1,"featured_media":0,"comment_status":"open","ping_status":"closed","sticky":false,"template":"","format":"standard","meta":[],"categories":[51],"tags":[],"_links":{"self":[{"href":"https:\/\/gazdasagportal.hu\/index.php\/wp-json\/wp\/v2\/posts\/70464"}],"collection":[{"href":"https:\/\/gazdasagportal.hu\/index.php\/wp-json\/wp\/v2\/posts"}],"about":[{"href":"https:\/\/gazdasagportal.hu\/index.php\/wp-json\/wp\/v2\/types\/post"}],"author":[{"embeddable":true,"href":"https:\/\/gazdasagportal.hu\/index.php\/wp-json\/wp\/v2\/users\/1"}],"replies":[{"embeddable":true,"href":"https:\/\/gazdasagportal.hu\/index.php\/wp-json\/wp\/v2\/comments?post=70464"}],"version-history":[{"count":1,"href":"https:\/\/gazdasagportal.hu\/index.php\/wp-json\/wp\/v2\/posts\/70464\/revisions"}],"predecessor-version":[{"id":70465,"href":"https:\/\/gazdasagportal.hu\/index.php\/wp-json\/wp\/v2\/posts\/70464\/revisions\/70465"}],"wp:attachment":[{"href":"https:\/\/gazdasagportal.hu\/index.php\/wp-json\/wp\/v2\/media?parent=70464"}],"wp:term":[{"taxonomy":"category","embeddable":true,"href":"https:\/\/gazdasagportal.hu\/index.php\/wp-json\/wp\/v2\/categories?post=70464"},{"taxonomy":"post_tag","embeddable":true,"href":"https:\/\/gazdasagportal.hu\/index.php\/wp-json\/wp\/v2\/tags?post=70464"}],"curies":[{"name":"wp","href":"https:\/\/api.w.org\/{rel}","templated":true}]}}