{"id":70462,"date":"2015-11-10T22:42:28","date_gmt":"2015-11-10T21:42:28","guid":{"rendered":"http:\/\/gazdasagportal.hu\/?p=70462"},"modified":"2015-11-10T21:43:56","modified_gmt":"2015-11-10T20:43:56","slug":"a-szocialis-biztonsagot-a-bevandorlok-betelepitese-veszelyeztetne","status":"publish","type":"post","link":"https:\/\/gazdasagportal.hu\/index.php\/a-szocialis-biztonsagot-a-bevandorlok-betelepitese-veszelyeztetne\/","title":{"rendered":"A szoci\u00e1lis biztons\u00e1got a bev\u00e1ndorl\u00f3k betelep\u00edt\u00e9se vesz\u00e9lyeztetn\u00e9"},"content":{"rendered":"<p><strong>A Fidesz-frakci\u00f3 szerint a h\u00e9tk\u00f6znapi meg\u00e9lhet\u00e9st, a szoci\u00e1lis biztons\u00e1got \u00e9s a magyarok munkahelyeit a baloldal vesz\u00e9lyezteti, amely bev\u00e1ndorl\u00f3kat akar betelep\u00edteni Magyarorsz\u00e1gra.<\/strong><!--more--><\/p>\n<div class=\"ads-in-post1\"><div id=\"gazdasagportal.hu_fullbanner_wideboard\"><\/div>\r\n<\/div>\n<p>    A korm\u00e1nyp\u00e1rti k\u00e9pvisel\u0151csoport az MTI-hez kedden eljuttatott k\u00f6zlem\u00e9ny\u00e9ben arra reag\u00e1lt, hogy T\u00f3bi\u00e1s J\u00f3zsef szocialista eln\u00f6k-frakci\u00f3vezet\u0151 Gy\u0151rben, az MSZP r\u00e9gi\u00f3s \u00e9rtekezlet\u00e9n azt mondta: a k\u00f6zszf\u00e9r\u00e1ban dolgoz\u00f3 mintegy 700 ezer ember sz\u00e1m\u00e1ra a h\u00e9tk\u00f6znapi tisztess\u00e9ges \u00e9let v\u00e1lt vesz\u00e9lyeztetett\u00e9, mivel nett\u00f3 \u00e1tlagkereset\u00fck nem \u00e9ri el a sz\u00e1zezer forintot.<br \/>\n    A Fidesz-frakci\u00f3 azt \u00edrta, hogy a korm\u00e1ny szoci\u00e1lis biztons\u00e1got, megbecs\u00fcl\u00e9st, kisz\u00e1m\u00edthat\u00f3 \u00e9letp\u00e1ly\u00e1t, b\u00e9remel\u00e9st \u00e9s ad\u00f3cs\u00f6kkent\u00e9st biztos\u00edt a k\u00f6zszf\u00e9r\u00e1ban dolgoz\u00f3knak.<br \/>\n    &#8222;M\u00edg a baloldal utc\u00e1ra tette a k\u00f6zszf\u00e9r\u00e1ban dolgoz\u00f3kat \u00e9s cs\u00f6kkentette a fizet\u00e9s\u00fcket, a polg\u00e1ri korm\u00e1ny &#8211; a minden munkav\u00e1llal\u00f3t \u00e9rint\u0151 ad\u00f3cs\u00f6kkent\u00e9s mellett &#8211; b\u00e9remel\u00e9si programot ind\u00edtott a rend\u0151r\u00f6knek, katon\u00e1knak, t\u0171zolt\u00f3knak, \u00e1pol\u00f3knak, orvosoknak, pedag\u00f3gusoknak, szoci\u00e1lis \u00e9s gyermekv\u00e9delmi dolgoz\u00f3knak&#8221; &#8211; fogalmaztak, hozz\u00e1t\u00e9ve: j\u00f6v\u0151re n\u0151 a fels\u0151oktat\u00e1sban dolgoz\u00f3k b\u00e9re, s a b\u00f6lcs\u0151dei dolgoz\u00f3kra is kiterjesztik a pedag\u00f3gus \u00e9letp\u00e1lyamodellt.(MTI)<\/p>\n","protected":false},"excerpt":{"rendered":"<p>A Fidesz-frakci\u00f3 szerint a h\u00e9tk\u00f6znapi meg\u00e9lhet\u00e9st, a szoci\u00e1lis biztons\u00e1got \u00e9s a magyarok munkahelyeit a baloldal vesz\u00e9lyezteti, amely bev\u00e1ndorl\u00f3kat akar betelep\u00edteni Magyarorsz\u00e1gra.<\/p>\n","protected":false},"author":1,"featured_media":0,"comment_status":"open","ping_status":"closed","sticky":false,"template":"","format":"standard","meta":[],"categories":[19],"tags":[],"_links":{"self":[{"href":"https:\/\/gazdasagportal.hu\/index.php\/wp-json\/wp\/v2\/posts\/70462"}],"collection":[{"href":"https:\/\/gazdasagportal.hu\/index.php\/wp-json\/wp\/v2\/posts"}],"about":[{"href":"https:\/\/gazdasagportal.hu\/index.php\/wp-json\/wp\/v2\/types\/post"}],"author":[{"embeddable":true,"href":"https:\/\/gazdasagportal.hu\/index.php\/wp-json\/wp\/v2\/users\/1"}],"replies":[{"embeddable":true,"href":"https:\/\/gazdasagportal.hu\/index.php\/wp-json\/wp\/v2\/comments?post=70462"}],"version-history":[{"count":1,"href":"https:\/\/gazdasagportal.hu\/index.php\/wp-json\/wp\/v2\/posts\/70462\/revisions"}],"predecessor-version":[{"id":70463,"href":"https:\/\/gazdasagportal.hu\/index.php\/wp-json\/wp\/v2\/posts\/70462\/revisions\/70463"}],"wp:attachment":[{"href":"https:\/\/gazdasagportal.hu\/index.php\/wp-json\/wp\/v2\/media?parent=70462"}],"wp:term":[{"taxonomy":"category","embeddable":true,"href":"https:\/\/gazdasagportal.hu\/index.php\/wp-json\/wp\/v2\/categories?post=70462"},{"taxonomy":"post_tag","embeddable":true,"href":"https:\/\/gazdasagportal.hu\/index.php\/wp-json\/wp\/v2\/tags?post=70462"}],"curies":[{"name":"wp","href":"https:\/\/api.w.org\/{rel}","templated":true}]}}