{"id":70454,"date":"2015-11-11T08:12:00","date_gmt":"2015-11-11T07:12:00","guid":{"rendered":"http:\/\/gazdasagportal.hu\/?p=70454"},"modified":"2015-11-11T01:12:43","modified_gmt":"2015-11-11T00:12:43","slug":"a-horvat-allam-megvedi-erdekeit-a-szloven-muszaki-akadaly-kiepitese-utan-is","status":"publish","type":"post","link":"https:\/\/gazdasagportal.hu\/index.php\/a-horvat-allam-megvedi-erdekeit-a-szloven-muszaki-akadaly-kiepitese-utan-is\/","title":{"rendered":"A horv\u00e1t \u00e1llam megv\u00e9di \u00e9rdekeit a szlov\u00e9n m\u0171szaki akad\u00e1ly ki\u00e9p\u00edt\u00e9se ut\u00e1n is"},"content":{"rendered":"<p><strong>A horv\u00e1t korm\u00e1ny minden sz\u00fcks\u00e9ges int\u00e9zked\u00e9st megtesz, hogy megv\u00e9dje a horv\u00e1t \u00e1llam \u00e9rdekeit &#8211; \u00edgy reag\u00e1lt a horv\u00e1t kabinet kedden azon bejelent\u00e9sre, miszerint Szlov\u00e9nia &#8222;m\u0171szaki akad\u00e1lyt&#8221; \u00e9p\u00edt Horv\u00e1torsz\u00e1ggal k\u00f6z\u00f6s hat\u00e1r\u00e1n a migr\u00e1ns\u00e1radat feltart\u00f3ztat\u00e1s\u00e1ra.<\/strong><br \/>\n<!--more--><\/p>\n<div class=\"ads-in-post1\"><div id=\"gazdasagportal.hu_fullbanner_wideboard\"><\/div>\r\n<\/div>\n<p>    A k\u00f6zlem\u00e9nyb\u0151l kider\u00fcl, hogy Zoran Milanovic \u00fcgyviv\u0151 horv\u00e1t korm\u00e1nyf\u0151 kedden telefonon besz\u00e9lt Miro Cerar szlov\u00e9n minisztereln\u00f6kkel, aki t\u00e1j\u00e9koztatta \u0151t a szlov\u00e9n hat\u00e1rozatr\u00f3l.<br \/>\n    A k\u00e9t korm\u00e1nyf\u0151 megegyezett abban, hogy a migr\u00e1nsok fogad\u00e1s\u00e1t \u00e9s tov\u00e1bbsz\u00e1ll\u00edt\u00e1s\u00e1t illet\u0151en folytatj\u00e1k a k\u00e9t orsz\u00e1g k\u00f6z\u00f6tt az egy\u00fcttm\u0171k\u00f6d\u00e9st.<br \/>\n    Horv\u00e1torsz\u00e1gban vas\u00e1rnap parlamenti v\u00e1laszt\u00e1sokat tartottak. Z\u00e1gr\u00e1bban m\u00e9g mindig \u00fcgyvezet\u0151 korm\u00e1ny van, amely a foly\u00f3 \u00fcgyeket viszi tov\u00e1bb, \u00e9s korl\u00e1tozottak a jogk\u00f6rei.<br \/>\n    Horv\u00e1torsz\u00e1gban jelenleg nincs olyan szerv, amely felhatalmazhatn\u00e1 a kabinetet arra, hogy lez\u00e1rja az orsz\u00e1g hat\u00e1rait. Az \u00faj \u00f6sszet\u00e9tel\u0171 parlament csak azut\u00e1n \u00fcl \u00f6ssze, hogy a horv\u00e1t v\u00e1laszt\u00e1si bizotts\u00e1g k\u00f6zz\u00e9teszi a hivatalos v\u00e1laszt\u00e1si eredm\u00e9nyeket. Erre csak a j\u00f6v\u0151 h\u00e9ten ker\u00fcl sor, ugyanis h\u00e9t szavaz\u00f3k\u00f6rzetben meg kell ism\u00e9telni a voksol\u00e1st.<br \/>\n    A migr\u00e1ci\u00f3s v\u00e1ls\u00e1g a parlamenti v\u00e1laszt\u00e1s eredm\u00e9ny\u00e9re m\u00e1r nincs hat\u00e1ssal, a koal\u00edci\u00f3s t\u00e1rgyal\u00e1sokat azonban m\u00e9g befoly\u00e1solhatja.<br \/>\n    A jobbk\u00f6z\u00e9p ellenz\u00e9ki Horv\u00e1t Demokratikus K\u00f6z\u00f6ss\u00e9g (HDZ) \u00e9s Kolinda Grabar-Kitarovic jobboldali \u00e1llamf\u0151 a hat\u00e1rok lez\u00e1r\u00e1sa mellett \u00e9rvelt, m\u00edg az eddig korm\u00e1nyz\u00f3 Szoci\u00e1ldemokrata P\u00e1rt (SDP) a nyitott kapuk politik\u00e1j\u00e1t k\u00f6vette. A H\u00eddr\u00f3l &#8211; amely a v\u00e1laszt\u00e1sok ut\u00e1n a harmadik legt\u00f6bb parlamenti mand\u00e1tummal rendelkez\u0151 p\u00e1rtt\u00e1 l\u00e9pett el\u0151 Horv\u00e1torsz\u00e1gban, \u00e9s amely n\u00e9lk\u00fcl most egyik vezet\u0151 p\u00e1rt sem tud korm\u00e1ny alak\u00edtani-, a kamp\u00e1ny sor\u00e1n nem der\u00fclt ki vil\u00e1gosan, milyen \u00e1ll\u00e1spontot k\u00e9pvisel.<br \/>\n    A magyar-szerb z\u00f6ldhat\u00e1r szeptember k\u00f6zepi lez\u00e1r\u00e1sa \u00f3ta Horv\u00e1torsz\u00e1gban t\u00f6bb mint 335 ezer migr\u00e1nst regisztr\u00e1ltak, nagy t\u00f6bbs\u00e9g\u00fck illeg\u00e1lisan l\u00e9pte \u00e1t a szerb-horv\u00e1t hat\u00e1rt. A horv\u00e1t hat\u00f3s\u00e1gok a m\u00falt h\u00e9t k\u00f6zep\u00e9t\u0151l m\u00e1r vonattal sz\u00e1ll\u00edtj\u00e1k a migr\u00e1nsokat a szerb hat\u00e1rr\u00f3l Szlov\u00e9ni\u00e1ba.(MTI)<\/p>\n","protected":false},"excerpt":{"rendered":"<p>A horv\u00e1t korm\u00e1ny minden sz\u00fcks\u00e9ges int\u00e9zked\u00e9st megtesz, hogy megv\u00e9dje a horv\u00e1t \u00e1llam \u00e9rdekeit &#8211; \u00edgy reag\u00e1lt a horv\u00e1t kabinet kedden azon bejelent\u00e9sre, miszerint Szlov\u00e9nia &#8222;m\u0171szaki akad\u00e1lyt&#8221; \u00e9p\u00edt Horv\u00e1torsz\u00e1ggal k\u00f6z\u00f6s hat\u00e1r\u00e1n a migr\u00e1ns\u00e1radat feltart\u00f3ztat\u00e1s\u00e1ra.<\/p>\n","protected":false},"author":1,"featured_media":0,"comment_status":"open","ping_status":"closed","sticky":false,"template":"","format":"standard","meta":[],"categories":[12],"tags":[],"_links":{"self":[{"href":"https:\/\/gazdasagportal.hu\/index.php\/wp-json\/wp\/v2\/posts\/70454"}],"collection":[{"href":"https:\/\/gazdasagportal.hu\/index.php\/wp-json\/wp\/v2\/posts"}],"about":[{"href":"https:\/\/gazdasagportal.hu\/index.php\/wp-json\/wp\/v2\/types\/post"}],"author":[{"embeddable":true,"href":"https:\/\/gazdasagportal.hu\/index.php\/wp-json\/wp\/v2\/users\/1"}],"replies":[{"embeddable":true,"href":"https:\/\/gazdasagportal.hu\/index.php\/wp-json\/wp\/v2\/comments?post=70454"}],"version-history":[{"count":2,"href":"https:\/\/gazdasagportal.hu\/index.php\/wp-json\/wp\/v2\/posts\/70454\/revisions"}],"predecessor-version":[{"id":70472,"href":"https:\/\/gazdasagportal.hu\/index.php\/wp-json\/wp\/v2\/posts\/70454\/revisions\/70472"}],"wp:attachment":[{"href":"https:\/\/gazdasagportal.hu\/index.php\/wp-json\/wp\/v2\/media?parent=70454"}],"wp:term":[{"taxonomy":"category","embeddable":true,"href":"https:\/\/gazdasagportal.hu\/index.php\/wp-json\/wp\/v2\/categories?post=70454"},{"taxonomy":"post_tag","embeddable":true,"href":"https:\/\/gazdasagportal.hu\/index.php\/wp-json\/wp\/v2\/tags?post=70454"}],"curies":[{"name":"wp","href":"https:\/\/api.w.org\/{rel}","templated":true}]}}