{"id":70452,"date":"2015-11-11T10:44:02","date_gmt":"2015-11-11T09:44:02","guid":{"rendered":"http:\/\/gazdasagportal.hu\/?p=70452"},"modified":"2015-11-11T01:16:16","modified_gmt":"2015-11-11T00:16:16","slug":"szlovenia-nem-kenyszerulne-rendkivuli-intezkedesekre-ha-rend-lenne-a-gorog-torok-hataron","status":"publish","type":"post","link":"https:\/\/gazdasagportal.hu\/index.php\/szlovenia-nem-kenyszerulne-rendkivuli-intezkedesekre-ha-rend-lenne-a-gorog-torok-hataron\/","title":{"rendered":"Szlov\u00e9nia nem k\u00e9nyszer\u00fclne rendk\u00edv\u00fcli int\u00e9zked\u00e9sekre, ha rend lenne a g\u00f6r\u00f6g-t\u00f6r\u00f6k hat\u00e1ron"},"content":{"rendered":"<p><strong>Szlov\u00e9nia nem k\u00e9nyszer\u00fclne rendk\u00edv\u00fcli int\u00e9zked\u00e9sekre, ha &#8222;meg lehetne oldani a probl\u00e9m\u00e1kat a g\u00f6r\u00f6g-t\u00f6r\u00f6k k\u00fcls\u0151 hat\u00e1ron&#8221; &#8211; mondta a n\u00e9met kancell\u00e1r kedden Berlinben.<\/strong><!--more--><\/p>\n<div class=\"ads-in-post1\"><div id=\"gazdasagportal.hu_fullbanner_wideboard\"><\/div>\r\n<\/div>\n<p>    Angela Merkel sajt\u00f3t\u00e1j\u00e9koztat\u00f3n \u00fajs\u00e1g\u00edr\u00f3i k\u00e9rd\u00e9sre v\u00e1laszolva hangs\u00falyozta: a szlov\u00e9niai fejlem\u00e9nyek al\u00e1h\u00fazz\u00e1k annak &#8222;s\u00fcrg\u0151ss\u00e9g\u00e9t, hogy \u00f6sszeur\u00f3pai megold\u00e1son kell dolgoznunk&#8221;, \u00e9s mindenekel\u0151tt biztos\u00edtani kell a g\u00f6r\u00f6g-t\u00f6r\u00f6k uni\u00f3s k\u00fcls\u0151 hat\u00e1rt.<br \/>\n    \u00c9ppen ez\u00e9rt fontos, hogy az uni\u00f3s korm\u00e1ny-, illetve \u00e1llamf\u0151k inform\u00e1lis tan\u00e1cskoz\u00e1st tartanak cs\u00fct\u00f6rt\u00f6k\u00f6n M\u00e1lt\u00e1n az EU-Afrika cs\u00facs ut\u00e1n.<br \/>\n    Az id\u0151 s\u00fcrget, megold\u00e1sokat kell tal\u00e1lni a k\u00fcls\u0151 hat\u00e1rok jobb v\u00e9delm\u00e9re, t\u00e1rgyalni kell T\u00f6r\u00f6korsz\u00e1ggal egy migr\u00e1ci\u00f3s akci\u00f3tervr\u0151l \u00e9s fel kell gyors\u00edtani az uni\u00f3s regisztr\u00e1ci\u00f3s pontok (hot spotok) ki\u00e9p\u00edt\u00e9s\u00e9t G\u00f6r\u00f6gorsz\u00e1gban \u00e9s Olaszorsz\u00e1gban &#8211; mondta Angela Merkel.<br \/>\n    A k\u00f6z\u00f6s eur\u00f3pai megold\u00e1s \u00fcgye &#8222;sajnos nem halad annyira gyorsan, amennyire a probl\u00e9m\u00e1k s\u00fcrget\u0151 volta miatt sz\u00fcks\u00e9ges lenne&#8221; &#8211; mondta a kancell\u00e1r.<br \/>\n    K\u00f6zben a Bild c\u00edm\u0171 lap online kiad\u00e1s\u00e1ban azt \u00edrta: a szlov\u00e9n korm\u00e1ny egyeztette a horv\u00e1t hat\u00e1ron v\u00e9grehajtani tervezett int\u00e9zked\u00e9seit az osztr\u00e1k \u00e9s n\u00e9met bel\u00fcgyi hat\u00f3s\u00e1gokkal, \u00e9s Magyarorsz\u00e1gon beszerzett 100 kilom\u00e9ter dr\u00f3tker\u00edt\u00e9s felh\u00faz\u00e1s\u00e1hoz elegend\u0151 anyagot.<br \/>\n    A hat\u00e1r biztos\u00edt\u00e1s\u00e1ra az uni\u00f3s partnerek 400 f\u0151s er\u0151s\u00edt\u00e9st \u00edg\u00e9rtek a nyugat-balk\u00e1ni orsz\u00e1gnak, de ezt az \u00edg\u00e9retet m\u00e9g nemigen v\u00e1ltott\u00e1k be &#8211; \u00edrta a Bild. A lap szerint eddig 78 rend\u0151r \u00e9rkezett a szlov\u00e9n hat\u00f3s\u00e1gok t\u00e1mogat\u00e1s\u00e1ra, 20 Litv\u00e1ni\u00e1b\u00f3l, 20 Szlov\u00e1ki\u00e1b\u00f3l, 25 \u00c9sztorsz\u00e1gb\u00f3l, 8 Ausztri\u00e1b\u00f3l \u00e9s 5 N\u00e9metorsz\u00e1gb\u00f3l. (\u00d6tven magyar rend\u0151r h\u00e9tf\u0151 reggel indult Szlov\u00e9ni\u00e1ba, ahol a szlov\u00e9n rend\u0151r\u00f6kkel k\u00f6z\u00f6sen dolgoznak majd, feladatuk a k\u00f6zrend fenntart\u00e1sa, a b\u0171ncselekm\u00e9nyek \u00e9s szab\u00e1lys\u00e9rt\u00e9sek megel\u0151z\u00e9se lesz.) (MTI)<\/p>\n<p>pbm \\ kvs \\ gkp<\/p><div id=\"gazda-3246098106\" class=\"gazda-tartalomban gazda-entity-placement\"><script async src=\"https:\/\/pagead2.googlesyndication.com\/pagead\/js\/adsbygoogle.js\"><\/script>\r\n<ins class=\"adsbygoogle\"\r\n     style=\"display:block\"\r\n     data-ad-format=\"fluid\"\r\n     data-ad-layout-key=\"-6t+ed+2i-1n-4w\"\r\n     data-ad-client=\"ca-pub-1959107119989764\"\r\n     data-ad-slot=\"4008251320\"><\/ins>\r\n<script>\r\n     (adsbygoogle = window.adsbygoogle || []).push({});\r\n<\/script><\/div>\n<p>MTI 2015. november 10., kedd 20:03<\/p>\n","protected":false},"excerpt":{"rendered":"<p>Szlov\u00e9nia nem k\u00e9nyszer\u00fclne rendk\u00edv\u00fcli int\u00e9zked\u00e9sekre, ha &#8222;meg lehetne oldani a probl\u00e9m\u00e1kat a g\u00f6r\u00f6g-t\u00f6r\u00f6k k\u00fcls\u0151 hat\u00e1ron&#8221; &#8211; mondta a n\u00e9met kancell\u00e1r kedden Berlinben.<\/p>\n","protected":false},"author":1,"featured_media":0,"comment_status":"open","ping_status":"closed","sticky":false,"template":"","format":"standard","meta":[],"categories":[12],"tags":[],"_links":{"self":[{"href":"https:\/\/gazdasagportal.hu\/index.php\/wp-json\/wp\/v2\/posts\/70452"}],"collection":[{"href":"https:\/\/gazdasagportal.hu\/index.php\/wp-json\/wp\/v2\/posts"}],"about":[{"href":"https:\/\/gazdasagportal.hu\/index.php\/wp-json\/wp\/v2\/types\/post"}],"author":[{"embeddable":true,"href":"https:\/\/gazdasagportal.hu\/index.php\/wp-json\/wp\/v2\/users\/1"}],"replies":[{"embeddable":true,"href":"https:\/\/gazdasagportal.hu\/index.php\/wp-json\/wp\/v2\/comments?post=70452"}],"version-history":[{"count":1,"href":"https:\/\/gazdasagportal.hu\/index.php\/wp-json\/wp\/v2\/posts\/70452\/revisions"}],"predecessor-version":[{"id":70453,"href":"https:\/\/gazdasagportal.hu\/index.php\/wp-json\/wp\/v2\/posts\/70452\/revisions\/70453"}],"wp:attachment":[{"href":"https:\/\/gazdasagportal.hu\/index.php\/wp-json\/wp\/v2\/media?parent=70452"}],"wp:term":[{"taxonomy":"category","embeddable":true,"href":"https:\/\/gazdasagportal.hu\/index.php\/wp-json\/wp\/v2\/categories?post=70452"},{"taxonomy":"post_tag","embeddable":true,"href":"https:\/\/gazdasagportal.hu\/index.php\/wp-json\/wp\/v2\/tags?post=70452"}],"curies":[{"name":"wp","href":"https:\/\/api.w.org\/{rel}","templated":true}]}}