{"id":70446,"date":"2015-11-11T08:30:53","date_gmt":"2015-11-11T07:30:53","guid":{"rendered":"http:\/\/gazdasagportal.hu\/?p=70446"},"modified":"2015-11-11T01:16:05","modified_gmt":"2015-11-11T00:16:05","slug":"szlovenia-szukseg-eseten-drotkeritest-is-tartalmazo-muszaki-akadalyt","status":"publish","type":"post","link":"https:\/\/gazdasagportal.hu\/index.php\/szlovenia-szukseg-eseten-drotkeritest-is-tartalmazo-muszaki-akadalyt\/","title":{"rendered":"Szlov\u00e9nia sz\u00fcks\u00e9g eset\u00e9n dr\u00f3tker\u00edt\u00e9st is tartalmaz\u00f3 m\u0171szaki akad\u00e1lyt"},"content":{"rendered":"<p><strong>Szlov\u00e9nia sz\u00fcks\u00e9g eset\u00e9n dr\u00f3tker\u00edt\u00e9st is tartalmaz\u00f3 &#8222;m\u0171szaki akad\u00e1lyt&#8221; emel a k\u00f6vetkez\u0151 napokban Horv\u00e1torsz\u00e1ggal k\u00f6z\u00f6s hat\u00e1r\u00e1n a migr\u00e1ns\u00e1radat megf\u00e9kez\u00e9s\u00e9re &#8211; jelentette be Miro Cerar szlov\u00e9n minisztereln\u00f6k keddi rendk\u00edv\u00fcli ljubljanai sajt\u00f3t\u00e1j\u00e9koztat\u00f3j\u00e1n.<\/strong><!--more--><\/p>\n<div class=\"ads-in-post1\"><div id=\"gazdasagportal.hu_fullbanner_wideboard\"><\/div>\r\n<\/div>\n<p>    Miro Cerar elmondta: korm\u00e1nya h\u00e9tf\u0151i \u00fcl\u00e9s\u00e9n \u00fagy d\u00f6nt\u00f6tt, hogy Szlov\u00e9nia schengeni hat\u00e1r\u00e1n ideiglenes m\u0171szaki akad\u00e1lyt \u00e9p\u00edt, bele\u00e9rtve a ker\u00edt\u00e9st is, amelynek az lesz a c\u00e9lja, hogy bizonyos pontokra terelje a migr\u00e1nsokat. A szlov\u00e9n minisztereln\u00f6k lesz\u00f6gezte, &#8222;a hat\u00e1rt teljesen nem z\u00e1rj\u00e1k le&#8221;, \u00e9s annyi migr\u00e1nst fogadnak, amennyit el tudnak l\u00e1tni.<br \/>\n    Cerar ezt azzal magyar\u00e1zta, hogy korm\u00e1nya \u00fagy \u00edt\u00e9lte meg, nem cs\u00f6kken \u00e9s nem is lassul a nyugat-balk\u00e1ni \u00fatvonalon Nyugat-Eur\u00f3p\u00e1ba tart\u00f3 migr\u00e1nsok \u00e1radata.<br \/>\n    Nem az a c\u00e9l, hogy &#8222;lez\u00e1rjuk a hat\u00e1rt&#8221;, az nyitva marad, hanem az, hogy &#8222;kontroll\u00e1ljuk a menek\u00fclt\u00e1radatot \u00e9s megakad\u00e1lyozzuk a menek\u00fcltek \u00e1t\u00e1raml\u00e1s\u00e1t a hat\u00e1ron&#8221; &#8211; hangs\u00falyozta.<br \/>\n    &#8222;Harmincezren vannak jelenleg is \u00faton az EU fel\u00e9, akiknek \u00e9rkez\u00e9s\u00e9t Szlov\u00e9ni\u00e1ba cs\u00fct\u00f6rt\u00f6kre v\u00e1rjuk, \u00e9s akiknek sz\u00e1ma nem cs\u00f6kken a k\u00fcls\u0151 (uni\u00f3s) hat\u00e1rokon&#8221; &#8211; mondta, majd hozz\u00e1tette: a nyugat-balk\u00e1ni \u00fatvonalon \u00e9rintett orsz\u00e1gok nem tartj\u00e1k magukat a br\u00fcsszeli migr\u00e1ci\u00f3s cs\u00facson k\u00f6t\u00f6tt meg\u00e1llapod\u00e1sokhoz.<br \/>\n    A minisztereln\u00f6k figyelmeztetett, hogy Szlov\u00e9nia ak\u00e1r m\u00e1r egy-k\u00e9t napon bel\u00fcl nagysz\u00e1m\u00fa migr\u00e1ns\u00e1radattal szembes\u00fclhet, mik\u00f6zben Ausztria \u00e9s N\u00e9metorsz\u00e1g bejelentette, naponta csak 6000 migr\u00e1nst fogad ter\u00fclet\u00e9n, ez\u00e9rt ak\u00e1r t\u00f6bb ezren is feltorl\u00f3dhatnak az orsz\u00e1gban.<br \/>\n    Szlov\u00e9nia a legkisebb orsz\u00e1g a balk\u00e1ni \u00fatvonalon, \u00e9s nincs arra lehet\u0151s\u00e9ge, hogy nagyobb sz\u00e1m\u00fa migr\u00e1ns\u00e1radatot engedjen be ter\u00fclet\u00e9n &#8211; tette hozz\u00e1.<br \/>\n    &#8222;Az egyre rosszabb id\u0151j\u00e1r\u00e1si viszonyok miatt ez humanit\u00e1rius katasztr\u00f3f\u00e1hoz is vezethet, ugyanis nem lesz\u00fcnk k\u00e9pesek szavatolni sz\u00e1mukra az ell\u00e1t\u00e1st&#8221; &#8211; h\u00fazta al\u00e1. Cerar szerint ez biztons\u00e1gi szempontb\u00f3l is nagy probl\u00e9m\u00e1t jelent az orsz\u00e1gnak.<br \/>\n    &#8222;Minisztereln\u00f6kk\u00e9nt nem engedhetem meg, hogy ez bek\u00f6vetkezzen, ez\u00e9rt \u00fagy d\u00f6nt\u00f6ttem, hogy az elk\u00f6vetkez\u0151 napokban Szlov\u00e9nia a schengeni hat\u00e1r\u00e1n ideiglenes m\u0171szaki akad\u00e1lyt \u00e9p\u00edt&#8221; &#8211; sz\u00f6gezte le, hozz\u00e1f\u0171zve: a szomsz\u00e9dos orsz\u00e1gokat m\u00e1r \u00e9rtes\u00edtett\u00e9k az int\u00e9zked\u00e9sr\u0151l.<br \/>\n    Mint mondta, eur\u00f3pai szinten az uni\u00f3nak nincs elk\u00e9pzel\u00e9se a migr\u00e1ci\u00f3s v\u00e1ls\u00e1g rendszerszint\u0171 megold\u00e1s\u00e1ra, szerinte erre utal az a t\u00e9ny, hogy nem tudj\u00e1k megf\u00e9kezni a migr\u00e1nsok \u00e1radat\u00e1t az EU k\u00fcls\u0151 hat\u00e1r\u00e1n, G\u00f6r\u00f6gorsz\u00e1gban.<br \/>\n    Cerar mindazon\u00e1ltal kijelentette: a szigor\u00edt\u00e1sok ellen\u00e9re, amelyet a Horv\u00e1torsz\u00e1ggal k\u00f6z\u00f6s hat\u00e1r\u00e1n k\u00edv\u00e1n bevezetni, Szlov\u00e9nia tov\u00e1bbra is &#8222;szolid\u00e1ris \u00e9s embers\u00e9ges&#8221; marad a t\u00f6bbi EU-tagorsz\u00e1ggal, ami a migr\u00e1ci\u00f3s v\u00e1ls\u00e1g aktu\u00e1lis kezel\u00e9s\u00e9t illeti.<br \/>\n    Szlov\u00e9ni\u00e1nak 670 kilom\u00e9ter hossz\u00fa hat\u00e1ra van Horv\u00e1torsz\u00e1ggal. A k\u00e9tmilli\u00f3s orsz\u00e1gban okt\u00f3ber k\u00f6zepe \u00f3ta 171 130 illeg\u00e1lis bev\u00e1ndorl\u00f3t vettek nyilv\u00e1ntart\u00e1sba.<br \/>\n(MTI)<\/p>\n","protected":false},"excerpt":{"rendered":"<p>Szlov\u00e9nia sz\u00fcks\u00e9g eset\u00e9n dr\u00f3tker\u00edt\u00e9st is tartalmaz\u00f3 &#8222;m\u0171szaki akad\u00e1lyt&#8221; emel a k\u00f6vetkez\u0151 napokban Horv\u00e1torsz\u00e1ggal k\u00f6z\u00f6s hat\u00e1r\u00e1n a migr\u00e1ns\u00e1radat megf\u00e9kez\u00e9s\u00e9re &#8211; jelentette be Miro Cerar szlov\u00e9n minisztereln\u00f6k keddi rendk\u00edv\u00fcli ljubljanai sajt\u00f3t\u00e1j\u00e9koztat\u00f3j\u00e1n.<\/p>\n","protected":false},"author":1,"featured_media":0,"comment_status":"open","ping_status":"closed","sticky":false,"template":"","format":"standard","meta":[],"categories":[12],"tags":[],"_links":{"self":[{"href":"https:\/\/gazdasagportal.hu\/index.php\/wp-json\/wp\/v2\/posts\/70446"}],"collection":[{"href":"https:\/\/gazdasagportal.hu\/index.php\/wp-json\/wp\/v2\/posts"}],"about":[{"href":"https:\/\/gazdasagportal.hu\/index.php\/wp-json\/wp\/v2\/types\/post"}],"author":[{"embeddable":true,"href":"https:\/\/gazdasagportal.hu\/index.php\/wp-json\/wp\/v2\/users\/1"}],"replies":[{"embeddable":true,"href":"https:\/\/gazdasagportal.hu\/index.php\/wp-json\/wp\/v2\/comments?post=70446"}],"version-history":[{"count":1,"href":"https:\/\/gazdasagportal.hu\/index.php\/wp-json\/wp\/v2\/posts\/70446\/revisions"}],"predecessor-version":[{"id":70447,"href":"https:\/\/gazdasagportal.hu\/index.php\/wp-json\/wp\/v2\/posts\/70446\/revisions\/70447"}],"wp:attachment":[{"href":"https:\/\/gazdasagportal.hu\/index.php\/wp-json\/wp\/v2\/media?parent=70446"}],"wp:term":[{"taxonomy":"category","embeddable":true,"href":"https:\/\/gazdasagportal.hu\/index.php\/wp-json\/wp\/v2\/categories?post=70446"},{"taxonomy":"post_tag","embeddable":true,"href":"https:\/\/gazdasagportal.hu\/index.php\/wp-json\/wp\/v2\/tags?post=70446"}],"curies":[{"name":"wp","href":"https:\/\/api.w.org\/{rel}","templated":true}]}}