{"id":70444,"date":"2015-11-10T21:16:55","date_gmt":"2015-11-10T20:16:55","guid":{"rendered":"http:\/\/gazdasagportal.hu\/?p=70444"},"modified":"2015-11-10T21:16:55","modified_gmt":"2015-11-10T20:16:55","slug":"bkk-ellenoreink-szabalyosan-intezkedtek-a-3-as-metron","status":"publish","type":"post","link":"https:\/\/gazdasagportal.hu\/index.php\/bkk-ellenoreink-szabalyosan-intezkedtek-a-3-as-metron\/","title":{"rendered":"BKK: ellen\u0151reink szab\u00e1lyosan int\u00e9zkedtek a 3-as metr\u00f3n"},"content":{"rendered":"<p><strong>A Budapesti K\u00f6zleked\u00e9si K\u00f6zpont (BKK) szerint mindenben az el\u0151\u00edrt szab\u00e1lyoknak megfelel\u0151en j\u00e1rtak el jegyellen\u0151reik m\u00falt vas\u00e1rnap egy utassal szembeni int\u00e9zked\u00e9s\u00fck sor\u00e1n a 3-as metr\u00f3n. A k\u00f6zpont az MTI-hez kedden eljuttatott k\u00f6zlem\u00e9ny\u00e9ben azt is kiemelte: a rend\u0151r\u00f6ket nem az ellen\u0151r\u00f6k, hanem az utas \u00e9s hozz\u00e1tartoz\u00f3ja h\u00edvta ki.<\/strong><!--more--><\/p>\n<div class=\"ads-in-post1\"><div id=\"gazdasagportal.hu_fullbanner_wideboard\"><\/div>\r\n<\/div>\n<p>    Kedden Gy. N\u00e9meth Erzs\u00e9bet (Demokratikus Koal\u00edci\u00f3) sajt\u00f3t\u00e1j\u00e9koztat\u00f3n hozta fel p\u00e9ldak\u00e9nt az esetet. A f\u0151v\u00e1rosi k\u00e9pvisel\u0151 szerint az ellen\u0151r\u00f6k &#8222;b\u00e9rlethamis\u00edt\u00e1s v\u00e1dj\u00e1val&#8221; \u00e1rtatlanul rabos\u00edttattak a rend\u0151r\u00f6kkel egy, a haldokl\u00f3 \u00e9desapj\u00e1hoz siet\u0151 fiatal orvosn\u0151t. Gy. N\u00e9meth Erzs\u00e9bet kiemelte, a s\u00e9rtett\u0151l felhatalmaz\u00e1st kaptak arra, hogy azonnali vizsg\u00e1latot kezdem\u00e9nyezzenek a BKK vez\u00e9rigazgat\u00f3j\u00e1n\u00e1l, emellett a DK a t\u00f6rt\u00e9ntek tiszt\u00e1z\u00e1sa \u00e9rdek\u00e9ben parlamenti \u00edr\u00e1sbeli k\u00e9rd\u00e9ssel fordul Pint\u00e9r S\u00e1ndor bel\u00fcgyminiszterhez. Az ellenz\u00e9ki p\u00e1rt elv\u00e1rja a f\u0151polg\u00e1rmestert\u0151l, hogy az esetet k\u00e9rje sz\u00e1mon Pet\u0151 Gy\u00f6rgy\u00f6n, a F\u0151v\u00e1rosi Biztons\u00e1gi Iroda vezet\u0151j\u00e9n &#8211; tette hozz\u00e1 a DK-s politikus.<br \/>\n    A BKK a k\u00f6zlem\u00e9ny\u00e9ben azt \u00edrta: az \u00fcgyben halad\u00e9ktalanul vizsg\u00e1latot ind\u00edtottak. Ugyanis &#8211; mint k\u00f6zp\u00e9nzzel gazd\u00e1lkod\u00f3 szervezetnek &#8211; minden hasonl\u00f3 esetet ki kell vizsg\u00e1lnia a vissza\u00e9l\u00e9sek visszaszor\u00edt\u00e1sa \u00e9rdek\u00e9ben &#8211; tett\u00e9k hozz\u00e1.<br \/>\n    Mint kifejtett\u00e9k: vas\u00e1rnap a 3-as metr\u00f3 K\u00e1lvin t\u00e9ri \u00e1llom\u00e1s\u00e1n\u00e1l az egyik h\u00f6lgy utas b\u00e9rlet\u00e9t t\u00f6bb ellen\u0151r is hamisnak \u00edt\u00e9lte meg. Az ellen\u0151r\u00f6k t\u00e1j\u00e9koztatt\u00e1k az utast a probl\u00e9m\u00e1r\u00f3l, majd ismertett\u00e9k vele a p\u00f3td\u00edjrendez\u00e9si m\u00f3dokat. B\u00e1r az utas el\u0151sz\u00f6r \u00e1tadta a szem\u00e9lyazonos\u00edt\u00f3 igazolv\u00e1ny\u00e1t az ut\u00f3lagos fizet\u00e9shez sz\u00fcks\u00e9ges adatfelv\u00e9tel \u00e9rdek\u00e9ben, v\u00e9g\u00fcl m\u00e9gis megtagadta a p\u00f3td\u00edjaz\u00e1sr\u00f3l k\u00e9sz\u00edtett jegyz\u0151k\u00f6nyv al\u00e1\u00edr\u00e1s\u00e1t. Ezut\u00e1n a helysz\u00ednre h\u00edvta az \u00e9desanyj\u00e1t, aki \u00e9rtes\u00edtette a rend\u0151rs\u00e9get. A rend\u0151rs\u00e9g az \u00fcgy valamennyi \u00e9rintettj\u00e9t a IX. ker\u00fcleti Rend\u0151rkapit\u00e1nys\u00e1gra vitt\u00e9k. A jegyellen\u0151r\u00f6k csak este f\u00e9l 11 k\u00f6r\u00fcl hagyhatt\u00e1k el a kapit\u00e1nys\u00e1got, de m\u00e1r az eset napj\u00e1n besz\u00e1moltak a t\u00f6rt\u00e9ntekr\u0151l felettes\u00fcknek.<br \/>\n    A BKK kiemelte: a jegyellen\u0151r\u00f6knek nem volt sz\u00fcks\u00e9g\u00fck a rend\u0151ri k\u00f6zrem\u0171k\u00f6d\u00e9sre az utas igazoltat\u00e1s\u00e1hoz, mivel az utas \u00f6nk\u00e9nt megadta adatait az ut\u00f3lagos p\u00f3td\u00edjrendez\u00e9shez. A rend\u0151rs\u00e9g bevon\u00e1s\u00e1t az utas hozz\u00e1tartoz\u00f3ja k\u00e9rte &#8211; emelte ki a BKK, hozz\u00e1t\u00e9ve: &#8222;\u0151 maga h\u00edvta helysz\u00ednre a j\u00e1r\u0151r\u00f6ket, akik v\u00e9g\u00fcl elj\u00e1r\u00e1st kezdem\u00e9nyeztek&#8221;. Ennek lett k\u00f6vetkezm\u00e9nye, hogy mind az utasnak, mind a jegyellen\u0151r\u00f6knek a rend\u0151rs\u00e9gen kellett tart\u00f3zkodniuk &#8211; sz\u00f6gezte le a BKK.<br \/>\n    A b\u00e9rletszelv\u00e9ny m\u00e1r nincs a BKK-n\u00e1l, azt ugyanis a rend\u0151rs\u00e9g lefoglalta, ez\u00e9rt a BKK egyel\u0151re nem tud tov\u00e1bbi szak\u00e9rt\u0151i vizsg\u00e1latot v\u00e9gezni az eredetis\u00e9gre vonatkoz\u00f3an &#8211; \u00edrt\u00e1k a k\u00f6zlem\u00e9nyben.(MTI)<\/p>\n","protected":false},"excerpt":{"rendered":"<p>A Budapesti K\u00f6zleked\u00e9si K\u00f6zpont (BKK) szerint mindenben az el\u0151\u00edrt szab\u00e1lyoknak megfelel\u0151en j\u00e1rtak el jegyellen\u0151reik m\u00falt vas\u00e1rnap egy utassal szembeni int\u00e9zked\u00e9s\u00fck sor\u00e1n a 3-as metr\u00f3n. A k\u00f6zpont az MTI-hez kedden eljuttatott k\u00f6zlem\u00e9ny\u00e9ben azt is kiemelte: a rend\u0151r\u00f6ket nem az ellen\u0151r\u00f6k, hanem az utas \u00e9s hozz\u00e1tartoz\u00f3ja h\u00edvta ki.<\/p>\n","protected":false},"author":1,"featured_media":0,"comment_status":"open","ping_status":"closed","sticky":false,"template":"","format":"standard","meta":[],"categories":[4,151],"tags":[],"_links":{"self":[{"href":"https:\/\/gazdasagportal.hu\/index.php\/wp-json\/wp\/v2\/posts\/70444"}],"collection":[{"href":"https:\/\/gazdasagportal.hu\/index.php\/wp-json\/wp\/v2\/posts"}],"about":[{"href":"https:\/\/gazdasagportal.hu\/index.php\/wp-json\/wp\/v2\/types\/post"}],"author":[{"embeddable":true,"href":"https:\/\/gazdasagportal.hu\/index.php\/wp-json\/wp\/v2\/users\/1"}],"replies":[{"embeddable":true,"href":"https:\/\/gazdasagportal.hu\/index.php\/wp-json\/wp\/v2\/comments?post=70444"}],"version-history":[{"count":1,"href":"https:\/\/gazdasagportal.hu\/index.php\/wp-json\/wp\/v2\/posts\/70444\/revisions"}],"predecessor-version":[{"id":70445,"href":"https:\/\/gazdasagportal.hu\/index.php\/wp-json\/wp\/v2\/posts\/70444\/revisions\/70445"}],"wp:attachment":[{"href":"https:\/\/gazdasagportal.hu\/index.php\/wp-json\/wp\/v2\/media?parent=70444"}],"wp:term":[{"taxonomy":"category","embeddable":true,"href":"https:\/\/gazdasagportal.hu\/index.php\/wp-json\/wp\/v2\/categories?post=70444"},{"taxonomy":"post_tag","embeddable":true,"href":"https:\/\/gazdasagportal.hu\/index.php\/wp-json\/wp\/v2\/tags?post=70444"}],"curies":[{"name":"wp","href":"https:\/\/api.w.org\/{rel}","templated":true}]}}