{"id":70411,"date":"2015-11-10T11:54:21","date_gmt":"2015-11-10T10:54:21","guid":{"rendered":"http:\/\/gazdasagportal.hu\/?p=70411"},"modified":"2015-11-10T11:48:05","modified_gmt":"2015-11-10T10:48:05","slug":"az-olajar-a-palagaz-es-india-modosithatja-az-energiaellatas-jatekszabalyait-a-vilagban","status":"publish","type":"post","link":"https:\/\/gazdasagportal.hu\/index.php\/az-olajar-a-palagaz-es-india-modosithatja-az-energiaellatas-jatekszabalyait-a-vilagban\/","title":{"rendered":"Az olaj\u00e1r, a palag\u00e1z \u00e9s India m\u00f3dos\u00edthatja az energiaell\u00e1t\u00e1s j\u00e1t\u00e9kszab\u00e1lyait a vil\u00e1gban"},"content":{"rendered":"<p><strong>A tart\u00f3san alacsony olaj\u00e1r, a palag\u00e1z \u00e9s -olaj \u00e1rk\u00e9pz\u0151 hat\u00e1sa, valamint India energiaig\u00e9nye jelent\u0151sen m\u00f3dos\u00edthatja az energiaell\u00e1t\u00e1s j\u00e1t\u00e9kszab\u00e1lyait a vil\u00e1gban &#8211;\u00a0\u00a0mondta Cs\u00e9falvay Zolt\u00e1n kedden az MTI-nek.<\/strong><!--more--><\/p>\n<div class=\"ads-in-post1\"><div id=\"gazdasagportal.hu_fullbanner_wideboard\"><\/div>\r\n<\/div>\n<p>A Gazdas\u00e1gi Egy\u00fcttm\u0171k\u00f6d\u00e9si \u00e9s Fejleszt\u00e9si Szervezet (OECD) \u00e1lland\u00f3 magyar k\u00e9pviselet\u00e9nek vezet\u0151je a Nemzetk\u00f6zi Energia\u00fcgyn\u00f6ks\u00e9g (IEA) legfrissebb, \u00e9ves progn\u00f3zis\u00e1ra reag\u00e1lt.<br \/>\nA Vil\u00e1g energia kil\u00e1t\u00e1sok 2015 c\u00edm\u0171 tanulm\u00e1ny szerint az egyik kih\u00edv\u00e1st a fosszilis energi\u00e1k nagyon alacsony \u00e1ra jelenti. Az elm\u00falt \u00e9vben az olaj\u00e1rak a m\u00e9lybe zuhantak, jelenleg hord\u00f3nk\u00e9nt 50 doll\u00e1r k\u00f6r\u00fcl stagn\u00e1lnak. Az alacsony olaj\u00e1r j\u00f3 lehet\u0151s\u00e9get ad a vil\u00e1gszinten \u00e9vi 480 milli\u00e1rd doll\u00e1rt el\u00e9r\u0151 fosszilis t\u00e1mogat\u00e1sok kivezet\u00e9s\u00e9re, amire India \u00e9s Indon\u00e9zia m\u00e1r tett is l\u00e9p\u00e9seket az elm\u00falt \u00e9vben.<br \/>\nAz olaj- \u00e9s g\u00e1z\u00e1rak ugyanakkor tart\u00f3san alacsonyan maradhatnak, s ennek t\u00f6bbf\u00e9le hat\u00e1sa is lehet. Az alacsony \u00e1r nem \u00f6szt\u00f6n\u00f6z a technol\u00f3giai v\u00e1lt\u00e1sra, a meg\u00fajul\u00f3 energi\u00e1kba val\u00f3 befektet\u00e9sek ellen hat, egyben al\u00e1\u00e1shatja az energiahat\u00e9konys\u00e1g ir\u00e1nti korm\u00e1nyzati t\u00f6rekv\u00e9seket. Cs\u00e9falvay Zolt\u00e1n szerint mindennek a geopolitikai hat\u00e1sai is jelent\u0151sek lehetnek az olajexport\u0151r orsz\u00e1gokban, visszafoghatja fejl\u0151d\u00e9s\u00fcket.<br \/>\nA nagyk\u00f6vet a kiadv\u00e1ny meg\u00e1llap\u00edt\u00e1saib\u00f3l arra is felh\u00edvta a figyelmet, hogy a palag\u00e1z \u00e9s -olaj kitermel\u00e9s\u00e9nek \u00e1rk\u00e9pz\u0151 hat\u00e1sai is vannak, ugyanis ezekb\u0151l annyit tudnak kitermelni, amennyire \u00e9pp sz\u00fcks\u00e9g van, s ez\u00e1ltal a kitermel\u0151k az \u00e1rat alak\u00edthatj\u00e1k. Ennek a k\u00f6vetkezm\u00e9nyei a nagyk\u00f6vet szerint m\u00e9g nehezen l\u00e1that\u00f3k, de az vil\u00e1gos, hogy a technol\u00f3gi\u00e1nak k\u00f6sz\u00f6nhet\u0151en a palag\u00e1znak a glob\u00e1lis energiapiacon \u00e1rszab\u00e1lyoz\u00f3 hat\u00e1sai vannak, s ez is m\u00f3dos\u00edthatja az energiaell\u00e1t\u00e1s j\u00e1t\u00e9kszab\u00e1lyait.<br \/>\nAz IEA azt is hangs\u00falyozta, hogy az OECD orsz\u00e1gok, \u00e9s \u00edgy az Eur\u00f3pai Uni\u00f3 energiaig\u00e9nye az energiahat\u00e9konys\u00e1g n\u00f6veked\u00e9s\u00e9vel cs\u00f6kken, ezt viszont ellens\u00falyozza, s\u0151t j\u00f3val meghaladja D\u00e9lkelet-\u00c1zsia, K\u00f6zel-Kelet \u00e9s Afrika energiaig\u00e9ny-n\u00f6veked\u00e9se. K\u00edna energiafelhaszn\u00e1l\u00e1sa tov\u00e1bbra is n\u0151, azonban India n\u00e9pess\u00e9ge a 2020-as \u00e9vek k\u00f6zep\u00e9re m\u00e1r meghaladja K\u00edn\u00e1\u00e9t, ahogy 2040-ig az el\u0151re jelzett energiaig\u00e9ny-n\u00f6veked\u00e9se is. Cs\u00e9falvay Zolt\u00e1n szerint egy\u00e9rtelm\u0171, hogy a j\u00f6v\u0151ben India lesz az egyik f\u0151 energiafogyaszt\u00f3, amely egyr\u00e9szt a gazdas\u00e1g\u00e1nak er\u0151s n\u00f6veked\u00e9s\u00e9vel, m\u00e1sr\u00e9szt a demogr\u00e1fiai adatokkal magyar\u00e1zhat\u00f3.<br \/>\nA glob\u00e1lis \u00fcvegh\u00e1zhat\u00e1s\u00fa g\u00e1zok kibocs\u00e1t\u00e1s\u00e1nak k\u00e9tharmad\u00e1t ad\u00f3 energiaszektor \u00e1talak\u00edt\u00e1sa \u00e9s az \u00e9ghajlatv\u00e1ltoz\u00e1s m\u00e9rs\u00e9kl\u00e9se \u00e9rdek\u00e9ben november 30-\u00e1n kezd\u0151d\u0151 p\u00e1rizsi ENSZ-kl\u00edmacs\u00facs c\u00e9lja, hogy meg\u00e1llapod\u00e1s sz\u00fclessen az \u00e1tlagh\u0151m\u00e9rs\u00e9klet-n\u00f6veked\u00e9s 2 Celsius fok alatt tart\u00e1s\u00e1r\u00f3l.<br \/>\nAz IEA elemz\u00e9se alapj\u00e1n az okt\u00f3ber k\u00f6zep\u00e9ig be\u00e9rkezett nemzeti kl\u00edmav\u00e1llal\u00e1sok 2100-ra 2,7 fok \u00e1tlagh\u0151m\u00e9rs\u00e9klet-n\u00f6veked\u00e9st jeleznek el\u0151re. Ez ugyan nagy el\u0151rel\u00e9p\u00e9s a 4 fokhoz k\u00e9pest, amellyel a politika k\u00f6zbeavatkoz\u00e1sa n\u00e9lk\u00fcl kellene sz\u00e1molni, ugyanakkor a kiadv\u00e1ny szerint tov\u00e1bbi v\u00e1llal\u00e1sok sz\u00fcks\u00e9gesek az energiahat\u00e9konys\u00e1g tov\u00e1bbi fokoz\u00e1sa, a legszennyez\u0151bb sz\u00e9ner\u0151m\u0171vek haszn\u00e1lat\u00e1nak \u00e9s a fosszilis \u00fczemanyagok t\u00e1mogat\u00e1s\u00e1nak kivezet\u00e9se, a tiszta &#8211; k\u00f6zt\u00fck nukle\u00e1ris &#8211; energiatechnol\u00f3gi\u00e1kba val\u00f3 beruh\u00e1z\u00e1s el\u0151seg\u00edt\u00e9se, az olaj- \u00e9s g\u00e1zipar met\u00e1nkibocs\u00e1t\u00e1s\u00e1nak visszaszor\u00edt\u00e1sa ter\u00e9n. Mindezek miatt az IEA szerint az alacsony fosszilis \u00fczemanyag\u00e1rak mellett f\u0151k\u00e9nt a fejl\u0151d\u0151 orsz\u00e1gokban jelentkez\u0151 energiaig\u00e9ny-n\u00f6veked\u00e9sre \u00e9s az \u00e9ghajlatv\u00e1ltoz\u00e1s kih\u00edv\u00e1saira egyszerre kell megold\u00e1st tal\u00e1lni.(MTI)<\/p>\n<p>&nbsp;<\/p><div id=\"gazda-840240554\" class=\"gazda-tartalomban gazda-entity-placement\"><script async src=\"https:\/\/pagead2.googlesyndication.com\/pagead\/js\/adsbygoogle.js\"><\/script>\r\n<ins class=\"adsbygoogle\"\r\n     style=\"display:block\"\r\n     data-ad-format=\"fluid\"\r\n     data-ad-layout-key=\"-6t+ed+2i-1n-4w\"\r\n     data-ad-client=\"ca-pub-1959107119989764\"\r\n     data-ad-slot=\"4008251320\"><\/ins>\r\n<script>\r\n     (adsbygoogle = window.adsbygoogle || []).push({});\r\n<\/script><\/div>\n","protected":false},"excerpt":{"rendered":"<p>A tart\u00f3san alacsony olaj\u00e1r, a palag\u00e1z \u00e9s -olaj \u00e1rk\u00e9pz\u0151 hat\u00e1sa, valamint India energiaig\u00e9nye jelent\u0151sen m\u00f3dos\u00edthatja az energiaell\u00e1t\u00e1s j\u00e1t\u00e9kszab\u00e1lyait a vil\u00e1gban &#8211;\u00a0\u00a0mondta Cs\u00e9falvay Zolt\u00e1n kedden az MTI-nek.<\/p>\n","protected":false},"author":1,"featured_media":58789,"comment_status":"open","ping_status":"closed","sticky":false,"template":"","format":"standard","meta":[],"categories":[146,301,246],"tags":[],"_links":{"self":[{"href":"https:\/\/gazdasagportal.hu\/index.php\/wp-json\/wp\/v2\/posts\/70411"}],"collection":[{"href":"https:\/\/gazdasagportal.hu\/index.php\/wp-json\/wp\/v2\/posts"}],"about":[{"href":"https:\/\/gazdasagportal.hu\/index.php\/wp-json\/wp\/v2\/types\/post"}],"author":[{"embeddable":true,"href":"https:\/\/gazdasagportal.hu\/index.php\/wp-json\/wp\/v2\/users\/1"}],"replies":[{"embeddable":true,"href":"https:\/\/gazdasagportal.hu\/index.php\/wp-json\/wp\/v2\/comments?post=70411"}],"version-history":[{"count":1,"href":"https:\/\/gazdasagportal.hu\/index.php\/wp-json\/wp\/v2\/posts\/70411\/revisions"}],"predecessor-version":[{"id":70412,"href":"https:\/\/gazdasagportal.hu\/index.php\/wp-json\/wp\/v2\/posts\/70411\/revisions\/70412"}],"wp:featuredmedia":[{"embeddable":true,"href":"https:\/\/gazdasagportal.hu\/index.php\/wp-json\/wp\/v2\/media\/58789"}],"wp:attachment":[{"href":"https:\/\/gazdasagportal.hu\/index.php\/wp-json\/wp\/v2\/media?parent=70411"}],"wp:term":[{"taxonomy":"category","embeddable":true,"href":"https:\/\/gazdasagportal.hu\/index.php\/wp-json\/wp\/v2\/categories?post=70411"},{"taxonomy":"post_tag","embeddable":true,"href":"https:\/\/gazdasagportal.hu\/index.php\/wp-json\/wp\/v2\/tags?post=70411"}],"curies":[{"name":"wp","href":"https:\/\/api.w.org\/{rel}","templated":true}]}}