{"id":70408,"date":"2015-11-10T11:33:33","date_gmt":"2015-11-10T10:33:33","guid":{"rendered":"http:\/\/gazdasagportal.hu\/?p=70408"},"modified":"2015-11-10T11:33:33","modified_gmt":"2015-11-10T10:33:33","slug":"ukran-valsag-kijev-szerint-egyre-hevesebben-tamadnak-a-szakadarok-tiltott-nehezfegyvert-is-bevetettek","status":"publish","type":"post","link":"https:\/\/gazdasagportal.hu\/index.php\/ukran-valsag-kijev-szerint-egyre-hevesebben-tamadnak-a-szakadarok-tiltott-nehezfegyvert-is-bevetettek\/","title":{"rendered":"Ukr\u00e1n v\u00e1ls\u00e1g &#8211; Kijev szerint egyre hevesebben t\u00e1madnak a szakad\u00e1rok, tiltott neh\u00e9zfegyvert is bevetettek"},"content":{"rendered":"<p><strong>Kijev szerint egyre hevesebben t\u00e1madnak az Oroszorsz\u00e1g \u00e1ltal t\u00e1mogatott szakad\u00e1rok Ukrajna keleti r\u00e9sz\u00e9n, keddre virrad\u00f3an a minszki meg\u00e1llapod\u00e1sok \u00e1ltal tiltott neh\u00e9zfegyvert is bevetettek.<\/strong><!--more--><\/p>\n<div class=\"ads-in-post1\"><div id=\"gazdasagportal.hu_fullbanner_wideboard\"><\/div>\r\n<\/div>\n<p>    A kijevi hadm\u0171veleti parancsnoks\u00e1g szok\u00e1sos reggeli k\u00f6zlem\u00e9nye szerint az \u00e9jjel 33-szor s\u00e9rtett\u00e9k meg a t\u0171zsz\u00fcnetet a szakad\u00e1r er\u0151k. A legt\u00f6bb t\u00e1mad\u00e1s a Donyeck k\u00f6rny\u00e9ki katonai \u00e1ll\u00e1sokat \u00e9rte.<br \/>\n    A Luhanszk megyei Popaszna v\u00e1ros k\u00f6rny\u00e9k\u00e9re k\u00e9tszer is t\u00fczet nyitottak nagy kaliber\u0171, 120 millim\u00e9teres aknavet\u0151vel. A d\u00e9l-donyecki Mariupol kik\u00f6t\u0151v\u00e1ros k\u00f6zel\u00e9ben, Sirokine telep\u00fcl\u00e9sn\u00e9l pedig 82 millim\u00e9ter kaliber\u0171 aknavet\u0151t vetettek be. Mindk\u00e9t t\u00edpus\u00fa fegyverzetr\u0151l azt \u00e1ll\u00edtott\u00e1k kor\u00e1bban a szakad\u00e1rok, hogy a minszki meg\u00e1llapod\u00e1soknak megfelel\u0151en m\u00e1r kivont\u00e1k \u0151ket a frontvonal menti \u00f6vezetb\u0151l.<br \/>\n    Heorhij Tuka, Luhanszk megyei korm\u00e1nyz\u00f3 kedden arr\u00f3l adott h\u00edrt, hogy a szeptember 1-j\u00e9n \u00e9letbe l\u00e9ptetett fegyvernyugv\u00e1s \u00f3ta el\u0151sz\u00f6r l\u0151ttek lakott ter\u00fcletet is a szakad\u00e1rok: Popaszna v\u00e1ros\u00e1nak egy s\u0171r\u0171n lakott ker\u00fclet\u00e9be tal\u00e1ltak be 80 millim\u00e9ter kaliber\u0171 t\u00fcz\u00e9rs\u00e9gi l\u00f6ved\u00e9kek. A korm\u00e1nyz\u00f3 szavai szerint csak a szerencs\u00e9nek k\u00f6sz\u00f6nhet\u0151, hogy senki sem esett \u00e1ldozatul a t\u00e1mad\u00e1snak.<br \/>\n    Az ukr\u00e1n felder\u00edt\u00e9s keddi jelent\u00e9se szerint Donyeck v\u00e1ros\u00e1ban egy 20 harckocsib\u00f3l \u00e1ll\u00f3 konvojt \u00e9szleltek, ezenfel\u00fcl a megyek\u00f6zpontt\u00f3l nem messze l\u00e9v\u0151 Marjinka telep\u00fcl\u00e9sn\u00e9l, k\u00f6zel az ukr\u00e1n fegyveres er\u0151k \u00e1ll\u00e1s\u00e1hoz n\u00e9gy harckocsit fedeztek fel &#8222;nem t\u00fal szerencs\u00e9sen elrejtve&#8221;.<br \/>\n    Alexander Hug, az Eur\u00f3pai Biztons\u00e1gi \u00e9s Egy\u00fcttm\u0171k\u00f6d\u00e9si Szervezet (EBESZ) ukrajnai megfigyel\u0151i k\u00fcld\u00f6tts\u00e9g\u00e9nek helyettes vezet\u0151je aggodalm\u00e1nak adott hangot a t\u0171zsz\u00fcnet &#8222;t\u00f6r\u00e9kenys\u00e9ge&#8221; miatt.<br \/>\n    Az EBESZ megfigyel\u0151i a napokban l\u00e1togat\u00e1st tettek a szakad\u00e1rok \u00e1ltal febru\u00e1rban megsz\u00e1llt Debalceve v\u00e1ros\u00e1ban. Azt tapasztalt\u00e1k, hogy a v\u00e1ros vas\u00fat\u00e1llom\u00e1s\u00e1t &#8211; amely fontos csom\u00f3pont a szakad\u00e1rok \u00e1ltal ellen\u0151rz\u00f6tt ter\u00fcletek \u00e9s Oroszorsz\u00e1g k\u00f6z\u00f6tt &#8211; teljesen helyre\u00e1ll\u00edtott\u00e1k, mik\u00f6zben a telep\u00fcl\u00e9sen a lak\u00f3h\u00e1zak m\u00e9g mindig romosak. Vezet\u00e9kes v\u00edz van a v\u00e1rosban, \u00e9lelmiszer is elegend\u0151 a boltokban, ugyanakkor hi\u00e1nyt tapasztaltak gy\u00f3gyszerekb\u0151l \u00e9s palackozott iv\u00f3v\u00edzb\u0151l. Hug szavai szerint a telep\u00fcl\u00e9s &#8222;er\u0151sen militariz\u00e1lt&#8221;. Sok lak\u00f3ja elhagyta a v\u00e1rost, az utc\u00e1k kihaltak.<br \/>\n    Debalceve szakad\u00e1r polg\u00e1rmestere a DAN donyecki szeparatista h\u00edr\u00fcgyn\u00f6ks\u00e9g szerint kedden k\u00f6z\u00f6lte, hogy az ukr\u00e1n fegyveres er\u0151k \u00e1ll\u00edt\u00f3lag megpr\u00f3b\u00e1ltak behatolni a v\u00e1rosba. A donyecki szakad\u00e1rok pedig azt \u00e1ll\u00edtott\u00e1k, hogy keddre virrad\u00f3an az ukr\u00e1n hadsereg 82, illetve 120 millim\u00e9ter kaliber\u0171 aknavet\u0151kkel kilenc \u00f3r\u00e1n \u00e1t l\u0151tte a megyek\u00f6zpont \u00e9szaki r\u00e9sz\u00e9t, bele\u00e9rtve a kor\u00e1bbi harcokban m\u00e1r romm\u00e1 l\u0151tt nemzetk\u00f6zi rep\u00fcl\u0151t\u00e9r k\u00f6rny\u00e9k\u00e9t.(MTI)<\/p>\n","protected":false},"excerpt":{"rendered":"<p>Kijev szerint egyre hevesebben t\u00e1madnak az Oroszorsz\u00e1g \u00e1ltal t\u00e1mogatott szakad\u00e1rok Ukrajna keleti r\u00e9sz\u00e9n, keddre virrad\u00f3an a minszki meg\u00e1llapod\u00e1sok \u00e1ltal tiltott neh\u00e9zfegyvert is bevetettek.<\/p>\n","protected":false},"author":1,"featured_media":0,"comment_status":"open","ping_status":"closed","sticky":false,"template":"","format":"standard","meta":[],"categories":[139],"tags":[],"_links":{"self":[{"href":"https:\/\/gazdasagportal.hu\/index.php\/wp-json\/wp\/v2\/posts\/70408"}],"collection":[{"href":"https:\/\/gazdasagportal.hu\/index.php\/wp-json\/wp\/v2\/posts"}],"about":[{"href":"https:\/\/gazdasagportal.hu\/index.php\/wp-json\/wp\/v2\/types\/post"}],"author":[{"embeddable":true,"href":"https:\/\/gazdasagportal.hu\/index.php\/wp-json\/wp\/v2\/users\/1"}],"replies":[{"embeddable":true,"href":"https:\/\/gazdasagportal.hu\/index.php\/wp-json\/wp\/v2\/comments?post=70408"}],"version-history":[{"count":1,"href":"https:\/\/gazdasagportal.hu\/index.php\/wp-json\/wp\/v2\/posts\/70408\/revisions"}],"predecessor-version":[{"id":70409,"href":"https:\/\/gazdasagportal.hu\/index.php\/wp-json\/wp\/v2\/posts\/70408\/revisions\/70409"}],"wp:attachment":[{"href":"https:\/\/gazdasagportal.hu\/index.php\/wp-json\/wp\/v2\/media?parent=70408"}],"wp:term":[{"taxonomy":"category","embeddable":true,"href":"https:\/\/gazdasagportal.hu\/index.php\/wp-json\/wp\/v2\/categories?post=70408"},{"taxonomy":"post_tag","embeddable":true,"href":"https:\/\/gazdasagportal.hu\/index.php\/wp-json\/wp\/v2\/tags?post=70408"}],"curies":[{"name":"wp","href":"https:\/\/api.w.org\/{rel}","templated":true}]}}