{"id":70406,"date":"2015-11-10T11:21:58","date_gmt":"2015-11-10T10:21:58","guid":{"rendered":"http:\/\/gazdasagportal.hu\/?p=70406"},"modified":"2015-11-10T11:21:58","modified_gmt":"2015-11-10T10:21:58","slug":"orban-eledezik-a-nemzeti-iparunk","status":"publish","type":"post","link":"https:\/\/gazdasagportal.hu\/index.php\/orban-eledezik-a-nemzeti-iparunk\/","title":{"rendered":"Orb\u00e1n: \u00e9ledezik a nemzeti iparunk"},"content":{"rendered":"<p><strong>Orb\u00e1n Viktor minisztereln\u00f6k szerint Magyarorsz\u00e1g nemzeti ipara l\u00e1that\u00f3an \u00e9ledezik, &#8222;pr\u00f3b\u00e1lgatja a sz\u00e1rnyait&#8221;.<\/strong><!--more--><\/p>\n<div class=\"ads-in-post1\"><div id=\"gazdasagportal.hu_fullbanner_wideboard\"><\/div>\r\n<\/div>\n<p>    A korm\u00e1nyf\u0151 ezt kedden mondta Tisza\u00fajv\u00e1rosban, a Mol butadi\u00e9nkinyer\u0151 \u00fczem\u00e9nek \u00fcnnep\u00e9lyes \u00e1tad\u00e1s\u00e1n, ahol \u00fagy fogalmazott, a magyar vegyipar &#8211; a Molnak k\u00f6sz\u00f6nhet\u0151en &#8211; \u00fajra\u00e9p\u00fcl.<br \/>\n    A rendezv\u00e9nyen bejelentett\u00e9k azt is, hogy a Mol \u00e9s a jap\u00e1n JSR Corporation v\u00e1rhat\u00f3an 2017-re egy m\u0171gumigy\u00e1rat \u00e9p\u00edt Tisza\u00fajv\u00e1rosban. Orb\u00e1n Viktor azt mondta, e meg\u00e1llapod\u00e1sb\u00f3l azt olvassa ki: a magyar nemzeti ipar \u00e9s annak legfontosabb szerepl\u0151je, a Mol kell\u0151en meger\u0151s\u00f6d\u00f6tt ahhoz, hogy egyenrang\u00fa partnere legyen nagy nemzetk\u00f6zi c\u00e9geknek. &#8222;Aki a Mollal k\u00f6t sz\u00f6vets\u00e9get, az egy\u00fattal Magyarorsz\u00e1ggal \u00e9s a magyar emberekkel k\u00f6t egy er\u0151s \u00e9s sikerhez vezet\u0151 sz\u00f6vets\u00e9get&#8221; &#8211; jelentette ki.<br \/>\n    Hern\u00e1di Zsolt, a Mol-csoport eln\u00f6k-vez\u00e9rigazgat\u00f3ja az \u00fcnneps\u00e9gen elmondta, sz\u00e1m\u00edt\u00e1saik szerint a tisza\u00fajv\u00e1rosi butadi\u00e9n\u00fczem \u00e9vi 6-10 milli\u00e1rd forinttal n\u00f6veli majd a Mol-csoport j\u00f6vedelmez\u0151s\u00e9g\u00e9t. A m\u0171gumigy\u00e1rr\u00f3l k\u00f6z\u00f6lte, az nagys\u00e1grendileg a k\u00e9tszeres\u00e9be ker\u00fcl majd a butadi\u00e9n\u00fczemnek, amely 35 milli\u00e1rd forintos beruh\u00e1z\u00e1ssal j\u00f6tt l\u00e9tre.(MTI)<\/p>\n","protected":false},"excerpt":{"rendered":"<p>Orb\u00e1n Viktor minisztereln\u00f6k szerint Magyarorsz\u00e1g nemzeti ipara l\u00e1that\u00f3an \u00e9ledezik, &#8222;pr\u00f3b\u00e1lgatja a sz\u00e1rnyait&#8221;.<\/p>\n","protected":false},"author":1,"featured_media":0,"comment_status":"open","ping_status":"closed","sticky":false,"template":"","format":"standard","meta":[],"categories":[19],"tags":[],"_links":{"self":[{"href":"https:\/\/gazdasagportal.hu\/index.php\/wp-json\/wp\/v2\/posts\/70406"}],"collection":[{"href":"https:\/\/gazdasagportal.hu\/index.php\/wp-json\/wp\/v2\/posts"}],"about":[{"href":"https:\/\/gazdasagportal.hu\/index.php\/wp-json\/wp\/v2\/types\/post"}],"author":[{"embeddable":true,"href":"https:\/\/gazdasagportal.hu\/index.php\/wp-json\/wp\/v2\/users\/1"}],"replies":[{"embeddable":true,"href":"https:\/\/gazdasagportal.hu\/index.php\/wp-json\/wp\/v2\/comments?post=70406"}],"version-history":[{"count":1,"href":"https:\/\/gazdasagportal.hu\/index.php\/wp-json\/wp\/v2\/posts\/70406\/revisions"}],"predecessor-version":[{"id":70407,"href":"https:\/\/gazdasagportal.hu\/index.php\/wp-json\/wp\/v2\/posts\/70406\/revisions\/70407"}],"wp:attachment":[{"href":"https:\/\/gazdasagportal.hu\/index.php\/wp-json\/wp\/v2\/media?parent=70406"}],"wp:term":[{"taxonomy":"category","embeddable":true,"href":"https:\/\/gazdasagportal.hu\/index.php\/wp-json\/wp\/v2\/categories?post=70406"},{"taxonomy":"post_tag","embeddable":true,"href":"https:\/\/gazdasagportal.hu\/index.php\/wp-json\/wp\/v2\/tags?post=70406"}],"curies":[{"name":"wp","href":"https:\/\/api.w.org\/{rel}","templated":true}]}}