{"id":70297,"date":"2015-11-09T05:04:45","date_gmt":"2015-11-09T04:04:45","guid":{"rendered":"http:\/\/gazdasagportal.hu\/?p=70297"},"modified":"2015-11-08T19:52:00","modified_gmt":"2015-11-08T18:52:00","slug":"brit-eu-nepszavazas-cameron-dramai-figyelmeztetest-intez-az-eu-hoz","status":"publish","type":"post","link":"https:\/\/gazdasagportal.hu\/index.php\/brit-eu-nepszavazas-cameron-dramai-figyelmeztetest-intez-az-eu-hoz\/","title":{"rendered":"Brit EU-n\u00e9pszavaz\u00e1s &#8211; Cameron dr\u00e1mai figyelmeztet\u00e9st int\u00e9z az EU-hoz"},"content":{"rendered":"<p><strong>Egybehangz\u00f3 vas\u00e1rnapi brit sajt\u00f3\u00e9rtes\u00fcl\u00e9sek szerint David Cameron brit minisztereln\u00f6k &#8222;dr\u00e1mai&#8221; hangv\u00e9tel\u0171 figyelmeztet\u00e9st int\u00e9z a j\u00f6v\u0151 h\u00e9ten az Eur\u00f3pai Uni\u00f3hoz arr\u00f3l, hogy a brit korm\u00e1ny &#8222;\u00fajragondolhatja&#8221; Nagy-Britannia EU-tags\u00e1g\u00e1t, ha Br\u00fcsszel \u00e9s a tag\u00e1llamok nem t\u00e1mogatj\u00e1k London reformig\u00e9nyeit.<\/strong><!--more--><\/p>\n<div class=\"ads-in-post1\"><div id=\"gazdasagportal.hu_fullbanner_wideboard\"><\/div>\r\n<\/div>\n<p>    Cameron a tervek szerint kedden juttatja el a brit reformk\u00f6vetel\u00e9seket r\u00e9szletesen kifejt\u0151 level\u00e9t Donald Tusknak, az Eur\u00f3pai Tan\u00e1cs eln\u00f6k\u00e9nek, \u00e9s ugyanaznap besz\u00e9det is tart, amelyben nyilv\u00e1nosan kifejti \u00e1ll\u00e1spontj\u00e1t.<br \/>\n    A The Observer c\u00edm\u0171 baloldali vas\u00e1rnapi brit lap \u00e9s a BBC korm\u00e1nyforr\u00e1sokb\u00f3l sz\u00e1rmaz\u00f3 \u00e9rtes\u00fcl\u00e9sei szerint a brit korm\u00e1nyf\u0151 a lev\u00e9lben \u00e9s a besz\u00e9dben egyar\u00e1nt lesz\u00f6gezi majd, hogy ha nem siker\u00fcl meg\u00e1llapod\u00e1sra jutni a Nagy-Britannia \u00e1ltal ig\u00e9nyelt v\u00e1ltoztat\u00e1sokr\u00f3l, akkor &#8222;\u00e1t kell gondolnunk, hogy az Eur\u00f3pai Uni\u00f3 jelenlegi form\u00e1j\u00e1ban megfelel\u0151-e sz\u00e1munkra (&#8230;) Ahogy kor\u00e1bban is mondtam m\u00e1r, (ebben az esetben) nem z\u00e1rok ki semmit&#8221;.<br \/>\n    Cameron az el\u0151zetesen ismertetett r\u00e9szletek szerint kijelenti ugyanakkor azt is, hogy marad\u00e9ktalanul b\u00edzik a meg\u00e1llapod\u00e1s lehet\u0151s\u00e9g\u00e9ben, \u00e9s ha az egyezs\u00e9g l\u00e9trej\u00f6n, akkor \u0151 szem\u00e9lyesen is &#8222;teljes sz\u00edvvel \u00e9s l\u00e9lekkel&#8221; Nagy-Britannia EU-tags\u00e1ga mellett fog kamp\u00e1nyolni az err\u0151l tervezett n\u00e9pszavaz\u00e1son.<br \/>\n    A brit minisztereln\u00f6k k\u00e9t \u00e9ve jelentette be, hogy ha a Konzervat\u00edv P\u00e1rt az idei v\u00e1laszt\u00e1sok ut\u00e1n korm\u00e1nyon marad, 2017 v\u00e9g\u00e9ig n\u00e9pszavaz\u00e1st tartanak Nagy-Britannia EU-tags\u00e1g\u00e1r\u00f3l.<br \/>\n    A Konzervat\u00edv P\u00e1rt v\u00e1ratlan f\u00f6l\u00e9nnyel megnyerte a m\u00e1jus 7-ei parlamenti v\u00e1laszt\u00e1sokat, \u00e9s a brit EU-tags\u00e1gr\u00f3l sz\u00f3l\u00f3 n\u00e9pszavaz\u00e1s t\u00f6rv\u00e9nytervezete be is ker\u00fclt az \u00faj korm\u00e1ny idei t\u00f6rv\u00e9nyalkot\u00e1si programj\u00e1ba.<br \/>\n    London azonban a referendum el\u0151tt \u00fajra akarja t\u00e1rgyalni az EU-hoz f\u0171z\u0151d\u0151 viszonyrendszer\u00e9t Br\u00fcsszellel, \u00e9s a brit v\u00e1laszt\u00f3k e t\u00e1rgyal\u00e1sok eredm\u00e9nyei alapj\u00e1n d\u00f6nthetn\u00e9nek a tervezett referendumon arr\u00f3l, hogy az EU-n bel\u00fcl, vagy azon k\u00edv\u00fcl akarj\u00e1k-e tudni haz\u00e1jukat.<br \/>\n    A vas\u00e1rnapi brit sajt\u00f3\u00e9rtes\u00fcl\u00e9sek szerint Tusknak k\u00fcldend\u0151 level\u00e9ben Cameron n\u00e9gy f\u0151 k\u00f6vetel\u00e9st fogalmaz majd meg. Az els\u0151 helyen az az ig\u00e9ny \u00e1ll, hogy a Nagy-Britanni\u00e1ba m\u00e1s EU-t\u00e1rs\u00e1llamokb\u00f3l \u00e9rkez\u0151 munkav\u00e1llal\u00f3k n\u00e9gy\u00e9vi folyamatos, bejelentett, leg\u00e1lis munkaviszony ut\u00e1n f\u00e9rhessenek csak hozz\u00e1 a brit szoci\u00e1lis ell\u00e1t\u00f3rendszer szolg\u00e1ltat\u00e1sainak teljes k\u00f6r\u00e9hez.<br \/>\n    Ez jelenleg a diszkrimin\u00e1ci\u00f3t tilt\u00f3 uni\u00f3s jogszab\u00e1lyokba \u00fctk\u00f6zik, \u00e9s ezt Philip Hammond brit k\u00fcl\u00fcgyminiszter a BBC-nek nyilatkozva vas\u00e1rnap el is ismerte. Kijelentette ugyanakkor: a Br\u00fcsszellel tervezett t\u00e1rgyal\u00e1sok c\u00e9lja \u00e9ppen a Nagy-Britanni\u00e1nak nem megfelel\u0151 szab\u00e1lyoz\u00e1sok m\u00f3dos\u00edt\u00e1s\u00e1nak el\u00e9r\u00e9se.<br \/>\n    A brit k\u00f6vetel\u00e9sek k\u00f6z\u00f6tt szerepel emellett az is, hogy az eur\u00f3\u00f6vezeti orsz\u00e1gok ne hozhassanak t\u00f6bbs\u00e9gi szavaz\u00e1ssal d\u00f6nt\u00e9seket a valutauni\u00f3n k\u00edv\u00fcli EU-tag\u00e1llamok k\u00e1r\u00e1ra.<br \/>\n    Nagy-Britannia r\u00f6gz\u00edtett biztos\u00edt\u00e9kokat k\u00edv\u00e1n kapni arra is, hogy nem kell r\u00e9szt vennie a mind szorosabb uni\u00f3s integr\u00e1ci\u00f3t c\u00e9lz\u00f3 folyamatban, \u00e9s olyan szab\u00e1lyoz\u00e1st is szeretne, amelynek alapj\u00e1n a tag\u00e1llami parlamentek a jelenlegin\u00e9l sz\u00e9lesebb jogk\u00f6rt kapn\u00e1nak az EU-szint\u0171 jogszab\u00e1lyok fel\u00fclb\u00edr\u00e1l\u00e1s\u00e1ra.(MTI)<\/p>\n","protected":false},"excerpt":{"rendered":"<p>Egybehangz\u00f3 vas\u00e1rnapi brit sajt\u00f3\u00e9rtes\u00fcl\u00e9sek szerint David Cameron brit minisztereln\u00f6k &#8222;dr\u00e1mai&#8221; hangv\u00e9tel\u0171 figyelmeztet\u00e9st int\u00e9z a j\u00f6v\u0151 h\u00e9ten az Eur\u00f3pai Uni\u00f3hoz arr\u00f3l, hogy a brit korm\u00e1ny &#8222;\u00fajragondolhatja&#8221; Nagy-Britannia EU-tags\u00e1g\u00e1t, ha Br\u00fcsszel \u00e9s a tag\u00e1llamok nem t\u00e1mogatj\u00e1k London reformig\u00e9nyeit.<\/p>\n","protected":false},"author":1,"featured_media":0,"comment_status":"open","ping_status":"closed","sticky":false,"template":"","format":"standard","meta":[],"categories":[12],"tags":[],"_links":{"self":[{"href":"https:\/\/gazdasagportal.hu\/index.php\/wp-json\/wp\/v2\/posts\/70297"}],"collection":[{"href":"https:\/\/gazdasagportal.hu\/index.php\/wp-json\/wp\/v2\/posts"}],"about":[{"href":"https:\/\/gazdasagportal.hu\/index.php\/wp-json\/wp\/v2\/types\/post"}],"author":[{"embeddable":true,"href":"https:\/\/gazdasagportal.hu\/index.php\/wp-json\/wp\/v2\/users\/1"}],"replies":[{"embeddable":true,"href":"https:\/\/gazdasagportal.hu\/index.php\/wp-json\/wp\/v2\/comments?post=70297"}],"version-history":[{"count":1,"href":"https:\/\/gazdasagportal.hu\/index.php\/wp-json\/wp\/v2\/posts\/70297\/revisions"}],"predecessor-version":[{"id":70298,"href":"https:\/\/gazdasagportal.hu\/index.php\/wp-json\/wp\/v2\/posts\/70297\/revisions\/70298"}],"wp:attachment":[{"href":"https:\/\/gazdasagportal.hu\/index.php\/wp-json\/wp\/v2\/media?parent=70297"}],"wp:term":[{"taxonomy":"category","embeddable":true,"href":"https:\/\/gazdasagportal.hu\/index.php\/wp-json\/wp\/v2\/categories?post=70297"},{"taxonomy":"post_tag","embeddable":true,"href":"https:\/\/gazdasagportal.hu\/index.php\/wp-json\/wp\/v2\/tags?post=70297"}],"curies":[{"name":"wp","href":"https:\/\/api.w.org\/{rel}","templated":true}]}}