{"id":70289,"date":"2015-11-09T04:04:52","date_gmt":"2015-11-09T03:04:52","guid":{"rendered":"http:\/\/gazdasagportal.hu\/?p=70289"},"modified":"2015-11-08T19:24:49","modified_gmt":"2015-11-08T18:24:49","slug":"iszlam-allam-korlatozott-partneri-szerepvallalas-mellett-keszul-a-pentagon-a-legicsapasok-fokozasara","status":"publish","type":"post","link":"https:\/\/gazdasagportal.hu\/index.php\/iszlam-allam-korlatozott-partneri-szerepvallalas-mellett-keszul-a-pentagon-a-legicsapasok-fokozasara\/","title":{"rendered":"Iszl\u00e1m \u00c1llam &#8211; Korl\u00e1tozott partneri szerepv\u00e1llal\u00e1s mellett k\u00e9sz\u00fcl a Pentagon a l\u00e9gicsap\u00e1sok fokoz\u00e1s\u00e1ra"},"content":{"rendered":"<p><strong>Mik\u00f6zben az Egyes\u00fclt \u00c1llamok az Iszl\u00e1m \u00c1llam (I\u00c1) elleni l\u00e9gicsap\u00e1sok fokoz\u00e1s\u00e1ra k\u00e9sz\u00fcl Sz\u00edri\u00e1ban, a nyugati sz\u00f6vets\u00e9gesek r\u00e9szv\u00e9tele korl\u00e1tozott, a dzsihadista szervezet elleni katonai fell\u00e9p\u00e9s elej\u00e9n akt\u00edvnak mutatkoz\u00f3 arab orsz\u00e1gok pedig j\u00f3r\u00e9szt elt\u00fcnedeztek &#8211; \u00edrta vas\u00e1rnapi besz\u00e1mol\u00f3j\u00e1ban a The New York Times c\u00edm\u0171 amerikai napilap.<\/strong><!--more--><\/p>\n<div class=\"ads-in-post1\"><div id=\"gazdasagportal.hu_fullbanner_wideboard\"><\/div>\r\n<\/div>\n<p>    Sza\u00fad-Ar\u00e1bia, az Egyes\u00fclt Arab Em\u00edrs\u00e9gek \u00e9s Jord\u00e1nia harci g\u00e9peinek nagy r\u00e9sz\u00e9t az Ir\u00e1n \u00e1ltal t\u00e1mogatott s\u00edita h\u00faszi l\u00e1zad\u00f3k elleni harcra csoportos\u00edtotta \u00e1t. Bahreini rep\u00fcl\u0151g\u00e9pek utolj\u00e1ra febru\u00e1rban, a jord\u00e1niaiak augusztusban t\u00e1madtak Sz\u00edri\u00e1ban, az om\u00e1niak pedig j\u00e1r\u0151r\u00f6znek ugyan, de a szerep\u00fck szer\u00e9ny.<br \/>\n    A nyugati sz\u00f6vets\u00e9gesek, k\u00f6zt\u00fck a franci\u00e1k \u00e9s az ausztr\u00e1lok hajtottak ugyan v\u00e9gre csap\u00e1sokat Sz\u00edri\u00e1ban, de t\u0171zerej\u00fcket f\u0151leg Irakra \u00f6sszpontos\u00edtj\u00e1k. A britek csak az ut\u00f3bbi orsz\u00e1gban t\u00e1madnak, Sz\u00edri\u00e1ban csak felder\u00edt\u0151 rep\u00fcl\u00e9seket hajtanak v\u00e9gre, Justin Trudeau kanadai minisztereln\u00f6k pedig v\u00e1laszt\u00e1si kamp\u00e1nya sor\u00e1n haz\u00e1ja harci g\u00e9peinek visszavon\u00e1s\u00e1t \u00edg\u00e9rte.<br \/>\n    Emellett a sz\u00f6vets\u00e9gesek egyike sem akar az Egyes\u00fclt \u00c1llamokhoz hasonl\u00f3an rep\u00fcl\u0151ket \u00e1llom\u00e1soztatni a t\u00f6r\u00f6korsz\u00e1gi incirliki b\u00e1zison, ami pedig a j\u00f3val r\u00f6videbb rep\u00fcl\u00e9si t\u00e1vols\u00e1g miatt jelent\u0151sen megk\u00f6nny\u00edthetn\u00e9 sz\u00e1mukra a t\u00e1mad\u00e1sok ind\u00edt\u00e1s\u00e1t.<br \/>\n    A lap \u00e1ltal k\u00f6z\u00f6lt \u00f6sszes\u00edt\u00e9s szerint az Egyes\u00fclt \u00c1llamok arab \u00e9s a nyugati sz\u00f6vets\u00e9gesei Sz\u00edri\u00e1ban a 2700 l\u00e9gicsap\u00e1s 5 sz\u00e1zal\u00e9k\u00e1t, Irakban pedig a 5100 t\u00e1mad\u00e1s 30 sz\u00e1zal\u00e9k\u00e1t hajtott\u00e1k v\u00e9gre.<br \/>\n    A Perzsa-\u00f6b\u00f6lben 2007 \u00f3ta el\u0151sz\u00f6r nem tart\u00f3zkodik amerikai rep\u00fcl\u0151g\u00e9p-hordoz\u00f3; a Theodore Rooseveltet, amelynek harci g\u00e9pei a l\u00e9gicsap\u00e1sok 10 sz\u00e1zal\u00e9k\u00e1t hajtott\u00e1k v\u00e9gre, okt\u00f3ber elej\u00e9n karbantart\u00e1sra visszarendelt\u00e9k. Franciaorsz\u00e1g cs\u00fct\u00f6rt\u00f6k\u00f6n jelentette be, hogy a hi\u00e1ny p\u00f3tl\u00e1s\u00e1ra a t\u00e9rs\u00e9gbe vez\u00e9nyli egyetlen rep\u00fcl\u0151g\u00e9p-hordoz\u00f3j\u00e1t. Ilyen oszt\u00e1ly\u00fa amerikai hadihaj\u00f3 december k\u00f6zep\u00e9n \u00e9rkezik ism\u00e9t a r\u00e9gi\u00f3ba.<br \/>\n    Charles Brown t\u00e1bornok, az I\u00c1 elleni l\u00e9gi hadj\u00e1rat parancsnoka a lapnak elmondta, hogy a l\u00e9gicsap\u00e1sok kiterjeszt\u00e9se az elk\u00f6vetkez\u0151 napokban Rakka, a dzsihadista szervezet sz\u00e9khelye k\u00f6rny\u00e9k\u00e9n v\u00e1rhat\u00f3, ahol \u00fajonnan felfegyverzett kurd \u00e9s arab egys\u00e9gek k\u00eds\u00e9relnek meg el\u0151renyomulni. Ugyancsak fokozz\u00e1k a t\u00e1mad\u00e1sokat az I\u00c1 olajl\u00e9tes\u00edtm\u00e9nyei, bombagy\u00e1rai \u00e9s egy\u00e9b kulcsfontoss\u00e1g\u00fa l\u00e9tes\u00edtm\u00e9nyei ellen.(MTI)<\/p>\n","protected":false},"excerpt":{"rendered":"<p>Mik\u00f6zben az Egyes\u00fclt \u00c1llamok az Iszl\u00e1m \u00c1llam (I\u00c1) elleni l\u00e9gicsap\u00e1sok fokoz\u00e1s\u00e1ra k\u00e9sz\u00fcl Sz\u00edri\u00e1ban, a nyugati sz\u00f6vets\u00e9gesek r\u00e9szv\u00e9tele korl\u00e1tozott, a dzsihadista szervezet elleni katonai fell\u00e9p\u00e9s elej\u00e9n akt\u00edvnak mutatkoz\u00f3 arab orsz\u00e1gok pedig j\u00f3r\u00e9szt elt\u00fcnedeztek &#8211; \u00edrta vas\u00e1rnapi besz\u00e1mol\u00f3j\u00e1ban a The New York Times c\u00edm\u0171 amerikai napilap.<\/p>\n","protected":false},"author":1,"featured_media":0,"comment_status":"open","ping_status":"closed","sticky":false,"template":"","format":"standard","meta":[],"categories":[16],"tags":[],"_links":{"self":[{"href":"https:\/\/gazdasagportal.hu\/index.php\/wp-json\/wp\/v2\/posts\/70289"}],"collection":[{"href":"https:\/\/gazdasagportal.hu\/index.php\/wp-json\/wp\/v2\/posts"}],"about":[{"href":"https:\/\/gazdasagportal.hu\/index.php\/wp-json\/wp\/v2\/types\/post"}],"author":[{"embeddable":true,"href":"https:\/\/gazdasagportal.hu\/index.php\/wp-json\/wp\/v2\/users\/1"}],"replies":[{"embeddable":true,"href":"https:\/\/gazdasagportal.hu\/index.php\/wp-json\/wp\/v2\/comments?post=70289"}],"version-history":[{"count":1,"href":"https:\/\/gazdasagportal.hu\/index.php\/wp-json\/wp\/v2\/posts\/70289\/revisions"}],"predecessor-version":[{"id":70290,"href":"https:\/\/gazdasagportal.hu\/index.php\/wp-json\/wp\/v2\/posts\/70289\/revisions\/70290"}],"wp:attachment":[{"href":"https:\/\/gazdasagportal.hu\/index.php\/wp-json\/wp\/v2\/media?parent=70289"}],"wp:term":[{"taxonomy":"category","embeddable":true,"href":"https:\/\/gazdasagportal.hu\/index.php\/wp-json\/wp\/v2\/categories?post=70289"},{"taxonomy":"post_tag","embeddable":true,"href":"https:\/\/gazdasagportal.hu\/index.php\/wp-json\/wp\/v2\/tags?post=70289"}],"curies":[{"name":"wp","href":"https:\/\/api.w.org\/{rel}","templated":true}]}}