{"id":70287,"date":"2015-11-09T04:22:17","date_gmt":"2015-11-09T03:22:17","guid":{"rendered":"http:\/\/gazdasagportal.hu\/?p=70287"},"modified":"2015-11-08T19:23:24","modified_gmt":"2015-11-08T18:23:24","slug":"20-celsius-fok-koruli-maximumok-johetnek","status":"publish","type":"post","link":"https:\/\/gazdasagportal.hu\/index.php\/20-celsius-fok-koruli-maximumok-johetnek\/","title":{"rendered":"20 Celsius-fok k\u00f6r\u00fcli maximumok j\u00f6hetnek"},"content":{"rendered":"<p><strong>A k\u00f6vetkez\u0151 napokban is folytat\u00f3dik a k\u00f6d\u00f6s, napos id\u0151j\u00e1r\u00e1s, helyenk\u00e9nt 20 Celsius-fok k\u00f6r\u00fcli maximumok is lehetnek. Emellett viszont t\u00f6bbsz\u00f6r meger\u0151s\u00f6dik a sz\u00e9l \u00e9s t\u00f6bbfel\u00e9 kisebb es\u0151 is lehet &#8211; der\u00fcl ki az Orsz\u00e1gos Meteorol\u00f3giai Szolg\u00e1lat vas\u00e1rnap az MTI-hez eljuttatott orsz\u00e1gos, k\u00f6z\u00e9pt\u00e1v\u00fa el\u0151rejelz\u00e9s\u00e9b\u0151l.<\/strong><!--more--><\/p>\n<div class=\"ads-in-post1\"><div id=\"gazdasagportal.hu_fullbanner_wideboard\"><\/div>\r\n<\/div>\n<p>    H\u00e9tf\u0151n az \u00e9jszaka k\u00e9pz\u0151d\u0151 k\u00f6d \u00e9s alacsonyszint\u0171 felh\u0151zet legtov\u00e1bb az Alf\u00f6ld keleti, \u00e9szakkeleti r\u00e9szein maradhat meg. \u00e9szak, \u00e9szaknyugat fel\u0151l t\u00f6bb felh\u0151 \u00e9rkezik, de lesznek hosszabb naposabb id\u0151szakok is. A d\u00e9lut\u00e1ni \u00f3r\u00e1kt\u00f3l elsz\u00f3rtan, nagyobb es\u00e9llyel a k\u00f6z\u00e9ps\u0151 \u00e9s keleti orsz\u00e1gr\u00e9szben alakulhat ki es\u0151, de a tart\u00f3san k\u00f6d\u00f6s t\u00e1jakon szit\u00e1l\u00e1s is el\u0151fordulhat. A Dun\u00e1nt\u00falon \u00e9s a k\u00f6z\u00e9ps\u0151 orsz\u00e1gr\u00e9szben, valamint az \u00c9szaki-k\u00f6z\u00e9phegys\u00e9g magasabb r\u00e9szein id\u0151nk\u00e9nt meg\u00e9l\u00e9nk\u00fclhet a sz\u00e9l. A legalacsonyabb h\u0151m\u00e9rs\u00e9klet m\u00ednusz 1 \u00e9s plusz 7 fok k\u00f6z\u00f6tt alakul. Az \u00e9szakkeleti hat\u00e1rsz\u00e9len s\u00fcllyedhet fagypont al\u00e1 a h\u0151m\u00e9rs\u00e9klet &#8211; tett\u00e9k hozz\u00e1. A legmagasabb h\u0151m\u00e9rs\u00e9klet a tart\u00f3sabban k\u00f6d\u00f6s, bor\u00fas t\u00e1jakon plusz 6-9, m\u00e1sutt 12-20 fok k\u00f6z\u00f6tt val\u00f3sz\u00edn\u0171 (a legmelegebb d\u00e9lnyugaton lehet).<br \/>\n    Kedden a Dun\u00e1nt\u00falon t\u00f6bb, m\u00e1sutt kevesebb naps\u00fct\u00e9s v\u00e1rhat\u00f3. \u00c9szakkeleten, keleten helyenk\u00e9nt kisebb es\u0151 kialakulhat. A sz\u00e9l meg\u00e9l\u00e9nk\u00fcl, f\u0151k\u00e9nt \u00e9szakon t\u00f6bbfel\u00e9 meg is er\u0151s\u00f6dik. A minimumh\u0151m\u00e9rs\u00e9klet 4-11, a maximumh\u0151m\u00e9rs\u00e9klet \u00e1ltal\u00e1ban 14-19 fok k\u00f6z\u00f6tt, \u00e9szakkeleten egy-k\u00e9t fokkal ez alatt alakul.<br \/>\n    Szerd\u00e1n reggel d\u00e9lnyugaton k\u00f6dfoltok lehetnek, legfeljebb \u00e9szakkeleten fordul el\u0151 egy-egy z\u00e1por. Emellett viszont t\u00f6bbnyire napos id\u0151re lehet sz\u00e1m\u00edtani. Az orsz\u00e1g k\u00f6z\u00e9ps\u0151 r\u00e9sz\u00e9n gyakran meg\u00e9l\u00e9nk\u00fcl, n\u00e9hol m\u00e9g meger\u0151s\u00f6dik a sz\u00e9l. A leghidegebb \u00f3r\u00e1kban 4-10 fok lehet. Napk\u00f6zben 14-19 fokig melegszik a leveg\u0151.<br \/>\n    Cs\u00fct\u00f6rt\u00f6k\u00f6n a k\u00f6dfoltok nagyr\u00e9szt d\u00e9lel\u0151tt feloszlanak, \u00e9s orsz\u00e1gszerte t\u00f6bbnyire napos id\u0151re lehet sz\u00e1m\u00edtani, csapad\u00e9k nem val\u00f3sz\u00edn\u0171. A legalacsonyabb h\u0151m\u00e9rs\u00e9klet plusz 3-8, a legmagasabb h\u0151m\u00e9rs\u00e9klet 12-18 fok k\u00f6z\u00f6tt val\u00f3sz\u00edn\u0171. \u00c9szakkeleten lesz a h\u0171v\u00f6sebb.<br \/>\n    P\u00e9ntekre virrad\u00f3ra t\u00f6bb helyen megmaradhat a k\u00f6d, de lesznek napos ter\u00fcletek is, legfeljebb a k\u00f6dben fordulhat el\u0151 szit\u00e1l\u00e1s. A leghidegebb \u00f3r\u00e1kban plusz 1-7 fok lehet. Napk\u00f6zben jellemz\u0151en 10-15 v\u00e1rhat\u00f3, de a tart\u00f3sabban k\u00f6d\u00f6s r\u00e9szeken azonban 10 fok alatt maradnak a maximumok.<br \/>\n    Szombaton \u00e1tmenetileg megn\u00f6vekszik a felh\u0151zet, \u00e9s helyenk\u00e9nt z\u00e1pores\u0151 is kialakulhat. Emellett meger\u0151s\u00f6dik, id\u0151nk\u00e9nt vihaross\u00e1 fokoz\u00f3dik a sz\u00e9l is. A legalacsonyabb h\u0151m\u00e9rs\u00e9klet 2-9, a legmagasabb h\u0151m\u00e9rs\u00e9klet 9-13 fok k\u00f6z\u00f6tt alakul.<br \/>\n    Vas\u00e1rnap megvastagszik a felh\u0151zet, els\u0151sorban \u00e9szakon kisebb es\u0151 is lehet, s olykor meg\u00e9l\u00e9nk\u00fclhet a l\u00e9gmozg\u00e1s is. A leghidegebb \u00f3r\u00e1kban 0 \u00e9s plusz 6 fok k\u00f6z\u00f6tt, napk\u00f6zben 8-13 fok k\u00f6z\u00f6tt alakul a h\u0151m\u00e9rs\u00e9klet &#8211; olvashat\u00f3 az el\u0151rejelz\u00e9sben.(MTI)<\/p>\n","protected":false},"excerpt":{"rendered":"<p>A k\u00f6vetkez\u0151 napokban is folytat\u00f3dik a k\u00f6d\u00f6s, napos id\u0151j\u00e1r\u00e1s, helyenk\u00e9nt 20 Celsius-fok k\u00f6r\u00fcli maximumok is lehetnek. Emellett viszont t\u00f6bbsz\u00f6r meger\u0151s\u00f6dik a sz\u00e9l \u00e9s t\u00f6bbfel\u00e9 kisebb es\u0151 is lehet &#8211; der\u00fcl ki az Orsz\u00e1gos Meteorol\u00f3giai Szolg\u00e1lat vas\u00e1rnap az MTI-hez eljuttatott orsz\u00e1gos, k\u00f6z\u00e9pt\u00e1v\u00fa el\u0151rejelz\u00e9s\u00e9b\u0151l.<\/p>\n","protected":false},"author":1,"featured_media":0,"comment_status":"open","ping_status":"closed","sticky":false,"template":"","format":"standard","meta":[],"categories":[4],"tags":[],"_links":{"self":[{"href":"https:\/\/gazdasagportal.hu\/index.php\/wp-json\/wp\/v2\/posts\/70287"}],"collection":[{"href":"https:\/\/gazdasagportal.hu\/index.php\/wp-json\/wp\/v2\/posts"}],"about":[{"href":"https:\/\/gazdasagportal.hu\/index.php\/wp-json\/wp\/v2\/types\/post"}],"author":[{"embeddable":true,"href":"https:\/\/gazdasagportal.hu\/index.php\/wp-json\/wp\/v2\/users\/1"}],"replies":[{"embeddable":true,"href":"https:\/\/gazdasagportal.hu\/index.php\/wp-json\/wp\/v2\/comments?post=70287"}],"version-history":[{"count":1,"href":"https:\/\/gazdasagportal.hu\/index.php\/wp-json\/wp\/v2\/posts\/70287\/revisions"}],"predecessor-version":[{"id":70288,"href":"https:\/\/gazdasagportal.hu\/index.php\/wp-json\/wp\/v2\/posts\/70287\/revisions\/70288"}],"wp:attachment":[{"href":"https:\/\/gazdasagportal.hu\/index.php\/wp-json\/wp\/v2\/media?parent=70287"}],"wp:term":[{"taxonomy":"category","embeddable":true,"href":"https:\/\/gazdasagportal.hu\/index.php\/wp-json\/wp\/v2\/categories?post=70287"},{"taxonomy":"post_tag","embeddable":true,"href":"https:\/\/gazdasagportal.hu\/index.php\/wp-json\/wp\/v2\/tags?post=70287"}],"curies":[{"name":"wp","href":"https:\/\/api.w.org\/{rel}","templated":true}]}}