{"id":70103,"date":"2015-11-05T09:27:12","date_gmt":"2015-11-05T08:27:12","guid":{"rendered":"http:\/\/gazdasagportal.hu\/?p=70103"},"modified":"2015-11-05T07:38:26","modified_gmt":"2015-11-05T06:38:26","slug":"dizelbotrany-leminositette-a-volkswagent-a-moodys","status":"publish","type":"post","link":"https:\/\/gazdasagportal.hu\/index.php\/dizelbotrany-leminositette-a-volkswagent-a-moodys\/","title":{"rendered":"D\u00edzelbotr\u00e1ny &#8211; Lemin\u0151s\u00edtette a Volkswagent a Moody&#8217;s"},"content":{"rendered":"<p><strong>Lemin\u0151s\u00edtette szerd\u00e1n a Volkswagen-csoport ad\u00f3soszt\u00e1lyzatait a Moody&#8217;s Investors Service, els\u0151sorban azzal a v\u00e9lem\u00e9ny\u00e9vel indokolva a l\u00e9p\u00e9st, hogy a n\u00e9met aut\u00f3gy\u00e1r eszkal\u00e1l\u00f3d\u00f3 teszteredm\u00e9ny-hamis\u00edt\u00e1si botr\u00e1nya egyre nagyobb kock\u00e1zatokkal terheli a c\u00e9g meg\u00edt\u00e9l\u00e9s\u00e9t \u00e9s j\u00f6v\u0151beni j\u00f6vedelmez\u0151s\u00e9g\u00e9t.<\/strong><!--more--><\/p>\n<div class=\"ads-in-post1\"><div id=\"gazdasagportal.hu_fullbanner_wideboard\"><\/div>\r\n<\/div>\n<p>    A nemzetk\u00f6zi hitelmin\u0151s\u00edt\u0151 szerda este Londonban bejelentette, hogy a j\u00e1rm\u0171ipari csoport hossz\u00fa futam\u00fa k\u00f6telezetts\u00e9geinek besorol\u00e1s\u00e1t az eddigi &#8222;A2\/(P)A2&#8221;-r\u0151l egy fokozattal &#8222;A3\/(P)A3&#8221;-ra, a r\u00f6vid lej\u00e1rat\u00fa ad\u00f3ss\u00e1gpap\u00edrok oszt\u00e1lyzat\u00e1t &#8222;Prime-1\/(P)Prime-1&#8221;-r\u0151l szint\u00e9n egy fokozattal &#8222;Prime-2\/(P)Prime-2&#8221;-re rontotta.<br \/>\n    A Moody&#8217;s az \u00f6sszes \u00faj oszt\u00e1lyzaton tov\u00e1bbi lemin\u0151s\u00edt\u00e9s lehet\u0151s\u00e9g\u00e9re utal\u00f3 negat\u00edv kil\u00e1t\u00e1st hagyott \u00e9rv\u00e9nyben.<br \/>\n    Az &#8222;A3&#8221; hossz\u00fa t\u00e1v\u00fa besorol\u00e1si kateg\u00f3ria az els\u0151rend\u0171 &#8222;A&#8221; oszt\u00e1lyzati s\u00e1v als\u00f3 sz\u00e9le a Moody&#8217;s min\u0151s\u00edt\u00e9si m\u00f3dszertan\u00e1ban. Ha a c\u00e9g innen tov\u00e1bb rontja a VW besorol\u00e1sait, a n\u00e9met aut\u00f3gy\u00e1r enn\u00e9l a hitelmin\u0151s\u00edt\u0151n\u00e9l \u00e1tker\u00fclne a gyeng\u00e9bb befektet\u00e9si aj\u00e1nl\u00e1s\u00fa &#8222;Baa&#8221; s\u00e1vba.<br \/>\n    A m\u00e1sik k\u00e9t nagy hitelmin\u0151s\u00edt\u0151, a Standard &#038; Poor&#8217;s \u00e9s a Fitch Ratings enn\u00e9l egy fokozattal jobb besorol\u00e1ssal, b\u00e1r szint\u00e9n negat\u00edv kil\u00e1t\u00e1ssal tartja nyilv\u00e1n a Volkswagent.<br \/>\n    A szerdai lemin\u0151s\u00edt\u00e9s indokl\u00e1s\u00e1ban a Moody&#8217;s kiemelte: egyre nagyobb kock\u00e1zatok terhelik a Volkswagen h\u00edrnev\u00e9t \u00e9s p\u00e9nz\u00fcgyi eredm\u00e9nyeit, k\u00fcl\u00f6n\u00f6sen annak nyom\u00e1n, hogy most m\u00e1r a VW-j\u00e1rm\u0171vek sz\u00e9ndioxid-kibocs\u00e1t\u00e1si \u00e9rt\u00e9keivel \u00e9s \u00fczemanyag-fogyaszt\u00e1s\u00e1val kapcsolatban is k\u00e9ts\u00e9gek mer\u00fcltek fel. Emellett a botr\u00e1nyt eredetileg kirobbant\u00f3 amerikai K\u00f6rnyezetv\u00e9delmi \u00dcgyn\u00f6ks\u00e9g (EPA) \u00fajabb v\u00e1djai szerint a teszteredm\u00e9ny-hamis\u00edt\u00f3 szoftvert a VW-csoport egyes Audi-, Porsche- \u00e9s Touareg modelljeibe is telep\u00edtett\u00e9k.<br \/>\n    A Moody&#8217;s szerint ezek az \u00faj v\u00e1dak tov\u00e1bbi kih\u00edv\u00e1sokat jelentenek a Volkswagen p\u00e9nz\u00fcgyi rugalmass\u00e1g\u00e1val \u00e9s versenyk\u00e9pess\u00e9gi helyzet\u00e9vel szemben, \u00e9s er\u0151s\u00edtik a hitelmin\u0151s\u00edt\u0151 \u00e1ltal a VW bels\u0151 ellen\u0151rz\u00e9si rendszer\u00e9nek \u00e9s v\u00e1llalatir\u00e1ny\u00edt\u00e1si gyakorlat\u00e1nak probl\u00e9m\u00e1ival kapcsolatban t\u00e1pl\u00e1lt agg\u00e1lyokat. Mindez tov\u00e1bb gyeng\u00edti a VW besorol\u00e1si profilj\u00e1t &#8211; hangs\u00falyozza a Moody&#8217;s.<br \/>\n    A hitelmin\u0151s\u00edt\u0151 kiemeli, hogy az EPA \u00fajabb v\u00e1djai ez\u00fattal olyan fels\u0151 kateg\u00f3ri\u00e1j\u00fa modelleket \u00e9rintenek, mint a 2014-es Volkswagen Touareg, a 2015-\u00f6s Porsche Cayenne, valamint a 2016-os Audi A6 Quattro, A7 Quattro, A8, A8L \u00e9s Q5.<br \/>\n    A Moody&#8217;s szerint ez azt jelenti, hogy az amerikai k\u00f6rnyezetv\u00e9delmi hat\u00f3s\u00e1g vizsg\u00e1lat\u00e1nak c\u00e9lkeresztj\u00e9be ker\u00fcltek a VW-csoport leg\u00fajabb fejleszt\u00e9s\u0171 d\u00edzelmotorjai, emellett a n\u00e9met j\u00e1rm\u0171ipari konglomer\u00e1tum pr\u00e9miumkateg\u00f3ri\u00e1s m\u00e1rk\u00e1i is, vagyis az Audi \u00e9s a Porsche, amelyek az \u00f6sszes modell k\u00f6z\u00fcl a legnagyobb ar\u00e1nyban j\u00e1rulnak hozz\u00e1 a c\u00e9g j\u00f6vedelmez\u0151s\u00e9g\u00e9hez.<br \/>\n    Az EPA leg\u00fajabb bejelent\u00e9sei is al\u00e1t\u00e1masztj\u00e1k a Moody&#8217;s azon agg\u00e1ly\u00e1t, hogy a VW-csoportonak elh\u00faz\u00f3d\u00f3 vizsg\u00e1latokkal kell sz\u00e1molnia, \u00e9s e vizsg\u00e1latoknak val\u00f3sz\u00edn\u0171leg k\u00f6lts\u00e9ges v\u00e9gkimenetele lesz, nem csup\u00e1n a v\u00e1rhat\u00f3 b\u00edrs\u00e1gok, hanem az esetleges szigor\u00fabb j\u00f6v\u0151beni hat\u00f3s\u00e1gi ellen\u0151rz\u00e9sek \u00e9s korl\u00e1toz\u00e1sok miatt &#8211; \u00e1ll a hitelmin\u0151s\u00edt\u0151 elemz\u00e9s\u00e9ben.<br \/>\n    A Moody&#8217;s szerint ezek az \u00faj fejlem\u00e9nyek tov\u00e1bbi kock\u00e1zatokat jelentenek a Volkswagen meg\u00edt\u00e9l\u00e9s\u00e9re, j\u00f6v\u0151beni elad\u00e1saira \u00e9s p\u00e9nz\u00fcgyi helyzet\u00e9re, emellett s\u00falyos bels\u0151 ellen\u0151rz\u00e9si \u00e9s v\u00e1llalatvezet\u00e9si probl\u00e9m\u00e1kra is vallanak, \u00e9s e probl\u00e9m\u00e1k a kezdetben felt\u00e9telezettn\u00e9l kiterjedtebbnek is bizonyulhatnak.(MTI)<\/p>\n","protected":false},"excerpt":{"rendered":"<p>Lemin\u0151s\u00edtette szerd\u00e1n a Volkswagen-csoport ad\u00f3soszt\u00e1lyzatait a Moody&#8217;s Investors Service, els\u0151sorban azzal a v\u00e9lem\u00e9ny\u00e9vel indokolva a l\u00e9p\u00e9st, hogy a n\u00e9met aut\u00f3gy\u00e1r eszkal\u00e1l\u00f3d\u00f3 teszteredm\u00e9ny-hamis\u00edt\u00e1si botr\u00e1nya egyre nagyobb kock\u00e1zatokkal terheli a c\u00e9g meg\u00edt\u00e9l\u00e9s\u00e9t \u00e9s j\u00f6v\u0151beni j\u00f6vedelmez\u0151s\u00e9g\u00e9t.<\/p>\n","protected":false},"author":1,"featured_media":0,"comment_status":"open","ping_status":"closed","sticky":false,"template":"","format":"standard","meta":[],"categories":[8],"tags":[],"_links":{"self":[{"href":"https:\/\/gazdasagportal.hu\/index.php\/wp-json\/wp\/v2\/posts\/70103"}],"collection":[{"href":"https:\/\/gazdasagportal.hu\/index.php\/wp-json\/wp\/v2\/posts"}],"about":[{"href":"https:\/\/gazdasagportal.hu\/index.php\/wp-json\/wp\/v2\/types\/post"}],"author":[{"embeddable":true,"href":"https:\/\/gazdasagportal.hu\/index.php\/wp-json\/wp\/v2\/users\/1"}],"replies":[{"embeddable":true,"href":"https:\/\/gazdasagportal.hu\/index.php\/wp-json\/wp\/v2\/comments?post=70103"}],"version-history":[{"count":1,"href":"https:\/\/gazdasagportal.hu\/index.php\/wp-json\/wp\/v2\/posts\/70103\/revisions"}],"predecessor-version":[{"id":70104,"href":"https:\/\/gazdasagportal.hu\/index.php\/wp-json\/wp\/v2\/posts\/70103\/revisions\/70104"}],"wp:attachment":[{"href":"https:\/\/gazdasagportal.hu\/index.php\/wp-json\/wp\/v2\/media?parent=70103"}],"wp:term":[{"taxonomy":"category","embeddable":true,"href":"https:\/\/gazdasagportal.hu\/index.php\/wp-json\/wp\/v2\/categories?post=70103"},{"taxonomy":"post_tag","embeddable":true,"href":"https:\/\/gazdasagportal.hu\/index.php\/wp-json\/wp\/v2\/tags?post=70103"}],"curies":[{"name":"wp","href":"https:\/\/api.w.org\/{rel}","templated":true}]}}