{"id":70097,"date":"2015-11-05T08:54:20","date_gmt":"2015-11-05T07:54:20","guid":{"rendered":"http:\/\/gazdasagportal.hu\/?p=70097"},"modified":"2015-11-05T07:31:22","modified_gmt":"2015-11-05T06:31:22","slug":"gyj-2015-q3-csokkent-a-magyar-telekom-nyeresege-a-harmadik-negyedevben","status":"publish","type":"post","link":"https:\/\/gazdasagportal.hu\/index.php\/gyj-2015-q3-csokkent-a-magyar-telekom-nyeresege-a-harmadik-negyedevben\/","title":{"rendered":"GYJ 2015 Q3:  Cs\u00f6kkent a Magyar Telekom nyeres\u00e9ge a harmadik negyed\u00e9vben"},"content":{"rendered":"<p><strong>Az elemz\u0151i v\u00e1rakoz\u00e1soknak megfelel\u0151 harmadik negyed\u00e9ves eredm\u00e9nyekr\u0151l sz\u00e1molt be a Magyar Telekom szerd\u00e1n, a t\u00e1vk\u00f6zl\u00e9si szolg\u00e1ltat\u00f3 jav\u00edtott idei \u00e9ves p\u00e9nz\u00fcgyi c\u00e9lkit\u0171z\u00e9sein.<\/strong><!--more--><\/p>\n<div class=\"ads-in-post1\"><div id=\"gazdasagportal.hu_fullbanner_wideboard\"><\/div>\r\n<\/div>\n<p>     A konszolid\u00e1lt, a nemzetk\u00f6zi p\u00e9nz\u00fcgyi jelent\u00e9si szabv\u00e1nyok (IFRS) alapj\u00e1n k\u00e9sz\u00fclt jelent\u00e9s szerint a Telekom nett\u00f3 eredm\u00e9nye 12,4 sz\u00e1zal\u00e9kkal 9,34 milli\u00e1rd forintra cs\u00f6kkent, \u00e1rbev\u00e9tele 0,3 sz\u00e1zal\u00e9kkal 158,0 milli\u00e1rd forintra emelkedett a harmadik negyed\u00e9vben a tavalyi \u00e9v azonos id\u0151szak\u00e1hoz k\u00e9pest. Az EBITDA (kamatok, ad\u00f3fizet\u00e9s \u00e9s \u00e9rt\u00e9kcs\u00f6kken\u00e9si le\u00edr\u00e1s el\u0151tti) eredm\u00e9ny 0,6 sz\u00e1zal\u00e9kkal cs\u00f6kkent, 48,93 milli\u00e1rd forint lett.<br \/>\n    A t\u00e1rsas\u00e1g az \u00e9v els\u0151 kilenc h\u00f3napj\u00e1ban 473,46 milli\u00e1rd forint \u00e1rbev\u00e9telt \u00e9rt el, ami 2,7 sz\u00e1zal\u00e9kkal nagyobb a b\u00e1zisid\u0151szakin\u00e1l, ad\u00f3zott nyeres\u00e9ge 10 sz\u00e1zal\u00e9kkal 24,36 milli\u00e1rd forintra cs\u00f6kkent, m\u00edg az EBITDA 3 sz\u00e1zal\u00e9kkal javult, 143,57 milli\u00e1rd forintot tett ki.<br \/>\n    A kilenc havi eredm\u00e9nyek alapj\u00e1n t\u00e1rsas\u00e1g jav\u00edtott \u00e9ves el\u0151rejelz\u00e9s\u00e9n \u00e9s a tavalyival megegyez\u0151 EBITDA-eredm\u00e9nyre sz\u00e1m\u00edt, m\u00edg kor\u00e1bban legfeljebb 3 sz\u00e1zal\u00e9kos cs\u00f6kken\u00e9st prognosztiz\u00e1lt. Emellett tov\u00e1bbra is a tavalyival k\u00f6zel azonos nagys\u00e1g\u00fa \u00e1rbev\u00e9tellel sz\u00e1mol 2015-ben, \u00e9s mintegy 105 milli\u00e1rd forintot sz\u00e1n beruh\u00e1z\u00e1sokra az id\u00e9n a tavalyi 86,8 milli\u00e1rd forint ut\u00e1n.<br \/>\n    A t\u00e1rsas\u00e1g egy r\u00e9szv\u00e9nyre jut\u00f3 eredm\u00e9nye 23,37 forint volt az els\u0151 kilenc h\u00f3napban, m\u00edg tavaly ugyanebben az id\u0151szakban 25,97 forint.<br \/>\n    Christopher Mattheisen vez\u00e9rigazgat\u00f3 a k\u00f6zlem\u00e9nyben \u00fagy nyilatkozott: &#8222;ebben a negyed\u00e9vben sikeresen visszat\u00e9rt\u00fcnk a pozit\u00edv free cash-flow termel\u00e9shez, ami alapul szolg\u00e1l majd ahhoz, hogy az ez \u00e9vi eredm\u00e9nyeink ut\u00e1n \u00fajra fizethess\u00fcnk osztal\u00e9kot&#8221;.<br \/>\n    A h\u00e1romnegyed\u00e9ves EBITDA n\u00f6veked\u00e9s\u00e9t a vez\u00e9rigazgat\u00f3 a bev\u00e9telek n\u00f6veked\u00e9s\u00e9vel, az alacsonyabb k\u00f6vetel\u00e9sek \u00e9rt\u00e9kveszt\u00e9s\u00e9vel, valamint a szem\u00e9lyi jelleg\u0171 k\u00f6lts\u00e9geken el\u00e9rt jelent\u0151s megtakar\u00edt\u00e1sokkal magyar\u00e1zta. Hozz\u00e1f\u0171zte, hogy a 2015-re tervezett magyarorsz\u00e1gi v\u00e9gkiel\u00e9g\u00edt\u00e9sekkel kapcsolatos k\u00f6zel 8 milli\u00e1rd forint fel\u00e9t a v\u00e1llalat lek\u00f6nyvelte a harmadik negyed\u00e9vben, az \u00f6sszeg m\u00e1sik fele pedig v\u00e1rhat\u00f3an a negyedik negyed\u00e9vben lesz lek\u00f6nyvelve.<br \/>\n    A Telekom mobil bev\u00e9telei 4,4 sz\u00e1zal\u00e9kkal cs\u00f6kkentek a harmadik negyed\u00e9vben az egy \u00e9vvel kor\u00e1bbihoz k\u00e9pest, ezen bel\u00fcl azonban a mobil adatbev\u00e9telek jelent\u0151sen emelkedtek. A vezet\u00e9kes szegmens bev\u00e9telei 2 sz\u00e1zal\u00e9kkal n\u0151ttek, k\u00f6sz\u00f6nhet\u0151en a vezet\u00e9kes sz\u00e9less\u00e1v\u00fa kiskereskedelmi, valamint a TV \u00e9s k\u00e9sz\u00fcl\u00e9k\u00e9rt\u00e9kes\u00edt\u00e9si bev\u00e9telek emelked\u00e9s\u00e9nek.<br \/>\n    A rendszerintegr\u00e1ci\u00f3 \u00e9s inform\u00e1ci\u00f3technol\u00f3giai bev\u00e9telek 16,5 sz\u00e1zal\u00e9kkal haladt\u00e1k meg a 2014. harmadik negyed\u00e9vit, az energiaszolg\u00e1ltat\u00e1sb\u00f3l sz\u00e1rmaz\u00f3 bev\u00e9telek pedig 7,9 sz\u00e1zal\u00e9kkal n\u0151ttek.<br \/>\n    A szabad cash flow 16,9 milli\u00e1rd forintra romlott 2015 szeptember v\u00e9g\u00e9re a 2014. harmadik negyed\u00e9vi 24,2 milli\u00e1rd forintr\u00f3l.<br \/>\n     A nett\u00f3 ad\u00f3ss\u00e1g\u00e1llom\u00e1ny a 2014. harmadik negyed\u00e9vi 418,4 milli\u00e1rd forintr\u00f3l 425,7 milli\u00e1rd forintra n\u0151tt szeptember v\u00e9g\u00e9re, cs\u00f6kkent viszont az els\u0151 f\u00e9l \u00e9v v\u00e9gi 447,2 milli\u00e1rd forinthoz k\u00e9pest.<br \/>\n    A nett\u00f3 elad\u00f3sodotts\u00e1gi r\u00e1ta 43,9 sz\u00e1zal\u00e9kra cs\u00f6kkent a m\u00e1sodik negyed\u00e9v v\u00e9gi 45,6 sz\u00e1zal\u00e9khoz, illetve az egy \u00e9vvel kor\u00e1bbi 44,6 sz\u00e1zal\u00e9khoz k\u00e9pest.<br \/>\n    A Magyar Telekom r\u00e9szv\u00e9nyeivel a Budapesti \u00c9rt\u00e9kt\u0151zsde pr\u00e9mium kateg\u00f3ri\u00e1j\u00e1ban kereskednek, a pap\u00edr a szerdai keresked\u00e9st 1 forintos gyeng\u00fcl\u00e9ssel, 392 forinton z\u00e1rta. Az elm\u00falt egy \u00e9vben a legmagasabb \u00e1rfolyama 434 forint, a legalacsonyabb 325 forint volt.(MTI)<\/p>\n","protected":false},"excerpt":{"rendered":"<p>Az elemz\u0151i v\u00e1rakoz\u00e1soknak megfelel\u0151 harmadik negyed\u00e9ves eredm\u00e9nyekr\u0151l sz\u00e1molt be a Magyar Telekom szerd\u00e1n, a t\u00e1vk\u00f6zl\u00e9si szolg\u00e1ltat\u00f3 jav\u00edtott idei \u00e9ves p\u00e9nz\u00fcgyi c\u00e9lkit\u0171z\u00e9sein.<\/p>\n","protected":false},"author":1,"featured_media":18465,"comment_status":"open","ping_status":"closed","sticky":false,"template":"","format":"standard","meta":[],"categories":[146,400,7,47],"tags":[],"_links":{"self":[{"href":"https:\/\/gazdasagportal.hu\/index.php\/wp-json\/wp\/v2\/posts\/70097"}],"collection":[{"href":"https:\/\/gazdasagportal.hu\/index.php\/wp-json\/wp\/v2\/posts"}],"about":[{"href":"https:\/\/gazdasagportal.hu\/index.php\/wp-json\/wp\/v2\/types\/post"}],"author":[{"embeddable":true,"href":"https:\/\/gazdasagportal.hu\/index.php\/wp-json\/wp\/v2\/users\/1"}],"replies":[{"embeddable":true,"href":"https:\/\/gazdasagportal.hu\/index.php\/wp-json\/wp\/v2\/comments?post=70097"}],"version-history":[{"count":1,"href":"https:\/\/gazdasagportal.hu\/index.php\/wp-json\/wp\/v2\/posts\/70097\/revisions"}],"predecessor-version":[{"id":70098,"href":"https:\/\/gazdasagportal.hu\/index.php\/wp-json\/wp\/v2\/posts\/70097\/revisions\/70098"}],"wp:featuredmedia":[{"embeddable":true,"href":"https:\/\/gazdasagportal.hu\/index.php\/wp-json\/wp\/v2\/media\/18465"}],"wp:attachment":[{"href":"https:\/\/gazdasagportal.hu\/index.php\/wp-json\/wp\/v2\/media?parent=70097"}],"wp:term":[{"taxonomy":"category","embeddable":true,"href":"https:\/\/gazdasagportal.hu\/index.php\/wp-json\/wp\/v2\/categories?post=70097"},{"taxonomy":"post_tag","embeddable":true,"href":"https:\/\/gazdasagportal.hu\/index.php\/wp-json\/wp\/v2\/tags?post=70097"}],"curies":[{"name":"wp","href":"https:\/\/api.w.org\/{rel}","templated":true}]}}