{"id":70080,"date":"2015-11-05T05:44:45","date_gmt":"2015-11-05T04:44:45","guid":{"rendered":"http:\/\/gazdasagportal.hu\/?p=70080"},"modified":"2015-11-04T21:39:33","modified_gmt":"2015-11-04T20:39:33","slug":"kulfoldi-lapok-magyarorszagrol-magyarorszag-bebizonyitotta-hogy-pengedrot-telepitesevel-el-tudja-szigetelni-magat-a-menekultvalsagtol","status":"publish","type":"post","link":"https:\/\/gazdasagportal.hu\/index.php\/kulfoldi-lapok-magyarorszagrol-magyarorszag-bebizonyitotta-hogy-pengedrot-telepitesevel-el-tudja-szigetelni-magat-a-menekultvalsagtol\/","title":{"rendered":"K\u00fclf\u00f6ldi lapok Magyarorsz\u00e1gr\u00f3l &#8211; Magyarorsz\u00e1g bebizony\u00edtotta, hogy pengedr\u00f3t telep\u00edt\u00e9s\u00e9vel el tudja szigetelni mag\u00e1t a menek\u00fcltv\u00e1ls\u00e1gt\u00f3l"},"content":{"rendered":"<p><strong>Magyarorsz\u00e1g bebizony\u00edtotta, hogy pengedr\u00f3t telep\u00edt\u00e9s\u00e9vel \u00e9s az azon \u00e1thalad\u00f3k hossz\u00fa b\u00f6rt\u00f6nb\u00fcntet\u00e9ssel val\u00f3 fenyeget\u00e9s\u00e9vel nagyr\u00e9szt el tudja szigetelni mag\u00e1t a menek\u00fcltv\u00e1ls\u00e1gt\u00f3l &#8211; \u00edrta kedden a The Washington Post.<\/strong><!--more--><\/p>\n<div class=\"ads-in-post1\"><div id=\"gazdasagportal.hu_fullbanner_wideboard\"><\/div>\r\n<\/div>\n<p>    Az orsz\u00e1g l\u00e9p\u00e9sei &#8222;a menek\u00fcltv\u00e1ls\u00e1g terh\u00e9t a szomsz\u00e9dokra h\u00e1r\u00edtott\u00e1k&#8221;, ami a lap szerint arra k\u00eds\u00e9rtette ezen \u00e1llamok vezet\u0151it, hogy \u0151k is meg\u00e9p\u00edts\u00e9k a saj\u00e1t ker\u00edt\u00e9seiket.<br \/>\n    &#8222;Ahogy n\u00f6vekszik a (migr\u00e1nsok) sz\u00e1m(a), az orsz\u00e1gok K\u00f6z\u00e9p- \u00e9s D\u00e9l-Eur\u00f3pa szerte idegesen f\u00fcrk\u00e9szik egym\u00e1st, att\u00f3l f\u00e9lve, hogy b\u00e1rmelyik hat\u00e1r hirtelen lez\u00e1r\u00e1sa domin\u00f3hat\u00e1st ind\u00edthat el a r\u00e9gi\u00f3ban, amely miatt emberek t\u00edz- \u00e9s sz\u00e1zezrei lesznek szorult helyzetben \u00e9s d\u00fch\u00f6sek, t\u00e1vol a kontinens \u00e9szaki r\u00e9sz\u00e9n l\u00e9v\u0151, t\u00e1voli \u00fati c\u00e9ljukt\u00f3l&#8221;  &#8211; \u00e1ll az \u00fajs\u00e1gnak a r\u00e9gi\u00f3t terhel\u0151 v\u00e1ls\u00e1gr\u00f3l sz\u00f3l\u00f3 besz\u00e1mol\u00f3j\u00e1ban. (MTI)<br \/>\nhttps:\/\/www.washingtonpost.com\/world\/europe\/along-the-migrant-trail-pressure-grows-to-close-europes-open-borders\/2015\/11\/02\/31fdfc30-7cc2-11e5-bfb6-65300a5ff562_story.html<\/p>\n","protected":false},"excerpt":{"rendered":"<p>Magyarorsz\u00e1g bebizony\u00edtotta, hogy pengedr\u00f3t telep\u00edt\u00e9s\u00e9vel \u00e9s az azon \u00e1thalad\u00f3k hossz\u00fa b\u00f6rt\u00f6nb\u00fcntet\u00e9ssel val\u00f3 fenyeget\u00e9s\u00e9vel nagyr\u00e9szt el tudja szigetelni mag\u00e1t a menek\u00fcltv\u00e1ls\u00e1gt\u00f3l &#8211; \u00edrta kedden a The Washington Post.<\/p>\n","protected":false},"author":1,"featured_media":60602,"comment_status":"open","ping_status":"closed","sticky":false,"template":"","format":"standard","meta":[],"categories":[146,4],"tags":[],"_links":{"self":[{"href":"https:\/\/gazdasagportal.hu\/index.php\/wp-json\/wp\/v2\/posts\/70080"}],"collection":[{"href":"https:\/\/gazdasagportal.hu\/index.php\/wp-json\/wp\/v2\/posts"}],"about":[{"href":"https:\/\/gazdasagportal.hu\/index.php\/wp-json\/wp\/v2\/types\/post"}],"author":[{"embeddable":true,"href":"https:\/\/gazdasagportal.hu\/index.php\/wp-json\/wp\/v2\/users\/1"}],"replies":[{"embeddable":true,"href":"https:\/\/gazdasagportal.hu\/index.php\/wp-json\/wp\/v2\/comments?post=70080"}],"version-history":[{"count":1,"href":"https:\/\/gazdasagportal.hu\/index.php\/wp-json\/wp\/v2\/posts\/70080\/revisions"}],"predecessor-version":[{"id":70081,"href":"https:\/\/gazdasagportal.hu\/index.php\/wp-json\/wp\/v2\/posts\/70080\/revisions\/70081"}],"wp:featuredmedia":[{"embeddable":true,"href":"https:\/\/gazdasagportal.hu\/index.php\/wp-json\/wp\/v2\/media\/60602"}],"wp:attachment":[{"href":"https:\/\/gazdasagportal.hu\/index.php\/wp-json\/wp\/v2\/media?parent=70080"}],"wp:term":[{"taxonomy":"category","embeddable":true,"href":"https:\/\/gazdasagportal.hu\/index.php\/wp-json\/wp\/v2\/categories?post=70080"},{"taxonomy":"post_tag","embeddable":true,"href":"https:\/\/gazdasagportal.hu\/index.php\/wp-json\/wp\/v2\/tags?post=70080"}],"curies":[{"name":"wp","href":"https:\/\/api.w.org\/{rel}","templated":true}]}}