{"id":70066,"date":"2015-11-05T04:04:27","date_gmt":"2015-11-05T03:04:27","guid":{"rendered":"http:\/\/gazdasagportal.hu\/?p=70066"},"modified":"2015-11-05T06:14:46","modified_gmt":"2015-11-05T05:14:46","slug":"legi-katasztrofa-az-iszlam-allam-ujbol-jelentkezett-az-orosz-gep-elleni-allitolagos-merenylet-elkovetojekent","status":"publish","type":"post","link":"https:\/\/gazdasagportal.hu\/index.php\/legi-katasztrofa-az-iszlam-allam-ujbol-jelentkezett-az-orosz-gep-elleni-allitolagos-merenylet-elkovetojekent\/","title":{"rendered":"Az Iszl\u00e1m \u00c1llam \u00fajb\u00f3l jelentkezett az orosz g\u00e9p elleni \u00e1ll\u00edt\u00f3lagos mer\u00e9nylet elk\u00f6vet\u0151jek\u00e9nt"},"content":{"rendered":"<p><strong>Az Iszl\u00e1m \u00c1llam (I\u00c1) egyiptomi \u00e1ga fenyeget\u0151 hangv\u00e9tel\u0171 felv\u00e9telt jelentetett meg szerd\u00e1n, amelyben meger\u0151s\u00edtette, hogy a dzsihadista mil\u00edcia okozta a S\u00ednai-f\u00e9lszigeten t\u00f6rt\u00e9nt l\u00e9gi katasztr\u00f3f\u00e1t.<\/strong><!--more--><\/p>\n<div class=\"ads-in-post1\"><div id=\"gazdasagportal.hu_fullbanner_wideboard\"><\/div>\r\n<\/div>\n<p>    A Vil\u00e1jat Sz\u00edn\u00e1a (S\u00ednai Tartom\u00e1ny) arra eml\u00e9keztetett, hogy \u00e1ll\u00edt\u00f3lagos tett\u00e9t az iszl\u00e1m napt\u00e1r szerint egy \u00e9vvel azut\u00e1n hajtotta v\u00e9gre, hogy h\u0171s\u00e9gesk\u00fct tett az Iszl\u00e1m \u00c1llam \u00f6njel\u00f6lt kalif\u00e1j\u00e1nak, Abu Bakr al-Bagd\u00e1dinak.<br \/>\n    A Mi szedt\u00fck le az \u00e9gr\u0151l, fulladjatok bele haragotokba! c\u00edmmel megjelent hangfelv\u00e9telen n\u00e9vtelen\u00fcl besz\u00e9l\u0151 sz\u00e9ls\u0151s\u00e9ges a &#8222;k\u00e9telked\u0151kh\u00f6z&#8221; sz\u00f3lva kijelentette: &#8222;nem k\u00f6teless\u00e9g\u00fcnk felfedni, hogy mik\u00e9nt okoztuk (a rep\u00fcl\u0151) lezuhan\u00e1s\u00e1t! (&#8230;) Vizsg\u00e1lj\u00e1tok meg a roncsdarabokat, elemezz\u00e9tek ki fekete dobozaitokat, rukkoljatok el\u0151 elm\u00e9leteitekkel \u00e9s tapasztalataitokkal, \u00e9s bizony\u00edts\u00e1tok be, hogy nem mi szedt\u00fck le az \u00e9gr\u0151l, illetve, hogy mik\u00e9nt zuhant le.&#8221;<br \/>\n    Hozz\u00e1tette, hogy a Vil\u00e1jat Sz\u00edn\u00e1a akkor fogja felfedni a rep\u00fcl\u0151g\u00e9p leszed\u00e9s\u00e9nek m\u00f3dj\u00e1t, &#8222;amikor akarja, \u00e9s ahogyan akarja&#8221;.<br \/>\n    A terrorcsoport a szombati trag\u00e9dia ut\u00e1n &#8211; nyolc\u00f3r\u00e1s k\u00e9s\u00e9ssel ugyan, de &#8211; kiadott egy k\u00f6zlem\u00e9nyt, amely szerint az orosz g\u00e9pet &#8222;a kalif\u00e1tus katon\u00e1inak siker\u00fclt leszedni\u00fck az \u00e9gr\u0151l&#8221;. Ezt a forgat\u00f3k\u00f6nyvet egyel\u0151re a legt\u00f6bb szak\u00e9rt\u0151 k\u00e9ts\u00e9gesnek tartja, egyebek mellett arra hivatkozva, hogy a dzsihadist\u00e1knak jelen ismeretek szerint birtok\u00e1ban l\u00e9v\u0151 l\u00e9gelh\u00e1r\u00edt\u00f3 rak\u00e9t\u00e1k hat\u00f3sugara legfeljebb az orosz g\u00e9p rep\u00fcl\u00e9si magass\u00e1g\u00e1nak fel\u00e9ig \u00e9r el.<br \/>\n    A kor\u00e1bbi hangfelv\u00e9telekr\u0151l m\u00e1r ismert hang\u00fa, n\u00e9v n\u00e9lk\u00fcl sz\u00f3nokl\u00f3 dzsihadista a rep\u00fcl\u0151 elleni terrort\u00e1mad\u00e1s v\u00e1ltozat\u00e1t megk\u00e9rd\u0151jelez\u0151kh\u00f6z sz\u00f3lva t\u00f6bbsz\u00f6r kijelenti: &#8222;fulladjatok bele haragotokba!&#8221; &#8222;Tudj\u00e1tok-e, hogy a rep\u00fcl\u0151g\u00e9p muharram (iszl\u00e1m) h\u00f3nap 17. napj\u00e1n zuhant le, \u00e9s tudj\u00e1tok-e, hogy ez megegyezik kalif\u00e1nknak tett h\u0171s\u00e9gesk\u00fcnk \u00e9vfordul\u00f3j\u00e1val?&#8221; &#8211; szegezte a hallgat\u00f3knak a k\u00e9rd\u00e9st.<br \/>\n    Szombaton kiadott els\u0151 nyilatkozat\u00e1ban a Vil\u00e1jat Sz\u00edn\u00e1a az Iszl\u00e1m \u00c1llam ellen Sz\u00edri\u00e1ban foly\u00f3 orosz l\u00e9gi hadj\u00e1rattal indokolta \u00e1ll\u00edt\u00f3lagos mer\u00e9nylet\u00e9t.<br \/>\n    A nemzetk\u00f6zi er\u0151k Irak \u00e9s Sz\u00edria ter\u00fclet\u00e9n folytatott terrorellenes hadm\u0171velet\u00e9re utalva a sz\u00e9ls\u0151s\u00e9ges azt mondta: &#8222;az iszl\u00e1m \u00e1llama ellen lovaikkal \u00e9s embereikkel hatalmas h\u00e1bor\u00fat ind\u00edt\u00f3 r\u00f3maiak azt gondolt\u00e1k hogy a muzulm\u00e1nok olyanok, mint mindenki m\u00e1s (&#8230;), de meglep\u0151dtek, amikor egy nemzettel tal\u00e1lt\u00e1k magukat szemben, amely csak a t\u00falvil\u00e1gra t\u00f6rekszik, a hal\u00e1l\u00e9rt \u00e9l, \u00e9s a v\u00e9rt keresi&#8221;. (A r\u00f3mai az I\u00c1 nyelvezet\u00e9ben a nyugati, illetve t\u00f6bbnyire kereszt\u00e9ny lakos\u00fa \u00e1llamokat jel\u00f6l\u0151, t\u00f6rt\u00e9nelmileg negat\u00edv t\u00f6ltet\u0171 kifejez\u00e9s.)<br \/>\n    A most kiadott hangfelv\u00e9tel egy sor fenyeget\u00e9ssel z\u00e1rul.(MTI)<\/p>\n","protected":false},"excerpt":{"rendered":"<p>Az Iszl\u00e1m \u00c1llam (I\u00c1) egyiptomi \u00e1ga fenyeget\u0151 hangv\u00e9tel\u0171 felv\u00e9telt jelentetett meg szerd\u00e1n, amelyben meger\u0151s\u00edtette, hogy a dzsihadista mil\u00edcia okozta a S\u00ednai-f\u00e9lszigeten t\u00f6rt\u00e9nt l\u00e9gi katasztr\u00f3f\u00e1t.<\/p>\n","protected":false},"author":1,"featured_media":0,"comment_status":"open","ping_status":"closed","sticky":false,"template":"","format":"standard","meta":[],"categories":[16],"tags":[],"_links":{"self":[{"href":"https:\/\/gazdasagportal.hu\/index.php\/wp-json\/wp\/v2\/posts\/70066"}],"collection":[{"href":"https:\/\/gazdasagportal.hu\/index.php\/wp-json\/wp\/v2\/posts"}],"about":[{"href":"https:\/\/gazdasagportal.hu\/index.php\/wp-json\/wp\/v2\/types\/post"}],"author":[{"embeddable":true,"href":"https:\/\/gazdasagportal.hu\/index.php\/wp-json\/wp\/v2\/users\/1"}],"replies":[{"embeddable":true,"href":"https:\/\/gazdasagportal.hu\/index.php\/wp-json\/wp\/v2\/comments?post=70066"}],"version-history":[{"count":2,"href":"https:\/\/gazdasagportal.hu\/index.php\/wp-json\/wp\/v2\/posts\/70066\/revisions"}],"predecessor-version":[{"id":70086,"href":"https:\/\/gazdasagportal.hu\/index.php\/wp-json\/wp\/v2\/posts\/70066\/revisions\/70086"}],"wp:attachment":[{"href":"https:\/\/gazdasagportal.hu\/index.php\/wp-json\/wp\/v2\/media?parent=70066"}],"wp:term":[{"taxonomy":"category","embeddable":true,"href":"https:\/\/gazdasagportal.hu\/index.php\/wp-json\/wp\/v2\/categories?post=70066"},{"taxonomy":"post_tag","embeddable":true,"href":"https:\/\/gazdasagportal.hu\/index.php\/wp-json\/wp\/v2\/tags?post=70066"}],"curies":[{"name":"wp","href":"https:\/\/api.w.org\/{rel}","templated":true}]}}