{"id":69954,"date":"2015-11-03T13:53:06","date_gmt":"2015-11-03T12:53:06","guid":{"rendered":"http:\/\/gazdasagportal.hu\/?p=69954"},"modified":"2015-11-03T13:24:10","modified_gmt":"2015-11-03T12:24:10","slug":"sziria-hollande-aszad-nem-indulhat-a-kovetkezo-valasztasokon","status":"publish","type":"post","link":"https:\/\/gazdasagportal.hu\/index.php\/sziria-hollande-aszad-nem-indulhat-a-kovetkezo-valasztasokon\/","title":{"rendered":"Sz\u00edria &#8211; Hollande: Aszad nem indulhat a k\u00f6vetkez\u0151 v\u00e1laszt\u00e1sokon"},"content":{"rendered":"<p><strong>Bass\u00e1r el-Aszad eln\u00f6k nem indulhat a k\u00f6vetkez\u0151 v\u00e1laszt\u00e1sokon Sz\u00edri\u00e1ban &#8211; mondta kedden Francois Hollande francia \u00e1llamf\u0151, aki szerint csak egy v\u00e1laszt\u00e1si folyamat lehet megold\u00e1s a konfliktusra.<\/strong><!--more--><\/p>\n<div class=\"ads-in-post1\"><div id=\"gazdasagportal.hu_fullbanner_wideboard\"><\/div>\r\n<\/div>\n<p>    &#8222;Az egyetlen megold\u00e1s, hogy el\u0151bb vagy ut\u00f3bb t\u00e9nylegesen v\u00e1laszt\u00e1sokat rendez\u00fcnk. Vagyis h\u00e1t el\u0151bb m\u00e9g a biztons\u00e1got helyre kell \u00e1ll\u00edtani, \u00e9s Bass\u00e1r el-Aszad nem lehet jel\u00f6lt a v\u00e1laszt\u00e1sokon&#8221; &#8211; fogalmazott a francia eln\u00f6k az Europe1 francia kereskedelmi r\u00e1di\u00f3nak adott interj\u00faban.<br \/>\n    A sz\u00edriai eln\u00f6k r\u00e9szv\u00e9tele a j\u00f6v\u0151beni v\u00e1laszt\u00e1sokon Francois Hollande szerint annak &#8222;a beismer\u00e9se lenne, hogy k\u00e9ptelenek vagyunk megold\u00e1st tal\u00e1lni&#8221;.<br \/>\n    Bass\u00e1r el-Aszadot egy fikt\u00edv v\u00e1laszt\u00e1son 2014-ben \u00fajrav\u00e1lasztott\u00e1k. &#8222;M\u00e1r akkor az oroszok \u00e9s az ir\u00e1niak ebbe az ir\u00e1nyba akartak minket terelni, de zs\u00e1kutc\u00e1ba vezetett m\u00e9g t\u00f6bb h\u00e1bor\u00faskod\u00e1ssal \u00e9s terrorizmussal&#8221; &#8211; h\u00edvta fel a figyelmet a francia eln\u00f6k.<br \/>\n    Franciaorsz\u00e1g ragaszkodik a legink\u00e1bb ahhoz az \u00e1ll\u00e1sponthoz, hogy a 2011-ben kezd\u0151d\u00f6tt sz\u00edriai konfliktus v\u00e9g\u00e9n a sz\u00edriai eln\u00f6k nem maradhat hatalmon. Ir\u00e1n \u00e9s Oroszorsz\u00e1g viszont azt szeretn\u00e9, ha Bass\u00e1r el-Aszadnak meghat\u00e1roz\u00f3 szerepe lenne a politikai \u00e1tmenetben.<br \/>\n    A sz\u00edriai v\u00e1ls\u00e1g rendez\u00e9s\u00e9t c\u00e9lz\u00f3 t\u00e1rgyal\u00e1sok p\u00e9nteken kezd\u0151dtek meg B\u00e9csben, \u00e9s november k\u00f6zep\u00e9n folytat\u00f3dnak. K\u00f6zlem\u00e9ny\u00fckben a deleg\u00e1ci\u00f3k egyet\u00e9rtetek abban, hogy az ENSZ fel\u00fcgyelet alatti v\u00e1laszt\u00e1sok megtart\u00e1sa jelentheti a megold\u00e1st a sz\u00edriai konfliktusra, amelybe minden sz\u00edriait, bele\u00e9rtve a diaszp\u00f3r\u00e1t is be kell vonni.<br \/>\n    Francois Hollande az interj\u00faban arra is utalt, hogy cs\u00fct\u00f6rt\u00f6k\u00f6n d\u00f6nt\u00e9s sz\u00fclethet arr\u00f3l, hogy a francia l\u00e9gier\u0151k \u00fajabb l\u00e9gicsap\u00e1sokat ind\u00edtanak Sz\u00edri\u00e1ban az Iszl\u00e1m \u00c1llam dzsihadista szervezet kik\u00e9pz\u0151t\u00e1borai ellen.<br \/>\n    &#8222;Minden alkalommal, amikor arr\u00f3l olyan kik\u00e9pz\u0151k\u00f6zpontr\u00f3l kapunk inform\u00e1ci\u00f3t, ahol olyan dzsih\u00e1dist\u00e1kat, terrorist\u00e1kat k\u00e9peznek, akik el\u0151bb vagy ut\u00f3bb fenyegethetik haz\u00e1nkat, t\u00e1madunk. Ezen c\u00e9llal cs\u00fct\u00f6rt\u00f6kre \u00f6sszeh\u00edvom a v\u00e9delmi tan\u00e1cs \u00fcl\u00e9s\u00e9t&#8221; &#8211; mondta az \u00e1llamf\u0151.<br \/>\n    A v\u00e9delmi tan\u00e1csot a k\u00f6zt\u00e1rsas\u00e1gi eln\u00f6k h\u00edvhatja \u00f6ssze a hivatal\u00e1ban a v\u00e9delmi \u00e9s a k\u00fcl\u00fcgyminiszter, valamint a legf\u0151bb katonai vezet\u0151k r\u00e9szv\u00e9tel\u00e9vel.(MTI)<\/p>\n","protected":false},"excerpt":{"rendered":"<p>Bass\u00e1r el-Aszad eln\u00f6k nem indulhat a k\u00f6vetkez\u0151 v\u00e1laszt\u00e1sokon Sz\u00edri\u00e1ban &#8211; mondta kedden Francois Hollande francia \u00e1llamf\u0151, aki szerint csak egy v\u00e1laszt\u00e1si folyamat lehet megold\u00e1s a konfliktusra.<\/p>\n","protected":false},"author":1,"featured_media":0,"comment_status":"open","ping_status":"closed","sticky":false,"template":"","format":"standard","meta":[],"categories":[16],"tags":[],"_links":{"self":[{"href":"https:\/\/gazdasagportal.hu\/index.php\/wp-json\/wp\/v2\/posts\/69954"}],"collection":[{"href":"https:\/\/gazdasagportal.hu\/index.php\/wp-json\/wp\/v2\/posts"}],"about":[{"href":"https:\/\/gazdasagportal.hu\/index.php\/wp-json\/wp\/v2\/types\/post"}],"author":[{"embeddable":true,"href":"https:\/\/gazdasagportal.hu\/index.php\/wp-json\/wp\/v2\/users\/1"}],"replies":[{"embeddable":true,"href":"https:\/\/gazdasagportal.hu\/index.php\/wp-json\/wp\/v2\/comments?post=69954"}],"version-history":[{"count":1,"href":"https:\/\/gazdasagportal.hu\/index.php\/wp-json\/wp\/v2\/posts\/69954\/revisions"}],"predecessor-version":[{"id":69955,"href":"https:\/\/gazdasagportal.hu\/index.php\/wp-json\/wp\/v2\/posts\/69954\/revisions\/69955"}],"wp:attachment":[{"href":"https:\/\/gazdasagportal.hu\/index.php\/wp-json\/wp\/v2\/media?parent=69954"}],"wp:term":[{"taxonomy":"category","embeddable":true,"href":"https:\/\/gazdasagportal.hu\/index.php\/wp-json\/wp\/v2\/categories?post=69954"},{"taxonomy":"post_tag","embeddable":true,"href":"https:\/\/gazdasagportal.hu\/index.php\/wp-json\/wp\/v2\/tags?post=69954"}],"curies":[{"name":"wp","href":"https:\/\/api.w.org\/{rel}","templated":true}]}}