{"id":69930,"date":"2015-11-03T07:41:08","date_gmt":"2015-11-03T06:41:08","guid":{"rendered":"http:\/\/gazdasagportal.hu\/?p=69930"},"modified":"2015-11-03T16:40:10","modified_gmt":"2015-11-03T15:40:10","slug":"legi-katasztrofa-bosszut-allhat-oroszorszag-az-iszlam-allamon","status":"publish","type":"post","link":"https:\/\/gazdasagportal.hu\/index.php\/legi-katasztrofa-bosszut-allhat-oroszorszag-az-iszlam-allamon\/","title":{"rendered":"L\u00e9gi katasztr\u00f3fa &#8211; bossz\u00fat \u00e1llhat Oroszorsz\u00e1g az Iszl\u00e1m \u00c1llamon"},"content":{"rendered":"<p><strong>Ha bebizonyosodik, hogy val\u00f3ban az Iszl\u00e1m \u00c1llam k\u00f6vetett el mer\u00e9nyletet a S\u00ednai-f\u00e9lszigeten szombaton lezuhant orosz rep\u00fcl\u0151g\u00e9p ellen, akkor Oroszorsz\u00e1g nem fog kegyelmezni a terrorist\u00e1knak &#8211; mondta N\u00f3gr\u00e1di Gy\u00f6rgy biztons\u00e1gpolitikai szak\u00e9rt\u0151 az M1 aktu\u00e1lis csatorna m\u0171sor\u00e1ban h\u00e9tf\u0151n.<\/strong><!--more--><\/p>\n<div class=\"ads-in-post1\"><div id=\"gazdasagportal.hu_fullbanner_wideboard\"><\/div>\r\n<\/div>\n<p>    A szak\u00e9rt\u0151 szerint egyel\u0151re nagyon sok az egym\u00e1snak ellentmond\u00f3 inform\u00e1ci\u00f3 az \u00fcgyben, ez\u00e9rt mindenk\u00e9ppen meg kell v\u00e1rni a vizsg\u00e1latok eredm\u00e9ny\u00e9t.<br \/>\n    Ha kider\u00fcl, hogy a terrorist\u00e1k l\u0151tt\u00e9k le a g\u00e9pet, akkor az oroszok azt is tudni akarj\u00e1k majd, hogy mik\u00e9nt \u00e9s honnan szereztek olyan rak\u00e9t\u00e1t, amely kilencezer m\u00e9terre is hat\u00e9kony.<br \/>\n    A Sarm-es-Sejk \u00fcd\u00fcl\u0151helyr\u0151l Szentp\u00e9terv\u00e1rra tart\u00f3 j\u00e1rat egy nehezen megk\u00f6zel\u00edthet\u0151 hegyvid\u00e9ki ter\u00fcleten zuhant le a S\u00ednai-f\u00e9lsziget k\u00f6z\u00e9ps\u0151 r\u00e9sz\u00e9n, a tengerparti el-Ar\u00edst\u00f3l d\u00e9lre, Haszana v\u00e1ros k\u00f6rny\u00e9k\u00e9n. Kair\u00f3i rep\u00fcl\u0151t\u00e9ri forr\u00e1sok szerint miel\u0151tt az Airbus elt\u0171nt volna a radark\u00e9perny\u0151kr\u0151l, a pil\u00f3ta enged\u00e9lyt k\u00e9rt a legk\u00f6zelebbi rep\u00fcl\u0151t\u00e9ren val\u00f3 lesz\u00e1ll\u00e1sra, mert r\u00e1di\u00f3kapcsolata kor\u00e1bbi megszakad\u00e1sa miatt ezt sz\u00fcks\u00e9gesnek tartotta. 23 perccel a felsz\u00e1ll\u00e1s ut\u00e1n teljesen megszakadt a kapcsolat a g\u00e9ppel, amely ekkor m\u00e1r 11 ezer m\u00e9ter (m\u00e1s forr\u00e1sok 9000 m\u00e9ter) magasan rep\u00fclt.<br \/>\n    A katasztr\u00f3f\u00e1t senki nem \u00e9lte t\u00fal, \u00f6sszesen 224-en haltak meg.(MTI)<\/p>\n","protected":false},"excerpt":{"rendered":"<p>Ha bebizonyosodik, hogy val\u00f3ban az Iszl\u00e1m \u00c1llam k\u00f6vetett el mer\u00e9nyletet a S\u00ednai-f\u00e9lszigeten szombaton lezuhant orosz rep\u00fcl\u0151g\u00e9p ellen, akkor Oroszorsz\u00e1g nem fog kegyelmezni a terrorist\u00e1knak &#8211; mondta N\u00f3gr\u00e1di Gy\u00f6rgy biztons\u00e1gpolitikai szak\u00e9rt\u0151 az M1 aktu\u00e1lis csatorna m\u0171sor\u00e1ban h\u00e9tf\u0151n.<\/p>\n","protected":false},"author":1,"featured_media":0,"comment_status":"open","ping_status":"closed","sticky":false,"template":"","format":"standard","meta":[],"categories":[16],"tags":[],"_links":{"self":[{"href":"https:\/\/gazdasagportal.hu\/index.php\/wp-json\/wp\/v2\/posts\/69930"}],"collection":[{"href":"https:\/\/gazdasagportal.hu\/index.php\/wp-json\/wp\/v2\/posts"}],"about":[{"href":"https:\/\/gazdasagportal.hu\/index.php\/wp-json\/wp\/v2\/types\/post"}],"author":[{"embeddable":true,"href":"https:\/\/gazdasagportal.hu\/index.php\/wp-json\/wp\/v2\/users\/1"}],"replies":[{"embeddable":true,"href":"https:\/\/gazdasagportal.hu\/index.php\/wp-json\/wp\/v2\/comments?post=69930"}],"version-history":[{"count":3,"href":"https:\/\/gazdasagportal.hu\/index.php\/wp-json\/wp\/v2\/posts\/69930\/revisions"}],"predecessor-version":[{"id":69972,"href":"https:\/\/gazdasagportal.hu\/index.php\/wp-json\/wp\/v2\/posts\/69930\/revisions\/69972"}],"wp:attachment":[{"href":"https:\/\/gazdasagportal.hu\/index.php\/wp-json\/wp\/v2\/media?parent=69930"}],"wp:term":[{"taxonomy":"category","embeddable":true,"href":"https:\/\/gazdasagportal.hu\/index.php\/wp-json\/wp\/v2\/categories?post=69930"},{"taxonomy":"post_tag","embeddable":true,"href":"https:\/\/gazdasagportal.hu\/index.php\/wp-json\/wp\/v2\/tags?post=69930"}],"curies":[{"name":"wp","href":"https:\/\/api.w.org\/{rel}","templated":true}]}}