{"id":69928,"date":"2015-11-03T07:34:41","date_gmt":"2015-11-03T06:34:41","guid":{"rendered":"http:\/\/gazdasagportal.hu\/?p=69928"},"modified":"2015-11-03T07:34:41","modified_gmt":"2015-11-03T06:34:41","slug":"obama-a-republikanus-jeloltek-egy-masik-valosagban-elnek","status":"publish","type":"post","link":"https:\/\/gazdasagportal.hu\/index.php\/obama-a-republikanus-jeloltek-egy-masik-valosagban-elnek\/","title":{"rendered":"Obama: a republik\u00e1nus jel\u00f6ltek egy m\u00e1sik val\u00f3s\u00e1gban \u00e9lnek"},"content":{"rendered":"<p><strong>Ha a republik\u00e1nus eln\u00f6kjel\u00f6lt-aspir\u00e1nsok nem tudj\u00e1k kezelni a CNBC m\u0171sorvezet\u0151it, akkor nem tudj\u00e1k ezt megtenni Oroszorsz\u00e1ggal vagy K\u00edn\u00e1val sem &#8211; jelentette ki h\u00e9tf\u0151n Barack Obama egy New York-i v\u00e1laszt\u00e1si adom\u00e1nygy\u0171jt\u0151 gy\u0171l\u00e9sen. Az eln\u00f6k szerint ezek a politikusok egy m\u00e1sik val\u00f3s\u00e1gban \u00e9lnek.<\/strong><!--more--><\/p>\n<div class=\"ads-in-post1\"><div id=\"gazdasagportal.hu_fullbanner_wideboard\"><\/div>\r\n<\/div>\n<p>    A CNBC telev\u00edzi\u00f3 k\u00f6zvet\u00edtette m\u00falt szerd\u00e1n a Republik\u00e1nus P\u00e1rt hivatalos eln\u00f6kjel\u00f6lts\u00e9g\u00e9\u00e9rt verseng\u0151 jel\u00f6ltek legut\u00f3bbi vit\u00e1j\u00e1t. A f\u00f3rum t\u00f6bb r\u00e9szvev\u0151je m\u00e1r ad\u00e1s k\u00f6zben vagy ut\u00e1na \u00e9lesen b\u00edr\u00e1lta a m\u0171sorvezet\u0151ket konfrontat\u00edv, meg\u00edt\u00e9l\u00e9s\u00fck szerint rosszhiszem\u0171, nem l\u00e9nyegre t\u00f6r\u0151 k\u00e9rd\u00e9seik miatt. A p\u00e1rt emiatt k\u00f6z\u00f6lte, hogy &#8222;felf\u00fcggeszti az egy\u00fcttm\u0171k\u00f6d\u00e9st&#8221; az ugyanahhoz a c\u00e9gcsoporthoz tartoz\u00f3 NBC-vel az aspir\u00e1nsok febru\u00e1r 26-\u00e1ra tervezett telev\u00edzi\u00f3s \u00f6sszecsap\u00e1s\u00e1nak k\u00f6zvet\u00edt\u00e9s\u00e9vel kapcsolatban.<br \/>\n    Az eln\u00f6k eml\u00e9keztetett arra, hogy a Feh\u00e9r H\u00e1zra p\u00e1ly\u00e1z\u00f3 aspir\u00e1nsok mindegyike gyeng\u00e9nek tartja \u0151t \u00e9s azt \u00e1ll\u00edtja r\u00f3la, hogy t\u00fal sok k\u00e9rd\u00e9sben engedett Vlagyimir Putyinnak, azt \u00edg\u00e9rve, hogy egyenesbe hozza a dolgokat, ha \u0151 t\u00e1rgyalhat majd az orosz eln\u00f6kkel.<br \/>\n    &#8222;Azt\u00e1n kider\u00fcl, hogy egy vit\u00e1n nem k\u00e9pesek kezelni n\u00e9h\u00e1ny CNBC-moder\u00e1tort. Hadd mondjam el \u00f6n\u00f6knek, hogy ha valaki nem tudja kezelni ezeket a fick\u00f3kat, akkor nem hiszem, hogy a k\u00ednaiak vagy az oroszok t\u00fal sokat fognak agg\u00f3dni majd miattuk&#8221; &#8211; mondta.<br \/>\n    Obama komornak \u00e9s frusztr\u00e1ltnak nevezte a republik\u00e1nus eln\u00f6kjel\u00f6lt-aspir\u00e1nsokat, akik szerinte egy m\u00e1sik val\u00f3s\u00e1gban \u00e9lnek az eg\u00e9szs\u00e9g\u00fcgyi ell\u00e1t\u00e1s, a kl\u00edmav\u00e1ltoz\u00e1s, a gazdas\u00e1g \u00fcgyeit n\u00e9zve.(MTI)<\/p>\n","protected":false},"excerpt":{"rendered":"<p>Ha a republik\u00e1nus eln\u00f6kjel\u00f6lt-aspir\u00e1nsok nem tudj\u00e1k kezelni a CNBC m\u0171sorvezet\u0151it, akkor nem tudj\u00e1k ezt megtenni Oroszorsz\u00e1ggal vagy K\u00edn\u00e1val sem &#8211; jelentette ki h\u00e9tf\u0151n Barack Obama egy New York-i v\u00e1laszt\u00e1si adom\u00e1nygy\u0171jt\u0151 gy\u0171l\u00e9sen. Az eln\u00f6k szerint ezek a politikusok egy m\u00e1sik val\u00f3s\u00e1gban \u00e9lnek.<\/p>\n","protected":false},"author":1,"featured_media":0,"comment_status":"open","ping_status":"closed","sticky":false,"template":"","format":"standard","meta":[],"categories":[13],"tags":[],"_links":{"self":[{"href":"https:\/\/gazdasagportal.hu\/index.php\/wp-json\/wp\/v2\/posts\/69928"}],"collection":[{"href":"https:\/\/gazdasagportal.hu\/index.php\/wp-json\/wp\/v2\/posts"}],"about":[{"href":"https:\/\/gazdasagportal.hu\/index.php\/wp-json\/wp\/v2\/types\/post"}],"author":[{"embeddable":true,"href":"https:\/\/gazdasagportal.hu\/index.php\/wp-json\/wp\/v2\/users\/1"}],"replies":[{"embeddable":true,"href":"https:\/\/gazdasagportal.hu\/index.php\/wp-json\/wp\/v2\/comments?post=69928"}],"version-history":[{"count":1,"href":"https:\/\/gazdasagportal.hu\/index.php\/wp-json\/wp\/v2\/posts\/69928\/revisions"}],"predecessor-version":[{"id":69929,"href":"https:\/\/gazdasagportal.hu\/index.php\/wp-json\/wp\/v2\/posts\/69928\/revisions\/69929"}],"wp:attachment":[{"href":"https:\/\/gazdasagportal.hu\/index.php\/wp-json\/wp\/v2\/media?parent=69928"}],"wp:term":[{"taxonomy":"category","embeddable":true,"href":"https:\/\/gazdasagportal.hu\/index.php\/wp-json\/wp\/v2\/categories?post=69928"},{"taxonomy":"post_tag","embeddable":true,"href":"https:\/\/gazdasagportal.hu\/index.php\/wp-json\/wp\/v2\/tags?post=69928"}],"curies":[{"name":"wp","href":"https:\/\/api.w.org\/{rel}","templated":true}]}}