{"id":69926,"date":"2015-11-03T07:05:13","date_gmt":"2015-11-03T06:05:13","guid":{"rendered":"http:\/\/gazdasagportal.hu\/?p=69926"},"modified":"2015-11-03T07:05:13","modified_gmt":"2015-11-03T06:05:13","slug":"iszlam-allam-nagy-britannia-nem-kapcsolodik-be-a-sziriai-legi-hadmuveletekbe","status":"publish","type":"post","link":"https:\/\/gazdasagportal.hu\/index.php\/iszlam-allam-nagy-britannia-nem-kapcsolodik-be-a-sziriai-legi-hadmuveletekbe\/","title":{"rendered":"Iszl\u00e1m \u00c1llam &#8211; Nagy-Britannia nem kapcsol\u00f3dik be a sz\u00edriai l\u00e9gi hadm\u0171veletekbe"},"content":{"rendered":"<p><strong>Keddi brit sajt\u00f3\u00e9rtes\u00fcl\u00e9sek szerint a brit kir\u00e1lyi l\u00e9gier\u0151 (RAF) a Downing Street terveivel ellent\u00e9tben m\u00e9gsem kapcsol\u00f3dik be az Iszl\u00e1m \u00c1llam nev\u0171 dzsihadista terrorszervezet sz\u00edriai \u00e1ll\u00e1sai elleni l\u00e9gi hadm\u0171veletekbe, mivel a brit korm\u00e1nynak nem siker\u00fclt el\u00e9rnie az ehhez sz\u00fcks\u00e9ges parlamenti t\u00e1mogat\u00e1st.<\/strong><!--more--><\/p>\n<div class=\"ads-in-post1\"><div id=\"gazdasagportal.hu_fullbanner_wideboard\"><\/div>\r\n<\/div>\n<p>    A The Times c\u00edm\u0171 tekint\u00e9lyes konzervat\u00edv brit napilap bennfentes korm\u00e1nyzati forr\u00e1sai szerint az RAF bevet\u00e9seinek sz\u00edriai kiterjeszt\u00e9s\u00e9r\u0151l tervbe vett als\u00f3h\u00e1zi szavaz\u00e1st nem tartj\u00e1k meg, mivel David Cameron minisztereln\u00f6k nem tudta megnyerni az ellenz\u00e9ki Munk\u00e1sp\u00e1rt el\u00e9gs\u00e9ges sz\u00e1m\u00fa k\u00e9pvisel\u0151j\u00e9t a terv t\u00e1mogat\u00e1s\u00e1nak, r\u00e1ad\u00e1sul a korm\u00e1nyz\u00f3 Konzervat\u00edv P\u00e1rt als\u00f3h\u00e1zi padsorain bel\u00fcli ellen\u00e1ll\u00e1st sem siker\u00fclt leszerelni. \u00cdgy felmer\u00fclt az a vesz\u00e9ly, hogy a Konzervat\u00edv P\u00e1rt 12 f\u0151s als\u00f3h\u00e1zi t\u00f6bbs\u00e9ge \u00f6nmag\u00e1ban nem lett volna elegend\u0151 a korm\u00e1nyzati ind\u00edtv\u00e1ny elfogadtat\u00e1s\u00e1hoz.<br \/>\n    A The Timesnak nyilatkoz\u00f3 korm\u00e1nyzati forr\u00e1sok szerint a tory frakci\u00f3n bel\u00fcli ellenkez\u00e9s miatt legal\u00e1bb 40 munk\u00e1sp\u00e1rti k\u00e9pvisel\u0151t kellett volna meggy\u0151zni ahhoz, hogy a sz\u00edriai brit fegyveres fell\u00e9p\u00e9sr\u0151l tervezett als\u00f3h\u00e1zi szavaz\u00e1s a korm\u00e1ny szempontj\u00e1b\u00f3l biztosan sikerrel v\u00e9gz\u0151dj\u00f6n. Ennyien azonban nem voltak hajland\u00f3k szembefordulni a Labour vez\u00e9re, Jeremy Corbyn \u00e1ltal meghirdetett hivatalos politik\u00e1val, amely elveti a brit katonai beavatkoz\u00e1st Sz\u00edri\u00e1ban.<br \/>\n    Nagy-Britannia nem vesz r\u00e9szt az Iszl\u00e1m \u00c1llam elleni sz\u00edriai l\u00e9gi hadm\u0171veletekben, mivel a brit parlament csak a terrorcsoport iraki \u00e1ll\u00e1sai elleni t\u00e1mad\u00e1sokra adott felhatalmaz\u00e1st, az RAF tev\u00e9kenys\u00e9g\u00e9nek sz\u00edriai kiterjeszt\u00e9s\u00e9r\u0151l sz\u00f3l\u00f3 korm\u00e1nyzati ind\u00edtv\u00e1nyt ugyanakkor m\u00e1r t\u00f6bb mint k\u00e9t \u00e9ve elvetette.<br \/>\n    A konzervat\u00edv p\u00e1rti brit korm\u00e1ny az elm\u00falt h\u00f3napokban igyekezett ism\u00e9t sz\u00e9les &#8211; lehet\u0151leg \u00f6sszp\u00e1rti &#8211; parlamenti t\u00e1mogat\u00e1st szerezni ahhoz, hogy az RAF v\u00e9grehajthasson bevet\u00e9seket az Iszl\u00e1m \u00c1llam ellen\u0151rizte sz\u00edriai ter\u00fcleteken is, \u00e1m a keddi sajt\u00f3\u00e9rtes\u00fcl\u00e9s alapj\u00e1n ez tov\u00e1bbra sem siker\u00fclt, s\u0151t az als\u00f3h\u00e1z k\u00fcl\u00fcgyi bizotts\u00e1ga \u00e9ppen keddre elk\u00e9sz\u00fclt jelent\u00e9s\u00e9ben k\u00fcl\u00f6n fel is h\u00edvta a brit korm\u00e1ny figyelm\u00e9t a l\u00e9gi hadm\u0171veletek sz\u00edriai kiterjeszt\u00e9s\u00e9nek potenci\u00e1lis kock\u00e1zataira.<br \/>\n    A bizotts\u00e1gi jelent\u00e9s szerint a sz\u00edriai bevet\u00e9sek esetleges eredm\u00e9nyein j\u00f3val t\u00faltesznek azok a kock\u00e1zatok, amelyek a beavatkoz\u00e1s nem egy\u00e9rtelm\u0171 jogi megalapozotts\u00e1g\u00e1b\u00f3l, a sz\u00edriai politikai k\u00e1oszb\u00f3l \u00e9s mindezek diplom\u00e1ciai \u00e1r\u00e1b\u00f3l eredhetnek.<br \/>\n    Az als\u00f3h\u00e1z k\u00fcl\u00fcgyi bizotts\u00e1ga szerint Nagy-Britanni\u00e1nak nem szabad \u00fagy katonai akci\u00f3ba kezdenie Sz\u00edri\u00e1ban, hogy nincs koherens nemzetk\u00f6zi strat\u00e9gia az Iszl\u00e1m \u00c1llam legy\u0151z\u00e9s\u00e9re \u00e9s a sz\u00edriai h\u00e1bor\u00fa lez\u00e1r\u00e1s\u00e1ra.<br \/>\n    Nagy-Britanni\u00e1ban m\u00e1r abb\u00f3l is komoly &#8211; m\u00e1ig tart\u00f3 &#8211; belpolitikai vita t\u00e1madt, hogy az RAF a ny\u00e1r v\u00e9g\u00e9n rak\u00e9t\u00e1kkal felfegyverzett dr\u00f3nnal meg\u00f6lte az Iszl\u00e1m \u00c1llam k\u00e9t brit \u00e1llampolg\u00e1rs\u00e1g\u00fa &#8211; h\u00edrszerz\u00e9si \u00e9rtes\u00fcl\u00e9sek szerint nagy-britanniai terrort\u00e1mad\u00e1sokat szervez\u0151 &#8211; tagj\u00e1t Sz\u00edri\u00e1ban.(MTI)<\/p>\n","protected":false},"excerpt":{"rendered":"<p>Keddi brit sajt\u00f3\u00e9rtes\u00fcl\u00e9sek szerint a brit kir\u00e1lyi l\u00e9gier\u0151 (RAF) a Downing Street terveivel ellent\u00e9tben m\u00e9gsem kapcsol\u00f3dik be az Iszl\u00e1m \u00c1llam nev\u0171 dzsihadista terrorszervezet sz\u00edriai \u00e1ll\u00e1sai elleni l\u00e9gi hadm\u0171veletekbe, mivel a brit korm\u00e1nynak nem siker\u00fclt el\u00e9rnie az ehhez sz\u00fcks\u00e9ges parlamenti t\u00e1mogat\u00e1st.<\/p>\n","protected":false},"author":1,"featured_media":0,"comment_status":"open","ping_status":"closed","sticky":false,"template":"","format":"standard","meta":[],"categories":[16],"tags":[],"_links":{"self":[{"href":"https:\/\/gazdasagportal.hu\/index.php\/wp-json\/wp\/v2\/posts\/69926"}],"collection":[{"href":"https:\/\/gazdasagportal.hu\/index.php\/wp-json\/wp\/v2\/posts"}],"about":[{"href":"https:\/\/gazdasagportal.hu\/index.php\/wp-json\/wp\/v2\/types\/post"}],"author":[{"embeddable":true,"href":"https:\/\/gazdasagportal.hu\/index.php\/wp-json\/wp\/v2\/users\/1"}],"replies":[{"embeddable":true,"href":"https:\/\/gazdasagportal.hu\/index.php\/wp-json\/wp\/v2\/comments?post=69926"}],"version-history":[{"count":1,"href":"https:\/\/gazdasagportal.hu\/index.php\/wp-json\/wp\/v2\/posts\/69926\/revisions"}],"predecessor-version":[{"id":69927,"href":"https:\/\/gazdasagportal.hu\/index.php\/wp-json\/wp\/v2\/posts\/69926\/revisions\/69927"}],"wp:attachment":[{"href":"https:\/\/gazdasagportal.hu\/index.php\/wp-json\/wp\/v2\/media?parent=69926"}],"wp:term":[{"taxonomy":"category","embeddable":true,"href":"https:\/\/gazdasagportal.hu\/index.php\/wp-json\/wp\/v2\/categories?post=69926"},{"taxonomy":"post_tag","embeddable":true,"href":"https:\/\/gazdasagportal.hu\/index.php\/wp-json\/wp\/v2\/tags?post=69926"}],"curies":[{"name":"wp","href":"https:\/\/api.w.org\/{rel}","templated":true}]}}