{"id":69924,"date":"2015-11-02T19:57:39","date_gmt":"2015-11-02T18:57:39","guid":{"rendered":"http:\/\/gazdasagportal.hu\/?p=69924"},"modified":"2015-11-02T17:51:32","modified_gmt":"2015-11-02T16:51:32","slug":"a-seat-bemutatta-2025-ig-tarto-utemtervet","status":"publish","type":"post","link":"https:\/\/gazdasagportal.hu\/index.php\/a-seat-bemutatta-2025-ig-tarto-utemtervet\/","title":{"rendered":"A SEAT bemutatta 2025-ig tart\u00f3 \u00fctemterv\u00e9t"},"content":{"rendered":"<p><strong>Bemutatta 2025-ig tart\u00f3 \u00fctemterv\u00e9t a SEAT: a spanyol aut\u00f3gy\u00e1rt\u00f3 k\u00f6vetkez\u0151 t\u00edz \u00e9vre vonatkoz\u00f3 strat\u00e9gi\u00e1j\u00e1nak h\u00e1rom pill\u00e9re a nagy haszonkulcs\u00fa modellek fejleszt\u00e9se a n\u00f6vekv\u0151 szegmensek sz\u00e1m\u00e1ra, az \u00fcgyf\u00e9l-el\u00e9gedetts\u00e9g el\u0151t\u00e9rbe helyez\u00e9se, valamint az aut\u00f3ipar legvonz\u00f3bb munkaad\u00f3j\u00e1v\u00e1 v\u00e1lni Spanyolorsz\u00e1gban &#8211; t\u00e1j\u00e9koztatta a Volkswagen konszern m\u00e1rk\u00e1it Magyarorsz\u00e1gon k\u00e9pvisel\u0151 Porsche Hungaria az MTI-t h\u00e9tf\u0151n.<\/strong><!--more--><\/p>\n<div class=\"ads-in-post1\"><div id=\"gazdasagportal.hu_fullbanner_wideboard\"><\/div>\r\n<\/div>\n<p>    A Volkswagen-csoporthoz tartoz\u00f3 SEAT igazgat\u00f3tan\u00e1cs\u00e1nak eln\u00f6ke, Francisco Javier Garc\u00eda Sanz a c\u00e9g vezet\u0151i sz\u00e1m\u00e1ra tartott konferenci\u00e1n kijelentette, hogy terv\u00fck a Volkswagen-csoport teljes t\u00e1mogat\u00e1s\u00e1t \u00e9lvezi, t\u00f6k\u00e9letesen illeszkedve a strat\u00e9gi\u00e1j\u00e1ba.<br \/>\n    Meger\u0151s\u00edtette azt is, hogy a k\u00f6vetkez\u0151 k\u00e9t \u00e9vre bejelentett modellek a terveknek megfelel\u0151en ker\u00fclnek majd piacra. A v\u00e1llalat n\u00e9gy \u00faj modell bemutat\u00e1s\u00e1t tervezi a k\u00f6vetkez\u0151ben, ezek k\u00f6z\u00fcl az els\u0151, egy kompakt szabadid\u0151-aut\u00f3 2016 els\u0151 fel\u00e9ben v\u00e1rhat\u00f3 &#8211; a m\u00e1rka ezzel egy \u00faj szegmensben deb\u00fct\u00e1l.<br \/>\n    A c\u00e9g vezet\u0151s\u00e9ge bejelentette azt is, hogy hat\u00e9konys\u00e1gi programot vezet be a k\u00f6vetkez\u0151 k\u00e9t \u00e9vben, amely a v\u00e1llalat beruh\u00e1z\u00e1si strat\u00e9gi\u00e1j\u00e1t szolg\u00e1lja a term\u00e9kk\u00edn\u00e1lat meg\u00faj\u00edt\u00e1sa \u00e9s a m\u00e1rka er\u0151s\u00edt\u00e9se \u00e9rdek\u00e9ben. A SEAT ez alapj\u00e1n beruh\u00e1z\u00e1sokat kezd a martorelli gy\u00e1rban, egyes gy\u00e1rt\u00f3sorokat egy \u00faj platformhoz adapt\u00e1lnak. Ehhez kapcsol\u00f3dva jelezt\u00e9k, hogy mintegy k\u00e9tsz\u00e1z dolgoz\u00f3 lej\u00e1r\u00f3 szerz\u0151d\u00e9s\u00e9t nem hosszabb\u00edtj\u00e1k meg a k\u00f6vetkez\u0151 h\u00f3napokban.<br \/>\n    A program, v\u00e1rhat\u00f3an k\u00f6r\u00fclbel\u00fcl 100 milli\u00f3 eur\u00f3 k\u00f6lts\u00e9gmegtakar\u00edt\u00e1st eredm\u00e9nyez majd \u00e9vente, \u00e9s lehet\u0151v\u00e9 teszi, hogy a c\u00e9g kik\u00fcsz\u00f6b\u00f6lj\u00f6n minden olyan kiad\u00e1st, amely nem tartozik az alaptev\u00e9kenys\u00e9g\u00e9hez.<br \/>\n    A spanyol gy\u00e1rt\u00f3n\u00e1l az ut\u00f3bbi hetekben fesz\u00fclts\u00e9g alakult ki amiatt, hogy a n\u00e9met Volkswagen konszern bejelentette, a d\u00edzelbotr\u00e1ny miatt fel\u00fclvizsg\u00e1lja az \u00f6sszes tervezett beruh\u00e1z\u00e1s\u00e1t, \u00e9s szigor\u00edtj\u00e1k a m\u00e1r kor\u00e1bban elind\u00edtott k\u00f6lts\u00e9gcs\u00f6kkent\u00e9si programot. A SEAT kor\u00e1bbi t\u00e1j\u00e9koztat\u00e1sa szerint Spanyolorsz\u00e1gban t\u00f6bb mint 683 ezer aut\u00f3t adtak el manipul\u00e1lt motorral a Volkswagen-csoporthoz tartoz\u00f3 n\u00e9gy aut\u00f3m\u00e1rk\u00e1b\u00f3l, ebb\u0151l 221 ezer SEAT volt.<br \/>\n    A Martorell (Barcelona) sz\u00e9khely\u0171 SEAT a Volkswagen Csoport tagjak\u00e9nt h\u00e1rom spanyolorsz\u00e1gi helysz\u00ednen &#8211; Barcelona, El Prat de Llobregat \u00e9s Martorell -, valamint Portug\u00e1li\u00e1ban, Szlov\u00e1ki\u00e1ban, \u00e9s Csehorsz\u00e1gban v\u00e9gez gy\u00e1rt\u00f3tev\u00e9kenys\u00e9get. J\u00e1rm\u0171veinek t\u00f6bb mint 80 sz\u00e1zal\u00e9k\u00e1t export\u00e1lja, 75 orsz\u00e1gban van jelen.<br \/>\n    A SEAT \u00e1rbev\u00e9tele 2014-ben megk\u00f6zel\u00edtette a 7,5 milli\u00e1rd eur\u00f3t, ez eddigi t\u00f6rt\u00e9nelm\u00e9nek legjobb eredm\u00e9nye, vil\u00e1gszerte 390 500 j\u00e1rm\u0171 \u00e9rt\u00e9kes\u00edt\u00e9s\u00e9nek k\u00f6sz\u00f6nhet\u0151en. A SEAT-csoport t\u00f6bb mint 14 000 szakembert alkalmaz.(MTI)<\/p>\n","protected":false},"excerpt":{"rendered":"<p>Bemutatta 2025-ig tart\u00f3 \u00fctemterv\u00e9t a SEAT: a spanyol aut\u00f3gy\u00e1rt\u00f3 k\u00f6vetkez\u0151 t\u00edz \u00e9vre vonatkoz\u00f3 strat\u00e9gi\u00e1j\u00e1nak h\u00e1rom pill\u00e9re a nagy haszonkulcs\u00fa modellek fejleszt\u00e9se a n\u00f6vekv\u0151 szegmensek sz\u00e1m\u00e1ra, az \u00fcgyf\u00e9l-el\u00e9gedetts\u00e9g el\u0151t\u00e9rbe helyez\u00e9se, valamint az aut\u00f3ipar legvonz\u00f3bb munkaad\u00f3j\u00e1v\u00e1 v\u00e1lni Spanyolorsz\u00e1gban &#8211; t\u00e1j\u00e9koztatta a Volkswagen konszern m\u00e1rk\u00e1it Magyarorsz\u00e1gon k\u00e9pvisel\u0151 Porsche Hungaria az MTI-t h\u00e9tf\u0151n.<\/p>\n","protected":false},"author":1,"featured_media":0,"comment_status":"open","ping_status":"closed","sticky":false,"template":"","format":"standard","meta":[],"categories":[8],"tags":[],"_links":{"self":[{"href":"https:\/\/gazdasagportal.hu\/index.php\/wp-json\/wp\/v2\/posts\/69924"}],"collection":[{"href":"https:\/\/gazdasagportal.hu\/index.php\/wp-json\/wp\/v2\/posts"}],"about":[{"href":"https:\/\/gazdasagportal.hu\/index.php\/wp-json\/wp\/v2\/types\/post"}],"author":[{"embeddable":true,"href":"https:\/\/gazdasagportal.hu\/index.php\/wp-json\/wp\/v2\/users\/1"}],"replies":[{"embeddable":true,"href":"https:\/\/gazdasagportal.hu\/index.php\/wp-json\/wp\/v2\/comments?post=69924"}],"version-history":[{"count":1,"href":"https:\/\/gazdasagportal.hu\/index.php\/wp-json\/wp\/v2\/posts\/69924\/revisions"}],"predecessor-version":[{"id":69925,"href":"https:\/\/gazdasagportal.hu\/index.php\/wp-json\/wp\/v2\/posts\/69924\/revisions\/69925"}],"wp:attachment":[{"href":"https:\/\/gazdasagportal.hu\/index.php\/wp-json\/wp\/v2\/media?parent=69924"}],"wp:term":[{"taxonomy":"category","embeddable":true,"href":"https:\/\/gazdasagportal.hu\/index.php\/wp-json\/wp\/v2\/categories?post=69924"},{"taxonomy":"post_tag","embeddable":true,"href":"https:\/\/gazdasagportal.hu\/index.php\/wp-json\/wp\/v2\/tags?post=69924"}],"curies":[{"name":"wp","href":"https:\/\/api.w.org\/{rel}","templated":true}]}}