{"id":69918,"date":"2015-11-02T18:30:03","date_gmt":"2015-11-02T17:30:03","guid":{"rendered":"http:\/\/gazdasagportal.hu\/?p=69918"},"modified":"2015-11-02T17:49:50","modified_gmt":"2015-11-02T16:49:50","slug":"szerbia-a-jovo-evi-koltsegvetesrol-targyal-az-imf-fel","status":"publish","type":"post","link":"https:\/\/gazdasagportal.hu\/index.php\/szerbia-a-jovo-evi-koltsegvetesrol-targyal-az-imf-fel\/","title":{"rendered":"Szerbia a j\u00f6v\u0151 \u00e9vi k\u00f6lts\u00e9gvet\u00e9sr\u0151l t\u00e1rgyal az IMF-fel"},"content":{"rendered":"<p><strong>A k\u00f6vetkez\u0151 \u00e9vi k\u00f6lts\u00e9gvet\u00e9sr\u0151l, valamint a k\u00f6zszf\u00e9r\u00e1ban dolgoz\u00f3k b\u00e9re \u00e9s a nyugd\u00edjak esetleges n\u00f6vel\u00e9s\u00e9r\u0151l t\u00e1rgyal a Nemzetk\u00f6zi Valutaalappal (IMF) a szerb korm\u00e1ny.<\/strong><!--more--><\/p>\n<div class=\"ads-in-post1\"><div id=\"gazdasagportal.hu_fullbanner_wideboard\"><\/div>\r\n<\/div>\n<p>    Az IMF t\u00e1rgyal\u00f3csoportja a m\u00falt h\u00e9ten \u00e9rkezett a nyugat-balk\u00e1ni orsz\u00e1gba a Szerbia sz\u00e1m\u00e1ra j\u00f3v\u00e1hagyott, mintegy 1,2 milli\u00e1rd eur\u00f3s k\u00e9szenl\u00e9ti hitel harmadik fel\u00fclvizsg\u00e1lat\u00e1ra.<br \/>\n    A szerb korm\u00e1ny tavaly novemberben cs\u00f6kkentette jelent\u0151sen a b\u00e9reket \u00e9s a nyugd\u00edjakat, valamint megsz\u00fcntette a vesztes\u00e9ges \u00e1llami v\u00e1llalatok t\u00e1mogat\u00e1s\u00e1t. Az int\u00e9zked\u00e9st\u0151l a k\u00f6lts\u00e9gvet\u00e9si hi\u00e1ny \u00e9s az \u00e1llamad\u00f3ss\u00e1g cs\u00f6kken\u00e9s\u00e9t v\u00e1rt\u00e1k. Akkor a 2015-\u00f6s k\u00f6lts\u00e9gvet\u00e9si hi\u00e1nyt a brutt\u00f3 hazai term\u00e9k (GDP) 4,75 sz\u00e1zal\u00e9k\u00e1ban \u00e1llap\u00edtott\u00e1k meg, \u00e1m az az el\u0151rejelz\u00e9sek szerint csup\u00e1n 1,5 sz\u00e1zal\u00e9kos lesz, \u00edgy a belgr\u00e1di korm\u00e1ny azt rem\u00e9li, hogy emelhet a juttat\u00e1sokon, \u00e9s megemelheti a fizet\u00e9seket f\u0151leg az oktat\u00e1s- \u00e9s az eg\u00e9szs\u00e9g\u00fcgyben. Belgr\u00e1d der\u0171l\u00e1t\u00f3, annak ellen\u00e9re, hogy a k\u00e9szenl\u00e9ti hitel m\u00e1sodik fel\u00fclvizsg\u00e1latakor az IMF visszafogottan nyilatkozott az esetleges emel\u00e9sekr\u0151l. Dusan Vujovic p\u00e9nz\u00fcgyminiszter a szerbiai k\u00f6zszolg\u00e1lati telev\u00edzi\u00f3nak h\u00e9tf\u0151n azt mondta: van ok az optimizmusra.<br \/>\n    Szerbia \u00e1llamad\u00f3ss\u00e1ga jelenleg a GDP 73 sz\u00e1zal\u00e9k\u00e1t teszi ki, j\u00f3val magasabb az IMF \u00e1ltal elv\u00e1rtn\u00e1l. A k\u00f6lts\u00e9gvet\u00e9si hi\u00e1nyt viszont a vesztes\u00e9ges \u00e1llami v\u00e1llalatok t\u00e1mogat\u00e1s\u00e1nak megsz\u00fcntet\u00e9s\u00e9vel siker\u00fclt jelent\u0151sen m\u00e9rs\u00e9kelni, \u00e9s tov\u00e1bbi cs\u00f6kken\u00e9sre sz\u00e1m\u00edtanak azt k\u00f6vet\u0151en, hogy a m\u00e9g l\u00e9tez\u0151 17 vesztes\u00e9ges v\u00e1llalatot bez\u00e1rj\u00e1k vagy privatiz\u00e1lj\u00e1k. Emellett r\u00e9g\u00f3ta \u00edg\u00e9ri a korm\u00e1nyzat, hogy jelent\u0151sen megnyirb\u00e1lja a mintegy 700 ezres k\u00f6zszf\u00e9r\u00e1t. A 7,2 milli\u00f3s Szerbia lakoss\u00e1g\u00e1nak egytizede, \u00e9s a munkav\u00e1llal\u00f3k mintegy 40 sz\u00e1zal\u00e9ka az \u00e1llami szektorban dolgozik. A korm\u00e1ny \u00edg\u00e9rete szerint az \u00e9v v\u00e9g\u00e9ig k\u00f6r\u00fclbel\u00fcl 9 ezer k\u00f6zalkalmazottat bocs\u00e1tanak el.(MTI)<\/p>\n","protected":false},"excerpt":{"rendered":"<p>A k\u00f6vetkez\u0151 \u00e9vi k\u00f6lts\u00e9gvet\u00e9sr\u0151l, valamint a k\u00f6zszf\u00e9r\u00e1ban dolgoz\u00f3k b\u00e9re \u00e9s a nyugd\u00edjak esetleges n\u00f6vel\u00e9s\u00e9r\u0151l t\u00e1rgyal a Nemzetk\u00f6zi Valutaalappal (IMF) a szerb korm\u00e1ny.<\/p>\n","protected":false},"author":1,"featured_media":0,"comment_status":"open","ping_status":"closed","sticky":false,"template":"","format":"standard","meta":[],"categories":[246],"tags":[],"_links":{"self":[{"href":"https:\/\/gazdasagportal.hu\/index.php\/wp-json\/wp\/v2\/posts\/69918"}],"collection":[{"href":"https:\/\/gazdasagportal.hu\/index.php\/wp-json\/wp\/v2\/posts"}],"about":[{"href":"https:\/\/gazdasagportal.hu\/index.php\/wp-json\/wp\/v2\/types\/post"}],"author":[{"embeddable":true,"href":"https:\/\/gazdasagportal.hu\/index.php\/wp-json\/wp\/v2\/users\/1"}],"replies":[{"embeddable":true,"href":"https:\/\/gazdasagportal.hu\/index.php\/wp-json\/wp\/v2\/comments?post=69918"}],"version-history":[{"count":1,"href":"https:\/\/gazdasagportal.hu\/index.php\/wp-json\/wp\/v2\/posts\/69918\/revisions"}],"predecessor-version":[{"id":69919,"href":"https:\/\/gazdasagportal.hu\/index.php\/wp-json\/wp\/v2\/posts\/69918\/revisions\/69919"}],"wp:attachment":[{"href":"https:\/\/gazdasagportal.hu\/index.php\/wp-json\/wp\/v2\/media?parent=69918"}],"wp:term":[{"taxonomy":"category","embeddable":true,"href":"https:\/\/gazdasagportal.hu\/index.php\/wp-json\/wp\/v2\/categories?post=69918"},{"taxonomy":"post_tag","embeddable":true,"href":"https:\/\/gazdasagportal.hu\/index.php\/wp-json\/wp\/v2\/tags?post=69918"}],"curies":[{"name":"wp","href":"https:\/\/api.w.org\/{rel}","templated":true}]}}