{"id":69916,"date":"2015-11-02T17:31:33","date_gmt":"2015-11-02T16:31:33","guid":{"rendered":"http:\/\/gazdasagportal.hu\/?p=69916"},"modified":"2015-11-02T17:31:33","modified_gmt":"2015-11-02T16:31:33","slug":"ukran-valsag-az-ukran-aceltermeles-18-szazalekkal-csokkent-az-elso-10-honapban","status":"publish","type":"post","link":"https:\/\/gazdasagportal.hu\/index.php\/ukran-valsag-az-ukran-aceltermeles-18-szazalekkal-csokkent-az-elso-10-honapban\/","title":{"rendered":"Ukr\u00e1n v\u00e1ls\u00e1g &#8211; Az ukr\u00e1n ac\u00e9ltermel\u00e9s 18 sz\u00e1zal\u00e9kkal cs\u00f6kkent az els\u0151 10 h\u00f3napban"},"content":{"rendered":"<p><strong>Jelent\u0151sen cs\u00f6kkent az idei els\u0151 t\u00edz h\u00f3napban az ukr\u00e1n ac\u00e9ltermel\u00e9s, amely az orsz\u00e1g exportbev\u00e9tel\u00e9nek komoly h\u00e1nyad\u00e1t adja.<\/strong><!--more--><\/p>\n<div class=\"ads-in-post1\"><div id=\"gazdasagportal.hu_fullbanner_wideboard\"><\/div>\r\n<\/div>\n<p>    Az ukr\u00e1n ac\u00e9ltermel\u0151k sz\u00f6vets\u00e9ge, a Metallurgprom h\u00e9tf\u0151i k\u00f6zl\u00e9se szerint az orsz\u00e1g ac\u00e9ltermel\u00e9se 19,12 milli\u00f3 tonna volt az idei els\u0151 t\u00edz h\u00f3napban, ami 18 sz\u00e1zal\u00e9kkal marad el az egy \u00e9vvel kor\u00e1bbit\u00f3l.<br \/>\n    A Metallurgprom nem k\u00f6z\u00f6lte az ac\u00e9ltermel\u00e9s visszaes\u00e9s\u00e9nek az ok\u00e1t, de a szeparatist\u00e1k \u00e1ltal ellen\u0151rz\u00f6tt keleti orsz\u00e1gr\u00e9szben t\u00f6bb nagy ac\u00e9lgy\u00e1r nem termel.<br \/>\n    Az ac\u00e9l \u00e9s ac\u00e9lterm\u00e9kek kivitele adta tavaly Ukrajna exportbev\u00e9tel\u00e9nek k\u00f6zel a negyed\u00e9t.<br \/>\n    Ukrajna 2014. \u00e9vi ac\u00e9ltermel\u00e9se 27,16 milli\u00f3 tonna volt, ami 17 sz\u00e1zal\u00e9kkal maradt el az egy \u00e9vvel kor\u00e1bbit\u00f3l, amikor m\u00e9g egy sz\u00e1zal\u00e9kkal n\u0151tt 2012-h\u00f6z k\u00e9pest.(MTI)<\/p>\n","protected":false},"excerpt":{"rendered":"<p>Jelent\u0151sen cs\u00f6kkent az idei els\u0151 t\u00edz h\u00f3napban az ukr\u00e1n ac\u00e9ltermel\u00e9s, amely az orsz\u00e1g exportbev\u00e9tel\u00e9nek komoly h\u00e1nyad\u00e1t adja.<\/p>\n","protected":false},"author":1,"featured_media":0,"comment_status":"open","ping_status":"closed","sticky":false,"template":"","format":"standard","meta":[],"categories":[139],"tags":[],"_links":{"self":[{"href":"https:\/\/gazdasagportal.hu\/index.php\/wp-json\/wp\/v2\/posts\/69916"}],"collection":[{"href":"https:\/\/gazdasagportal.hu\/index.php\/wp-json\/wp\/v2\/posts"}],"about":[{"href":"https:\/\/gazdasagportal.hu\/index.php\/wp-json\/wp\/v2\/types\/post"}],"author":[{"embeddable":true,"href":"https:\/\/gazdasagportal.hu\/index.php\/wp-json\/wp\/v2\/users\/1"}],"replies":[{"embeddable":true,"href":"https:\/\/gazdasagportal.hu\/index.php\/wp-json\/wp\/v2\/comments?post=69916"}],"version-history":[{"count":1,"href":"https:\/\/gazdasagportal.hu\/index.php\/wp-json\/wp\/v2\/posts\/69916\/revisions"}],"predecessor-version":[{"id":69917,"href":"https:\/\/gazdasagportal.hu\/index.php\/wp-json\/wp\/v2\/posts\/69916\/revisions\/69917"}],"wp:attachment":[{"href":"https:\/\/gazdasagportal.hu\/index.php\/wp-json\/wp\/v2\/media?parent=69916"}],"wp:term":[{"taxonomy":"category","embeddable":true,"href":"https:\/\/gazdasagportal.hu\/index.php\/wp-json\/wp\/v2\/categories?post=69916"},{"taxonomy":"post_tag","embeddable":true,"href":"https:\/\/gazdasagportal.hu\/index.php\/wp-json\/wp\/v2\/tags?post=69916"}],"curies":[{"name":"wp","href":"https:\/\/api.w.org\/{rel}","templated":true}]}}