{"id":69884,"date":"2015-11-02T06:54:49","date_gmt":"2015-11-02T05:54:49","guid":{"rendered":"http:\/\/gazdasagportal.hu\/?p=69884"},"modified":"2015-11-02T06:54:49","modified_gmt":"2015-11-02T05:54:49","slug":"gki-fokozatosan-lassul-a-gazdasagi-novekedes","status":"publish","type":"post","link":"https:\/\/gazdasagportal.hu\/index.php\/gki-fokozatosan-lassul-a-gazdasagi-novekedes\/","title":{"rendered":"GKI: fokozatosan lassul a gazdas\u00e1gi n\u00f6veked\u00e9s"},"content":{"rendered":"<p><strong>A magyar gazdas\u00e1g 2015 m\u00e1sodik negyed\u00e9vben elkezd\u0151d\u00f6tt lassul\u00e1sa folytat\u00f3dni fog a GKI szerint, f\u0151leg a fejleszt\u00e9si c\u00e9l\u00fa EU-forr\u00e1sok \u00e1tmeneti visszaes\u00e9se, az \u00fczleti beruh\u00e1z\u00e1sok visszafogotts\u00e1ga \u00e9s a m\u00e9rs\u00e9keltebb kiviteli lehet\u0151s\u00e9gek k\u00f6vetkezt\u00e9ben &#8211; der\u00fcl ki GKI Gazdas\u00e1gkutat\u00f3 Zrt. el\u0151rejelz\u00e9s\u00e9b\u0151l.<\/strong><!--more--><\/p>\n<div class=\"ads-in-post1\"><div id=\"gazdasagportal.hu_fullbanner_wideboard\"><\/div>\r\n<\/div>\n<p>    Az MTI-hez eljuttatott progn\u00f3zis alapj\u00e1n a tavalyi 3,6 sz\u00e1zal\u00e9k ut\u00e1n az id\u00e9n a GDP 2,7 sz\u00e1zal\u00e9kos, j\u00f6v\u0151re 2 sz\u00e1zal\u00e9k k\u00f6r\u00fcli b\u0151v\u00fcl\u00e9se v\u00e1rhat\u00f3. A t\u00e1rsas\u00e1g megjegyezte, hogy m\u00edg 2014-ben a magyar gazdas\u00e1g \u00e1tmenetileg az egyik leggyorsabban n\u00f6vekv\u0151 volt az EU-ban, az idei m\u00e1sodik negyed\u00e9vben a r\u00e9gi\u00f3ban m\u00e1r a lengyel, a cseh, a szlov\u00e1k, a rom\u00e1n \u00e9s a lett is megel\u0151zte.<br \/>\n    A GKI kifejtette: a magyar ipari \u00e9s \u00e9p\u00edt\u0151ipari termel\u00e9s j\u00faliusban \u00e9s augusztusban is \u00e9rezhet\u0151en cs\u00f6kkent az el\u0151z\u0151 h\u00f3naphoz k\u00e9pest. A kev\u00e9s \u00faj ipari kapacit\u00e1s, a kevesebb export\u00e1lhat\u00f3 mez\u0151gazdas\u00e1gi \u00e1rualap \u00e9s az eur\u00f3pai, ezen bel\u00fcl a Magyarorsz\u00e1gnak k\u00fcl\u00f6n\u00f6sen fontos aut\u00f3ipari konjunkt\u00fara mind bizonytalanabb\u00e1 v\u00e1l\u00e1sa miatt romlottak a kiviteli lehet\u0151s\u00e9gek. A ny\u00e1r folyam\u00e1n lassult is a kivitel b\u0151v\u00fcl\u00e9se.<br \/>\n    A kiskereskedelemben kimutatott forgalom ugyan gyorsan b\u0151v\u00fcl, de itt &#8211; mivel a p\u00e9nzt\u00e1rg\u00e9peknek a Nemzeti Ad\u00f3- \u00e9s V\u00e1mhivatalhoz val\u00f3 bek\u00f6t\u00e9se tavaly szeptemberben lett k\u00f6telez\u0151 &#8211; az \u00e9v utols\u00f3 n\u00e9gy h\u00f3napj\u00e1ban m\u00e1r ugyancsak lassul\u00e1s v\u00e1rhat\u00f3 &#8211; v\u00e9li a kutat\u00f3int\u00e9zet.<br \/>\n    Id\u00e9n az els\u0151 nyolc h\u00f3napban a brutt\u00f3 b\u00e9rek 3,7 sz\u00e1zal\u00e9kkal n\u0151ttek, az \u00e9v eg\u00e9sz\u00e9ben 3,5 sz\u00e1zal\u00e9kos emelked\u00e9s\u00fck mellett a re\u00e1lkeresetek is hasonl\u00f3 m\u00e9rt\u00e9kben n\u00f6vekednek. J\u00f6v\u0151re a b\u00e9rki\u00e1raml\u00e1s kiss\u00e9 lassul, az \u00e1remelked\u00e9s az idei stagn\u00e1l\u00e1s ut\u00e1n 2 sz\u00e1zal\u00e9k k\u00f6r\u00fcli lesz, de mindezt a szem\u00e9lyi j\u00f6vedelemad\u00f3 (szja) 1 sz\u00e1zal\u00e9kpontos cs\u00f6kkent\u00e9se r\u00e9szben ellens\u00falyozza. \u00cdgy a re\u00e1lkeresetek 2-2,5 sz\u00e1zal\u00e9kos emelked\u00e9s\u00e9re sz\u00e1m\u00edt a GKI.<br \/>\n    A re\u00e1lj\u00f6vedelem \u00e9s a fogyaszt\u00e1s azonban csak 1,5 sz\u00e1zal\u00e9k k\u00f6r\u00fcli m\u00e9rt\u00e9kben, vagyis az idein\u00e9l lassabban n\u0151. A beruh\u00e1z\u00e1sok cs\u00f6kken\u00e9se \u00e9s a kivitel bizonytalans\u00e1ga mellett teh\u00e1t a fogyaszt\u00e1s n\u00e9mi lassul\u00e1sa is hozz\u00e1j\u00e1rul a gazdas\u00e1g f\u00e9kez\u0151d\u00e9s\u00e9hez &#8211; v\u00e9lekedett a kutat\u00f3int\u00e9zet.<br \/>\n    Az \u00e1llamh\u00e1ztart\u00e1s els\u0151 kilenc havi hi\u00e1nya az eg\u00e9sz \u00e9vre tervezett deficit 107,5 sz\u00e1zal\u00e9ka, r\u00e9szben az EU-finansz\u00edroz\u00e1s egy r\u00e9sz\u00e9nek \u00e1tmeneti felf\u00fcggeszt\u00e9se miatt, ez azonban v\u00e9get \u00e9rt. A 2015-re el\u0151ir\u00e1nyzott 2,4 sz\u00e1zal\u00e9kos, \u00e9s a 2016-ra tervezett 2 sz\u00e1zal\u00e9kos GDP-ar\u00e1nyos deficit megval\u00f3sul\u00e1sa bizonytalan, mindk\u00e9t \u00e9vben enn\u00e9l kiss\u00e9 magasabb hi\u00e1nyt prognosztiz\u00e1ltak a szakemberek. A k\u00fcls\u0151 egyens\u00faly az els\u0151 f\u00e9l \u00e9vben tov\u00e1bb javult, a foly\u00f3 fizet\u00e9si m\u00e9rleg akt\u00edvuma \u00e9s a be\u00e9rkezett EU-transzferek is emelkedtek. J\u00f6v\u0151re azonban ez ut\u00f3bbiak jelent\u0151sen visszaesnek &#8211; k\u00f6z\u00f6lt\u00e9k.<br \/>\n    A vil\u00e1ggazdas\u00e1gban, a k\u00ednai gazdas\u00e1gi n\u00f6veked\u00e9s tart\u00f3snak \u00edg\u00e9rkez\u0151 lassul\u00e1sa miatt, a kor\u00e1bbi progn\u00f3zisokn\u00e1l m\u00e9rs\u00e9keltebb dinamika v\u00e1rhat\u00f3: gyeng\u00fcl az Amerik\u00e1ban megindult konjunkt\u00fara, v\u00e1rhat\u00f3an nagyobb m\u00e9rt\u00e9kben m\u00e9rs\u00e9kl\u0151dik az Eur\u00f3pai Uni\u00f3 n\u00f6veked\u00e9si teljes\u00edtm\u00e9nye, amit nem ellens\u00falyoznak az alacsony nyers- \u00e9s f\u0171t\u0151anyag-\u00e1rak, illetve a laza monet\u00e1ris kond\u00edci\u00f3k \u00e9s a semleges fisk\u00e1lis politik\u00e1k n\u00f6veked\u00e9s\u00f6szt\u00f6nz\u0151 hat\u00e1sa sem. A g\u00f6r\u00f6g p\u00e9nz\u00fcgyi csomag ugyan r\u00f6vidt\u00e1von stabiliz\u00e1l\u00f3 hat\u00e1s\u00fa, de a politikai kock\u00e1zatok er\u0151s\u00f6dnek, s az EU egyel\u0151re nem tal\u00e1l megfelel\u0151 v\u00e1laszt a menek\u00fclt\u00fcgy kezel\u00e9s\u00e9re, n\u00f6vekednek a tag\u00e1llamok k\u00f6z\u00f6tti ellent\u00e9tek &#8211; \u00edrta a GKI.(MTI)<\/p>\n","protected":false},"excerpt":{"rendered":"<p>A magyar gazdas\u00e1g 2015 m\u00e1sodik negyed\u00e9vben elkezd\u0151d\u00f6tt lassul\u00e1sa folytat\u00f3dni fog a GKI szerint, f\u0151leg a fejleszt\u00e9si c\u00e9l\u00fa EU-forr\u00e1sok \u00e1tmeneti visszaes\u00e9se, az \u00fczleti beruh\u00e1z\u00e1sok visszafogotts\u00e1ga \u00e9s a m\u00e9rs\u00e9keltebb kiviteli lehet\u0151s\u00e9gek k\u00f6vetkezt\u00e9ben &#8211; der\u00fcl ki GKI Gazdas\u00e1gkutat\u00f3 Zrt. el\u0151rejelz\u00e9s\u00e9b\u0151l.<\/p>\n","protected":false},"author":1,"featured_media":0,"comment_status":"open","ping_status":"closed","sticky":false,"template":"","format":"standard","meta":[],"categories":[19],"tags":[],"_links":{"self":[{"href":"https:\/\/gazdasagportal.hu\/index.php\/wp-json\/wp\/v2\/posts\/69884"}],"collection":[{"href":"https:\/\/gazdasagportal.hu\/index.php\/wp-json\/wp\/v2\/posts"}],"about":[{"href":"https:\/\/gazdasagportal.hu\/index.php\/wp-json\/wp\/v2\/types\/post"}],"author":[{"embeddable":true,"href":"https:\/\/gazdasagportal.hu\/index.php\/wp-json\/wp\/v2\/users\/1"}],"replies":[{"embeddable":true,"href":"https:\/\/gazdasagportal.hu\/index.php\/wp-json\/wp\/v2\/comments?post=69884"}],"version-history":[{"count":1,"href":"https:\/\/gazdasagportal.hu\/index.php\/wp-json\/wp\/v2\/posts\/69884\/revisions"}],"predecessor-version":[{"id":69885,"href":"https:\/\/gazdasagportal.hu\/index.php\/wp-json\/wp\/v2\/posts\/69884\/revisions\/69885"}],"wp:attachment":[{"href":"https:\/\/gazdasagportal.hu\/index.php\/wp-json\/wp\/v2\/media?parent=69884"}],"wp:term":[{"taxonomy":"category","embeddable":true,"href":"https:\/\/gazdasagportal.hu\/index.php\/wp-json\/wp\/v2\/categories?post=69884"},{"taxonomy":"post_tag","embeddable":true,"href":"https:\/\/gazdasagportal.hu\/index.php\/wp-json\/wp\/v2\/tags?post=69884"}],"curies":[{"name":"wp","href":"https:\/\/api.w.org\/{rel}","templated":true}]}}