{"id":69882,"date":"2015-11-01T21:56:50","date_gmt":"2015-11-01T20:56:50","guid":{"rendered":"http:\/\/gazdasagportal.hu\/?p=69882"},"modified":"2015-11-01T21:56:50","modified_gmt":"2015-11-01T20:56:50","slug":"szakerto-politikai-stabilitast-varnak-a-torok-szavazok","status":"publish","type":"post","link":"https:\/\/gazdasagportal.hu\/index.php\/szakerto-politikai-stabilitast-varnak-a-torok-szavazok\/","title":{"rendered":"Szak\u00e9rt\u0151: politikai stabilit\u00e1st v\u00e1rnak a t\u00f6r\u00f6k szavaz\u00f3k"},"content":{"rendered":"<p><strong>A vas\u00e1rnapi el\u0151re hozott t\u00f6r\u00f6k parlamenti v\u00e1laszt\u00e1sok azt mutatj\u00e1k, hogy els\u0151sorban politikai stabilit\u00e1sra v\u00e1gynak a szavaz\u00f3k\u00a0\u00a0&#8211; mondta Heged\u0171s Tam\u00e1s geopolitikai szak\u00e9rt\u0151 a voksol\u00e1s eddigi eredm\u00e9nyeit \u00e9rt\u00e9kelve az MTI-nek. <\/strong><!--more--><div class=\"ads-in-post1\"><div id=\"gazdasagportal.hu_fullbanner_wideboard\"><\/div>\r\n<\/div>\n<p>\u00a0\u00a0\u00a0\u00a0Az elemz\u0151 k\u00f6z\u00f6lte: a voksok jelenlegi, 96 sz\u00e1zal\u00e9kos feldolgozotts\u00e1g\u00e1n\u00e1l az l\u00e1tszik, hogy a korm\u00e1nyz\u00f3 iszlamista-konzervat\u00edv Igazs\u00e1g \u00e9s Fejl\u0151d\u00e9s P\u00e1rtja (AKP) komoly m\u00e9rt\u00e9kben tudta n\u00f6velni a t\u00e1mogatotts\u00e1g\u00e1t \u00e9s a szavazatok csaknem 50 sz\u00e1zal\u00e9k\u00e1t megszerezte. Ez azt jelenti, hogy a p\u00e1rtnak &#8222;k\u00e9nyelmesen megvan a parlamenti t\u00f6bbs\u00e9ge egyed\u00fcl is&#8221; &#8211; mutatott r\u00e1. Hozz\u00e1tette: az AKP-nak 315 mand\u00e1tuma lehet az 550 f\u0151s t\u00f6rv\u00e9nyhoz\u00e1sban.<br \/>\n\u00a0\u00a0\u00a0\u00a0\u00dagy v\u00e9lte, kism\u00e9rt\u00e9k\u0171 v\u00e1ltoz\u00e1sok ugyan m\u00e9g lehetnek, de az abszol\u00fat t\u00f6bbs\u00e9ge biztosan megvan a p\u00e1rtnak.<br \/>\n\u00a0\u00a0\u00a0\u00a0Heged\u0171s Tam\u00e1s kifejtette: a legnagyobb ellenz\u00e9ki p\u00e1rt, a balk\u00f6z\u00e9p K\u00f6zt\u00e1rsas\u00e1gi N\u00e9pp\u00e1rt (CHP) kis m\u00e9rt\u00e9kben szint\u00e9n jav\u00edtott a kor\u00e1bbi eredm\u00e9ny\u00e9n \u00e9s a voksok 25 sz\u00e1zal\u00e9k\u00e1t kapta. A v\u00e1laszt\u00e1s vesztesei a nacionalista Nemzeti Cselekv\u00e9s P\u00e1rtja (MHP), amely 12 sz\u00e1zal\u00e9kot kapott, valamint a kurdbar\u00e1t N\u00e9pi Demokratikus P\u00e1rt (HDP), amely valamivel t\u00f6bb mint 10 sz\u00e1zal\u00e9kot \u00e9rt el.<br \/>\n\u00a0\u00a0\u00a0\u00a0A szak\u00e9rt\u0151 szerint mindez azt jelenti, hogy az a k\u00e9t p\u00e1rt, amely j\u00faniusban a legnagyobb nyitotts\u00e1got mutatta a koal\u00edci\u00f3s korm\u00e1nyz\u00e1sra, n\u00f6velte a szavaz\u00f3t\u00e1bor\u00e1t, azokat a p\u00e1rtokat viszont, amelyek a k\u00f6zv\u00e9lem\u00e9ny el\u0151tt a koal\u00edci\u00f3 akad\u00e1lyoz\u00f3ik\u00e9nt jelentek meg, b\u00fcntett\u00e9k a szavaz\u00f3k \u00e9s kevesebben voksoltak r\u00e1juk.<br \/>\n\u00a0\u00a0\u00a0\u00a0Ez pedig &#8211; \u00e9s mindenekel\u0151tt a korm\u00e1nyz\u00f3 AKP t\u00e1mogatotts\u00e1g\u00e1nak n\u00f6veked\u00e9se &#8211; azt bizony\u00edtja, hogy az emberek els\u0151sorban politikai stabilit\u00e1sra v\u00e1gynak &#8211; magyar\u00e1zta.<br \/>\n\u00a0\u00a0\u00a0\u00a0Mint mondta, amikor legut\u00f3bb koal\u00edci\u00f3s korm\u00e1nyok voltak T\u00f6r\u00f6korsz\u00e1gban, az el\u00e9g kudarcos id\u0151szak volt, amelyet politikai \u00e9s gazdas\u00e1gi v\u00e1ls\u00e1g k\u00eds\u00e9rt, korm\u00e1nyv\u00e1ls\u00e1gok k\u00f6vett\u00e9k egym\u00e1st. A 2002 \u00f3ta tapasztalhat\u00f3 gazdas\u00e1gi fellend\u00fcl\u00e9s pedig nagy m\u00e9rt\u00e9kben a politikai stabilit\u00e1snak k\u00f6sz\u00f6nhet\u0151 &#8211; f\u0171zte hozz\u00e1.<br \/>\n\u00a0\u00a0\u00a0\u00a0Heged\u0171s Tam\u00e1s \u00fagy l\u00e1tja, a t\u00f6r\u00f6k\u00f6k ez\u00e9rt att\u00f3l f\u00e9ltek, hogy egy elh\u00faz\u00f3d\u00f3 politikai v\u00e1ls\u00e1g ism\u00e9t visszavetheti a gazdas\u00e1gi teljes\u00edtm\u00e9nyt.<br \/>\n\u00a0\u00a0\u00a0\u00a0Arra is kit\u00e9rt, hogy az elm\u00falt id\u0151ben terrorhull\u00e1m indult T\u00f6r\u00f6korsz\u00e1gban, ki\u00fajultak a Kurdiszt\u00e1ni Munk\u00e1sp\u00e1rt (PKK) \u00e9s a t\u00f6r\u00f6k \u00e1llam \u00f6sszecsap\u00e1sai, miut\u00e1n a PKK felmondta a t\u0171zsz\u00fcnetet, \u00e9s a t\u00e1mad\u00e1soknak t\u00f6bb mint 200 hal\u00e1los \u00e1ldozata volt.<br \/>\n\u00a0\u00a0\u00a0\u00a0Az elemz\u0151 kiemelte: az emberek t\u00f6bbs\u00e9ge teh\u00e1t egyr\u00e9szt a gazdas\u00e1gi visszaes\u00e9st\u0151l tartott, m\u00e1sr\u00e9szt pedig a l\u00e9tbiztons\u00e1ga miatt szavazott a konszolid\u00e1ci\u00f3ra. Most pedig \u00fajabb n\u00e9gy \u00e9vre biztos parlamenti t\u00f6bbs\u00e9get szerzett az AKP &#8211; k\u00f6z\u00f6lte. \u00dagy v\u00e9lte, a menek\u00fcltv\u00e1ls\u00e1g megold\u00e1sa szempontj\u00e1b\u00f3l is biztat\u00f3, hogy politikai stabilit\u00e1s v\u00e1rhat\u00f3 az eredm\u00e9nyek alapj\u00e1n.<br \/>\n\u00a0\u00a0\u00a0\u00a0Heged\u0171s Tam\u00e1s azt is elmondta, hogy az el\u0151rejelz\u00e9sek \u00e9s a nyugati elemz\u00e9sek nagy r\u00e9sze is a j\u00faniusi eredm\u00e9ny megism\u00e9tl\u0151d\u00e9s\u00e9re sz\u00e1m\u00edtott. Ehhez k\u00e9pest er\u0151teljes el\u0151ret\u00f6r\u00e9st \u00e9rt el az AKP, amely 2002 \u00f3ta minden t\u00f6r\u00f6korsz\u00e1gi v\u00e1laszt\u00e1st megnyert.(mti)<\/p>\n","protected":false},"excerpt":{"rendered":"<p>A vas\u00e1rnapi el\u0151re hozott t\u00f6r\u00f6k parlamenti v\u00e1laszt\u00e1sok azt mutatj\u00e1k, hogy els\u0151sorban politikai stabilit\u00e1sra v\u00e1gynak a szavaz\u00f3k\u00a0\u00a0&#8211; mondta Heged\u0171s Tam\u00e1s geopolitikai szak\u00e9rt\u0151 a voksol\u00e1s eddigi eredm\u00e9nyeit \u00e9rt\u00e9kelve az MTI-nek.<\/p>\n","protected":false},"author":1,"featured_media":0,"comment_status":"open","ping_status":"closed","sticky":false,"template":"","format":"standard","meta":[],"categories":[4],"tags":[],"_links":{"self":[{"href":"https:\/\/gazdasagportal.hu\/index.php\/wp-json\/wp\/v2\/posts\/69882"}],"collection":[{"href":"https:\/\/gazdasagportal.hu\/index.php\/wp-json\/wp\/v2\/posts"}],"about":[{"href":"https:\/\/gazdasagportal.hu\/index.php\/wp-json\/wp\/v2\/types\/post"}],"author":[{"embeddable":true,"href":"https:\/\/gazdasagportal.hu\/index.php\/wp-json\/wp\/v2\/users\/1"}],"replies":[{"embeddable":true,"href":"https:\/\/gazdasagportal.hu\/index.php\/wp-json\/wp\/v2\/comments?post=69882"}],"version-history":[{"count":1,"href":"https:\/\/gazdasagportal.hu\/index.php\/wp-json\/wp\/v2\/posts\/69882\/revisions"}],"predecessor-version":[{"id":69883,"href":"https:\/\/gazdasagportal.hu\/index.php\/wp-json\/wp\/v2\/posts\/69882\/revisions\/69883"}],"wp:attachment":[{"href":"https:\/\/gazdasagportal.hu\/index.php\/wp-json\/wp\/v2\/media?parent=69882"}],"wp:term":[{"taxonomy":"category","embeddable":true,"href":"https:\/\/gazdasagportal.hu\/index.php\/wp-json\/wp\/v2\/categories?post=69882"},{"taxonomy":"post_tag","embeddable":true,"href":"https:\/\/gazdasagportal.hu\/index.php\/wp-json\/wp\/v2\/tags?post=69882"}],"curies":[{"name":"wp","href":"https:\/\/api.w.org\/{rel}","templated":true}]}}