{"id":69875,"date":"2015-11-01T17:15:36","date_gmt":"2015-11-01T16:15:36","guid":{"rendered":"http:\/\/gazdasagportal.hu\/?p=69875"},"modified":"2015-11-01T13:36:31","modified_gmt":"2015-11-01T12:36:31","slug":"a-migracios-krizis-miatt-emelkedhet-a-koltsegvetesben-a-rendkivuli-tartalek","status":"publish","type":"post","link":"https:\/\/gazdasagportal.hu\/index.php\/a-migracios-krizis-miatt-emelkedhet-a-koltsegvetesben-a-rendkivuli-tartalek\/","title":{"rendered":"A migr\u00e1ci\u00f3s kr\u00edzis miatt emelkedhet a k\u00f6lts\u00e9gvet\u00e9sben a rendk\u00edv\u00fcli tartal\u00e9k"},"content":{"rendered":"<p><strong>\u00dajabb \u00f6tnapos \u00fcl\u00e9ssel folytatja munk\u00e1j\u00e1t az Orsz\u00e1ggy\u0171l\u00e9s a k\u00f6vetkez\u0151 k\u00e9t h\u00e9tben. A k\u00e9pvisel\u0151k r\u00e9szben a migr\u00e1ci\u00f3s v\u00e1ls\u00e1ggal \u00f6sszef\u00fcgg\u00e9sben kedden, vagy az azt k\u00f6vet\u0151 h\u00e9tf\u0151n m\u00f3dos\u00edthatj\u00e1k az idei k\u00f6lts\u00e9gvet\u00e9st, ami az el\u0151z\u0151 \u00fcl\u00e9sen a K\u00f6lts\u00e9gvet\u00e9si Tan\u00e1cs v\u00e9lem\u00e9ny\u00e9nek hi\u00e1ny\u00e1ban nem t\u00f6rt\u00e9nhetett meg.<\/strong><!--more--><\/p>\n<div class=\"ads-in-post1\"><div id=\"gazdasagportal.hu_fullbanner_wideboard\"><\/div>\r\n<\/div>\n<p>    A h\u00e1zeln\u00f6k napirendi javaslata alapj\u00e1n az \u00fcl\u00e9s h\u00e9tf\u0151n 13 \u00f3rakor, napirend el\u0151tti felsz\u00f3lal\u00e1sokkal, majd interpell\u00e1ci\u00f3kkal \u00e9s azonnali k\u00e9rd\u00e9sekkel folytat\u00f3dik.<br \/>\n    A parlament az els\u0151 \u00fcl\u00e9snap tov\u00e1bbi r\u00e9sz\u00e9ben a kedden elfogadni tervezett javaslatokat t\u00e1rgyalja utolj\u00e1ra, de ekkor \u00f6ntheti v\u00e9gleges form\u00e1ba az idei k\u00f6lts\u00e9gvet\u00e9s azon m\u00f3dos\u00edt\u00e1s\u00e1t is, amely 60 milli\u00e1rd forinttal megemeln\u00e9 a rendk\u00edv\u00fcli korm\u00e1nyzati int\u00e9zked\u00e9sek keret\u00e9t. A korm\u00e1ny indokl\u00e1sa szerint erre az\u00e9rt van sz\u00fcks\u00e9g, mert az eredetileg 100 milli\u00e1rd forintos keret szinte teljesen kimer\u00fclt, r\u00e9szben a migr\u00e1nsv\u00e1ls\u00e1g kezel\u00e9s\u00e9re ford\u00edtott 30 milli\u00e1rd forint miatt. A b\u00fcdzs\u00e9 m\u00f3dos\u00edt\u00e1sa tartalmazza tov\u00e1bb\u00e1 a M\u00e9diaszolg\u00e1ltat\u00e1s-t\u00e1mogat\u00f3 \u00e9s Vagyonkezel\u0151 Alap (MTVA) 47,2 milli\u00e1rd forintos hitel\u00e9nek \u00e1tv\u00e1llal\u00e1s\u00e1t is. Emellett a k\u00f6lts\u00e9gvet\u00e9si bizotts\u00e1g m\u00f3dos\u00edt\u00f3 javaslat\u00e1nak elfogad\u00e1sa eset\u00e9n a Modern V\u00e1rosok Program 25 milli\u00e1rd forintos t\u00f6bblett\u00e1mogat\u00e1st kaphat.<br \/>\n    A m\u00e1sodik \u00fcl\u00e9snap a magyar tudom\u00e1ny \u00fcnnep\u00e9r\u0151l sz\u00f3l\u00f3 megeml\u00e9kez\u00e9ssel, majd napirend el\u0151tti felsz\u00f3lal\u00e1sokkal kezd\u0151dik, ezt k\u00f6vetik a hat\u00e1rozathozatalok.<br \/>\n    A k\u00e9pvisel\u0151k a 2015-\u00f6s k\u00f6lts\u00e9gvet\u00e9s m\u00f3dos\u00edt\u00e1sa mellett ekkor foglalhatj\u00e1k v\u00e9lem\u00e9ny\u00fcket orsz\u00e1ggy\u0171l\u00e9si hat\u00e1rozatba arr\u00f3l az eur\u00f3pai parlamenti \u00e9s tan\u00e1csi rendelettervezetr\u0151l, amely lehet\u0151v\u00e9 tenn\u00e9 a mened\u00e9kk\u00e9r\u0151k tag\u00e1llamok k\u00f6z\u00f6tt kv\u00f3t\u00e1k szerint t\u00f6rt\u00e9n\u0151 sz\u00e9toszt\u00e1s\u00e1t.<br \/>\n    A tavalyi k\u00f6lts\u00e9gvet\u00e9s z\u00e1rsz\u00e1mad\u00e1s\u00e1nak elfogad\u00e1sa mellett megszavazhatj\u00e1k a Nemzeti M\u00e9dia- \u00e9s H\u00edrk\u00f6zl\u00e9si Hat\u00f3s\u00e1g (NMHH) 2016-os b\u00fcdzs\u00e9j\u00e9t.<br \/>\n    J\u00f3v\u00e1hagyhatj\u00e1k a K\u00faria \u00e9s az Orsz\u00e1gos B\u00edr\u00f3s\u00e1gi Hivatal (OBH) eln\u00f6keinek, valamint a legf\u0151bb \u00fcgy\u00e9sz 2014-es tev\u00e9kenys\u00e9g\u00e9r\u0151l sz\u00f3l\u00f3 besz\u00e1mol\u00f3kat.<br \/>\n    M\u00f3dos\u00edthatj\u00e1k a mag\u00e1ncs\u0151dr\u0151l, a term\u00e9kd\u00edjr\u00f3l sz\u00f3l\u00f3 jogszab\u00e1lyokat.<br \/>\n    Az Orsz\u00e1ggy\u0171l\u00e9s a magyar sz\u00f3rv\u00e1ny napj\u00e1v\u00e1 nyilv\u00e1n\u00edthatja november 15-\u00e9t, Bethlen G\u00e1bor erd\u00e9lyi fejedelem sz\u00fclet\u00e9s\u00e9nek napj\u00e1t.<br \/>\n    Kedden a szavaz\u00e1sokat k\u00f6vet\u0151en t\u00f6bb m\u00e1s javaslat \u00e1ltal\u00e1nos vit\u00e1ja mellett az Eur\u00f3pai Bizotts\u00e1g elmarasztal\u00e1s\u00e1ra reag\u00e1lva ter\u00edt\u00e9kre ker\u00fcl az \u00e9lelmiszerl\u00e1nc-fel\u00fcgyeleti d\u00edj cs\u00f6kkent\u00e9se is.<br \/>\n    Szerd\u00e1n a Magyar Nemzeti Bank (MNB) 2012-2014. k\u00f6z\u00f6tti \u00fczleti jelent\u00e9seit t\u00e1rgyalj\u00e1k, cs\u00fct\u00f6rt\u00f6k\u00f6n pedig az egyes hat\u00f3s\u00e1gi elj\u00e1r\u00e1sok illet\u00e9keinek \u00e9s szolg\u00e1ltat\u00e1si d\u00edjainak megsz\u00fcntet\u00e9s\u00e9r\u0151l tartanak \u00e1ltal\u00e1nos vit\u00e1t.<br \/>\n    A parlament aktu\u00e1lis \u00fcl\u00e9se a j\u00f6v\u0151 h\u00e9t ut\u00e1ni h\u00e9tf\u0151n \u00e9r v\u00e9get, amikor a k\u00e9pvisel\u0151k k\u00e9rd\u00e9seket, azonnali k\u00e9rd\u00e9seket tehetnek fel a korm\u00e1nynak. Az idei k\u00f6lts\u00e9gvet\u00e9s m\u00f3dos\u00edt\u00e1sa is erre az \u00fcl\u00e9snapra cs\u00faszhat, amennyiben kor\u00e1bban nem \u00e9rkezik meg a K\u00f6lts\u00e9gvet\u00e9si Tan\u00e1cs arr\u00f3l sz\u00f3l\u00f3 v\u00e9lem\u00e9nye.(MTI)<\/p>\n","protected":false},"excerpt":{"rendered":"<p>\u00dajabb \u00f6tnapos \u00fcl\u00e9ssel folytatja munk\u00e1j\u00e1t az Orsz\u00e1ggy\u0171l\u00e9s a k\u00f6vetkez\u0151 k\u00e9t h\u00e9tben. A k\u00e9pvisel\u0151k r\u00e9szben a migr\u00e1ci\u00f3s v\u00e1ls\u00e1ggal \u00f6sszef\u00fcgg\u00e9sben kedden, vagy az azt k\u00f6vet\u0151 h\u00e9tf\u0151n m\u00f3dos\u00edthatj\u00e1k az idei k\u00f6lts\u00e9gvet\u00e9st, ami az el\u0151z\u0151 \u00fcl\u00e9sen a K\u00f6lts\u00e9gvet\u00e9si Tan\u00e1cs v\u00e9lem\u00e9ny\u00e9nek hi\u00e1ny\u00e1ban nem t\u00f6rt\u00e9nhetett meg.<\/p>\n","protected":false},"author":1,"featured_media":0,"comment_status":"open","ping_status":"closed","sticky":false,"template":"","format":"standard","meta":[],"categories":[19],"tags":[],"_links":{"self":[{"href":"https:\/\/gazdasagportal.hu\/index.php\/wp-json\/wp\/v2\/posts\/69875"}],"collection":[{"href":"https:\/\/gazdasagportal.hu\/index.php\/wp-json\/wp\/v2\/posts"}],"about":[{"href":"https:\/\/gazdasagportal.hu\/index.php\/wp-json\/wp\/v2\/types\/post"}],"author":[{"embeddable":true,"href":"https:\/\/gazdasagportal.hu\/index.php\/wp-json\/wp\/v2\/users\/1"}],"replies":[{"embeddable":true,"href":"https:\/\/gazdasagportal.hu\/index.php\/wp-json\/wp\/v2\/comments?post=69875"}],"version-history":[{"count":1,"href":"https:\/\/gazdasagportal.hu\/index.php\/wp-json\/wp\/v2\/posts\/69875\/revisions"}],"predecessor-version":[{"id":69876,"href":"https:\/\/gazdasagportal.hu\/index.php\/wp-json\/wp\/v2\/posts\/69875\/revisions\/69876"}],"wp:attachment":[{"href":"https:\/\/gazdasagportal.hu\/index.php\/wp-json\/wp\/v2\/media?parent=69875"}],"wp:term":[{"taxonomy":"category","embeddable":true,"href":"https:\/\/gazdasagportal.hu\/index.php\/wp-json\/wp\/v2\/categories?post=69875"},{"taxonomy":"post_tag","embeddable":true,"href":"https:\/\/gazdasagportal.hu\/index.php\/wp-json\/wp\/v2\/tags?post=69875"}],"curies":[{"name":"wp","href":"https:\/\/api.w.org\/{rel}","templated":true}]}}