{"id":69841,"date":"2015-10-31T05:02:23","date_gmt":"2015-10-31T04:02:23","guid":{"rendered":"http:\/\/gazdasagportal.hu\/?p=69841"},"modified":"2015-10-30T22:59:21","modified_gmt":"2015-10-30T21:59:21","slug":"europat-elarultak-ha-nem-allunk-ki-erte-akkor-el-is-fogjak-venni-tolunk","status":"publish","type":"post","link":"https:\/\/gazdasagportal.hu\/index.php\/europat-elarultak-ha-nem-allunk-ki-erte-akkor-el-is-fogjak-venni-tolunk\/","title":{"rendered":"Eur\u00f3p\u00e1t el\u00e1rult\u00e1k, ha nem \u00e1llunk ki \u00e9rte, akkor el is fogj\u00e1k venni t\u0151l\u00fcnk"},"content":{"rendered":"<p><strong>Eur\u00f3p\u00e1t el\u00e1rult\u00e1k, \u00e9s ha nem \u00e1llunk ki \u00e9rte, akkor ezt az Eur\u00f3p\u00e1t el fogj\u00e1k t\u0151l\u00fcnk venni &#8211; mondta a bev\u00e1ndorl\u00e1si v\u00e1ls\u00e1gr\u00f3l sz\u00f3lva Orb\u00e1n Viktor minisztereln\u00f6k p\u00e9nteken Budapesten, Az id\u0151k jelei c\u00edm\u0171 vitaanyagot bemutat\u00f3 konferenci\u00e1n.<\/strong><!--more--><\/p>\n<div class=\"ads-in-post1\"><div id=\"gazdasagportal.hu_fullbanner_wideboard\"><\/div>\r\n<\/div>\n<p>    Ha nem \u00e1llunk ki Eur\u00f3p\u00e1\u00e9rt, a kontinens t\u00f6bb\u00e9 nem az itt \u00e9l\u0151 polg\u00e1rok Eur\u00f3p\u00e1ja lesz, hanem n\u00e9h\u00e1ny nagy p\u00e9nzt mozgat\u00f3, a nemzet\u00e1llamok keretein t\u00falgondolkod\u00f3, aktivista, senki \u00e1ltal meg nem v\u00e1lasztott vezet\u0151 hagym\u00e1zas \u00e1lm\u00e1t teljes\u00edti majd be a k\u00f6vetkez\u0151 id\u0151szakban. &#8222;Ha most a Soros Alap\u00edtv\u00e1nyra gondolnak, az nem indokolatlan&#8221; &#8211; fogalmazott hallgat\u00f3s\u00e1ga el\u0151tt a korm\u00e1nyf\u0151 a Kereszt\u00e9ny \u00c9rtelmis\u00e9giek Sz\u00f6vets\u00e9ge, a Magyar Polg\u00e1ri Egy\u00fcttm\u0171k\u00f6d\u00e9s Egyes\u00fclet \u00e9s a Professzorok Batthy\u00e1ny K\u00f6re \u00e1ltal szervezett rendezv\u00e9nyen.<br \/>\n    Orb\u00e1n Viktor \u00e1ll\u00e1spontja szerint nem v\u00e9letlen, hogy naponta t\u00f6bb ezer embert sz\u00e1ll\u00edtanak be Eur\u00f3p\u00e1ba: &#8222;nem egyszer\u0171en teszetoszas\u00e1gr\u00f3l&#8221; van sz\u00f3, hanem egy tudatos, baloldalinak mondhat\u00f3 szellemi konstrukci\u00f3t akarnak megval\u00f3s\u00edtani, ami a nemzet\u00e1llamokat Eur\u00f3p\u00e1ban z\u00e1r\u00f3jelbe akarja tenni, \u00e9s ha m\u00e1r a hagyom\u00e1nyos politikai k\u00fczdelemben nem siker\u00fclt megbirk\u00f3zniuk a kereszt\u00e9nys\u00e9ggel \u00e9s a nemzet\u00e1llami identit\u00e1ssal, akkor megk\u00eds\u00e9rlik etnikai alapon.<br \/>\n    &#8222;Ezzel az \u00f6sszeesk\u00fcv\u00e9ssel, ezzel az \u00e1rul\u00e1ssal szemben nek\u00fcnk a demokr\u00e1ci\u00e1hoz kell fordulnunk, a n\u00e9phez kell fordulnunk&#8221;, hogy igent vagy nemet mondhassanak a jelenlegi t\u00f6rt\u00e9n\u00e9sekre &#8211; szorgalmazta a korm\u00e1nyf\u0151, aki ez\u00e9rt el\u0151sz\u00f6r egy eur\u00f3pai vita ind\u00edt\u00e1s\u00e1t javasolta. E vita c\u00e9lj\u00e1t pedig abban l\u00e1tja, hogy egy er\u0151s \u00e9s kereszt\u00e9ny Eur\u00f3pa kerekedjen ki bel\u0151le.<br \/>\n    Sz\u00f3lt Ausztria hat\u00e1rv\u00e9delm\u00e9r\u0151l is, amelyr\u0151l &#8211; id\u00e9zte &#8211; Ausztria &#8222;v\u00e1lasztott vezet\u0151je azt mondja, nem ker\u00edt\u00e9st \u00e9p\u00edt\u00fcnk, hanem kaput, aminek hossz\u00fa sz\u00e1rnyai vannak&#8221;. A Werner Faymann osztr\u00e1k kancell\u00e1rra utal\u00f3 szavai nagy der\u00fclts\u00e9get keltettek a teremben, \u00e9s Orb\u00e1n Viktor is azt mondta, hogy ez els\u0151 hall\u00e1sra vicces dolog, val\u00f3j\u00e1ban azonban sz\u00e1nalmas. Szerinte ugyanis azt mutatja, hogy Eur\u00f3pa, amely a sz\u00f3l\u00e1sszabads\u00e1g vil\u00e1ga volt, ma olyan szellemi \u00e1llapotban van, hogy bizonyos szavakat, p\u00e9ld\u00e1ul a ker\u00edt\u00e9st, nem lehet kimondani.<br \/>\n    A minisztereln\u00f6k besz\u00e9d\u00e9ben hosszan felid\u00e9zte a magyarorsz\u00e1gi polg\u00e1ri oldal rendszerv\u00e1lt\u00e1s ut\u00e1ni t\u00f6rt\u00e9net\u00e9t is, feleleven\u00edtve p\u00e9ld\u00e1ul 1994-et &#8211; amikor &#8222;visszaj\u00f6ttek a kommunist\u00e1k&#8221;, b\u00e1r parlamenti v\u00e1laszt\u00e1sokon, \u00e9s &#8222;nem tankokon&#8221;, ami &#8222;min\u0151s\u00e9gi v\u00e1ltoz\u00e1s&#8221; -, abban az \u00e9vben ugyanis m\u00e1r megt\u00f6rt\u00e9nt az els\u0151 k\u00eds\u00e9rlet a polg\u00e1ri sz\u00f6vets\u00e9g fel\u00e9p\u00edt\u00e9s\u00e9re, \u00e1m ez akkor nem siker\u00fclt.<br \/>\n    Kit\u00e9rt a Fidesz \u00e9s a KDNP kapcsolat\u00e1ra is, amelyet \u00fagy jellemzett: e sz\u00f6vets\u00e9gben a Kereszt\u00e9nydemokrata N\u00e9pp\u00e1rt dolga, hogy haj\u00f3horgonyk\u00e9nt szolg\u00e1ljon. Nem v\u00e9letlen az sem &#8211; folytatta -, hogy az Alkotm\u00e1nyb\u00edr\u00f3s\u00e1g (Ab) mai \u00f6sszet\u00e9tele is &#8211; ami szerinte legal\u00e1bb olyan fontos, mint a parlament\u00e9 &#8211; alapvet\u0151en konzervat\u00edv, kereszt\u00e9nydemokrata t\u00f6bbs\u00e9g\u0171. Az Ab d\u00f6nt\u00e9seivel igyekszik \u00e9rv\u00e9nyt szerezni azoknak az alkotm\u00e1nyos alapoknak, amelyeket a Fidesz \u00e9s a KDNP k\u00f6z\u00f6sen alkotott meg &#8211; mondta.<br \/>\n    A t\u00f6rt\u00e9neti \u00e1ttekint\u00e9sben hangs\u00falyozta tov\u00e1bb\u00e1 azt, hogy az el\u0151z\u0151 ciklusban megalkotott alapt\u00f6rv\u00e9ny a magyar nemzet els\u0151 demokratikus \u00edrott alkotm\u00e1nya.<br \/>\n    Orb\u00e1n Viktor mintegy 40 perces el\u0151ad\u00e1s\u00e1ban reag\u00e1lt az el\u0151tte felsz\u00f3lal\u00f3kra is, \u00edgy p\u00e9ld\u00e1ul az egyh\u00e1z strat\u00e9gi\u00e1j\u00e1t hi\u00e1nyol\u00f3 Osztie Zolt\u00e1nnak, a Kereszt\u00e9ny \u00c9rtelmis\u00e9giek Sz\u00f6vets\u00e9ge eln\u00f6k\u00e9nek szavaira. A korm\u00e1nyf\u0151 \u00fagy fogalmazott: most, hogy Veres Andr\u00e1st megv\u00e1lasztott\u00e1k a Magyar Katolikus P\u00fcsp\u00f6ki Konferencia eln\u00f6k\u00e9v\u00e9, lesz strat\u00e9gia, de nem biztos benne, hogy abban lesz-e k\u00f6sz\u00f6net a korm\u00e1nynak.<br \/>\n    Az id\u0151k jelei c\u00edm\u0171 vitaanyagr\u00f3l a minisztereln\u00f6k azt mondta, a dokumentum joggal aspir\u00e1lhat arra, hogy a k\u00f6vetkez\u0151 t\u00edz \u00e9v &#8211; rem\u00e9nyei szerint jobboldali &#8211; korm\u00e1nyainak ir\u00e1nyt\u0171je legyen.<br \/>\n    Az Olasz Kult\u00farint\u00e9zetben, az Orsz\u00e1ggy\u0171l\u00e9s K\u00e9pvisel\u0151h\u00e1z\u00e1nak 1865-1902 k\u00f6z\u00f6tt otthont ad\u00f3t \u00e9p\u00fcletben bemutatott, Az id\u0151k jelei c\u00edm\u0171 vitaanyagban &#8211; mint azt a rendezv\u00e9nyen kiosztott sajt\u00f3anyagban \u00edrt\u00e1k &#8211; kereszt\u00e9ny \u00e9rtelmis\u00e9giek \u00e9rt\u00e9kelik &#8222;a magyar val\u00f3s\u00e1got&#8221;, &#8222;utat mutatnak a t\u00e1rsadalomnak&#8221;, sz\u00e1mba veszik az eredm\u00e9nyeket, de kritik\u00e1t is gyakorolnak, \u00e9s javaslatokat tesznek.(MTI)<\/p>\n","protected":false},"excerpt":{"rendered":"<p>Eur\u00f3p\u00e1t el\u00e1rult\u00e1k, \u00e9s ha nem \u00e1llunk ki \u00e9rte, akkor ezt az Eur\u00f3p\u00e1t el fogj\u00e1k t\u0151l\u00fcnk venni &#8211; mondta a bev\u00e1ndorl\u00e1si v\u00e1ls\u00e1gr\u00f3l sz\u00f3lva Orb\u00e1n Viktor minisztereln\u00f6k p\u00e9nteken Budapesten, Az id\u0151k jelei c\u00edm\u0171 vitaanyagot bemutat\u00f3 konferenci\u00e1n.<\/p>\n","protected":false},"author":1,"featured_media":0,"comment_status":"open","ping_status":"closed","sticky":false,"template":"","format":"standard","meta":[],"categories":[4,18],"tags":[],"_links":{"self":[{"href":"https:\/\/gazdasagportal.hu\/index.php\/wp-json\/wp\/v2\/posts\/69841"}],"collection":[{"href":"https:\/\/gazdasagportal.hu\/index.php\/wp-json\/wp\/v2\/posts"}],"about":[{"href":"https:\/\/gazdasagportal.hu\/index.php\/wp-json\/wp\/v2\/types\/post"}],"author":[{"embeddable":true,"href":"https:\/\/gazdasagportal.hu\/index.php\/wp-json\/wp\/v2\/users\/1"}],"replies":[{"embeddable":true,"href":"https:\/\/gazdasagportal.hu\/index.php\/wp-json\/wp\/v2\/comments?post=69841"}],"version-history":[{"count":1,"href":"https:\/\/gazdasagportal.hu\/index.php\/wp-json\/wp\/v2\/posts\/69841\/revisions"}],"predecessor-version":[{"id":69842,"href":"https:\/\/gazdasagportal.hu\/index.php\/wp-json\/wp\/v2\/posts\/69841\/revisions\/69842"}],"wp:attachment":[{"href":"https:\/\/gazdasagportal.hu\/index.php\/wp-json\/wp\/v2\/media?parent=69841"}],"wp:term":[{"taxonomy":"category","embeddable":true,"href":"https:\/\/gazdasagportal.hu\/index.php\/wp-json\/wp\/v2\/categories?post=69841"},{"taxonomy":"post_tag","embeddable":true,"href":"https:\/\/gazdasagportal.hu\/index.php\/wp-json\/wp\/v2\/tags?post=69841"}],"curies":[{"name":"wp","href":"https:\/\/api.w.org\/{rel}","templated":true}]}}